{"id":594274,"date":"2025-12-12T05:14:15","date_gmt":"2025-12-12T05:14:15","guid":{"rendered":"https:\/\/www.europesays.com\/fr\/594274\/"},"modified":"2025-12-12T05:14:15","modified_gmt":"2025-12-12T05:14:15","slug":"le-proces-en-appel-avant-lete-2026","status":"publish","type":"post","link":"https:\/\/www.europesays.com\/fr\/594274\/","title":{"rendered":"le proc\u00e8s en appel avant l\u2019\u00e9t\u00e9 2026 ?"},"content":{"rendered":"<p>Pas de surprise concernant <a href=\"https:\/\/www.leprogres.fr\/p\/gael-perdriau\" target=\"_blank\" rel=\"noopener\">Ga\u00ebl Perdriau<\/a> : sa condamnation tout juste prononc\u00e9e le 1er d\u00e9cembre par le tribunal correctionnel de Lyon, l\u2019ex-maire de Saint-\u00c9tienne a annonc\u00e9 son intention de faire appel \u00ab de cette d\u00e9cision totalement incompr\u00e9hensible \u00bb. L\u2019homme a toujours martel\u00e9 son innocence, il \u00e9tait logique qu\u2019il poursuive devant la juridiction sup\u00e9rieure le combat perdu en premi\u00e8re instance.<\/p>\n<p>Un autre condamn\u00e9 a suivi le chemin de l\u2019appel : <a href=\"https:\/\/www.leprogres.fr\/p\/samy-kefi-jerome\" target=\"_blank\" rel=\"noopener\">Samy K\u00e9fi-J\u00e9r\u00f4me<\/a>. L\u2019ex-adjoint \u00e0 l\u2019\u00e9ducation a pourtant reconnu au proc\u00e8s sa participation au kompromat. \u00ab <a href=\"https:\/\/www.leprogres.fr\/p\/gilles-artigues\" target=\"_blank\" rel=\"noopener\">Gilles Artigues<\/a> est une victime. J\u2019ai commis des actes graves, inadmissibles, inexcusables \u00bb avait-il conc\u00e9d\u00e9. Pourquoi, alors, s\u2019opposer \u00e0 sa condamnation ? Une piste : son avocat Me Mathias Chichportich, qui n\u2019a pas r\u00e9pondu \u00e0 nos sollicitations, avait contest\u00e9 l\u2019implication de son client concernant les 40 000 euros de fausses subventions. \u00ab La pr\u00e9vention est suffisamment lourde pour ajouter le fait qu\u2019il ait voulu s\u2019enrichir : il n\u2019a pas&#8230;<\/p>\n","protected":false},"excerpt":{"rendered":"Pas de surprise concernant Ga\u00ebl Perdriau : sa condamnation tout juste prononc\u00e9e le 1er d\u00e9cembre par le tribunal&hellip;\n","protected":false},"author":2,"featured_media":594275,"comment_status":"","ping_status":"","sticky":false,"template":"","format":"standard","meta":{"footnotes":""},"categories":[9653],"tags":[1111,11,42797,2430,271,272,7539,1777,674,274,107,1011,27,3367,12,25,4001,7538],"class_list":{"0":"post-594274","1":"post","2":"type-post","3":"status-publish","4":"format-standard","5":"has-post-thumbnail","7":"category-saint-etienne","8":"tag-actu","9":"tag-actualites","10":"tag-affaire-perdriau","11":"tag-auvergne-rhone-alpes","12":"tag-crime","13":"tag-delit-et-contravention","14":"tag-edition-loire-sud","15":"tag-eu","16":"tag-europe","17":"tag-faits-divers-justice","18":"tag-fil-info","19":"tag-fr","20":"tag-france","21":"tag-loire","22":"tag-news","23":"tag-republique-francaise","24":"tag-saint-etienne","25":"tag-saint-etienne-ville"},"share_on_mastodon":{"url":"https:\/\/pubeurope.com\/@fr\/115704893502336734","error":""},"_links":{"self":[{"href":"https:\/\/www.europesays.com\/fr\/wp-json\/wp\/v2\/posts\/594274","targetHints":{"allow":["GET"]}}],"collection":[{"href":"https:\/\/www.europesays.com\/fr\/wp-json\/wp\/v2\/posts"}],"about":[{"href":"https:\/\/www.europesays.com\/fr\/wp-json\/wp\/v2\/types\/post"}],"author":[{"embeddable":true,"href":"https:\/\/www.europesays.com\/fr\/wp-json\/wp\/v2\/users\/2"}],"replies":[{"embeddable":true,"href":"https:\/\/www.europesays.com\/fr\/wp-json\/wp\/v2\/comments?post=594274"}],"version-history":[{"count":0,"href":"https:\/\/www.europesays.com\/fr\/wp-json\/wp\/v2\/posts\/594274\/revisions"}],"wp:featuredmedia":[{"embeddable":true,"href":"https:\/\/www.europesays.com\/fr\/wp-json\/wp\/v2\/media\/594275"}],"wp:attachment":[{"href":"https:\/\/www.europesays.com\/fr\/wp-json\/wp\/v2\/media?parent=594274"}],"wp:term":[{"taxonomy":"category","embeddable":true,"href":"https:\/\/www.europesays.com\/fr\/wp-json\/wp\/v2\/categories?post=594274"},{"taxonomy":"post_tag","embeddable":true,"href":"https:\/\/www.europesays.com\/fr\/wp-json\/wp\/v2\/tags?post=594274"}],"curies":[{"name":"wp","href":"https:\/\/api.w.org\/{rel}","templated":true}]}}