{"id":594282,"date":"2025-12-12T05:23:27","date_gmt":"2025-12-12T05:23:27","guid":{"rendered":"https:\/\/www.europesays.com\/fr\/594282\/"},"modified":"2025-12-12T05:23:27","modified_gmt":"2025-12-12T05:23:27","slug":"deux-cadres-toujours-sur-le-cote-avant-la-reception-de-bath","status":"publish","type":"post","link":"https:\/\/www.europesays.com\/fr\/594282\/","title":{"rendered":"Deux cadres toujours sur le c\u00f4t\u00e9 avant la r\u00e9ception de Bath"},"content":{"rendered":"<p>Le Campus RCT a livr\u00e9 son lot de questions en milieu de semaine. David Ribbans, sanctionn\u00e9 \u00e0 \u00c9dimbourg et visiblement diminu\u00e9 par des douleurs au dos, n\u2019a pas pris part \u00e0 l\u2019entra\u00eenement collectif. Son absence interroge \u00e0 l\u2019approche du choc.<\/p>\n<p>\u00a0<\/p>\n<p>M\u00eame incertitude pour Ben White. Auteur d\u2019un doubl\u00e9 lors de son retour au pays, l\u2019international \u00e9cossais est rest\u00e9 en retrait. Les raisons n\u2019ont pas encore \u00e9t\u00e9 pr\u00e9cis\u00e9es. On en saura certainement plus vendredi \u00e0 l&rsquo;occasion de la conf\u00e9rence de presse. De quoi fixer les fans, mais surtout le staff. Ce dernier pourra tout de m\u00eame se r\u00e9jouir d&rsquo;avoir d\u00e9j\u00e0 r\u00e9cup\u00e9r\u00e9 <a href=\"https:\/\/www.quinzemondial.com\/top-14\/toulon-retournement-de-situation-pour-ollivon-821194\" target=\"_blank\" rel=\"noopener\">Charles Ollivon, d\u00e9sormais jug\u00e9 apte \u00e0 rejouer<\/a>.<\/p>\n<p>\u00a0<\/p>\n<p>Jaminet forfait, Domon toujours en convalescence<\/p>\n<p>Le coup dur est confirm\u00e9 pour Melvyn Jaminet. Touch\u00e9 \u00e0 la main droite, l\u2019arri\u00e8re international a d\u00fb subir une op\u00e9ration et sera absent plusieurs semaines. Son indisponibilit\u00e9 s\u2019ajoute \u00e0 celle de Marius Domon, victime d\u2019une fracture de la main fin octobre face \u00e0 Toulouse. Autoris\u00e9 \u00e0 reprendre la course, il n\u2019a pas encore retrouv\u00e9 les contacts et poursuit son processus de consolidation osseuse.<\/p>\n<p>Partagez cette info avec vos amis et vos proches en cliquant ici<br \/>Pour r\u00e9sumer<\/p>\n<p>Ribbans, diminu\u00e9 au dos, et White, rest\u00e9 en retrait, sont incertains avant Bath. Jaminet, op\u00e9r\u00e9 de la main, manquera plusieurs semaines, tandis que Domon poursuit sa convalescence. Une infirmerie charg\u00e9e complique la t\u00e2che du RCT en Champions Cup.<\/p>\n<p> <img decoding=\"async\" width=\"76\" height=\"76\" loading=\"lazy\" src=\"https:\/\/www.europesays.com\/fr\/wp-content\/uploads\/2025\/04\/avatar-quinze.png\" alt=\"Voldi Fr\u00e9jus\u00a0Hounvio\"\/><\/p>\n","protected":false},"excerpt":{"rendered":"Le Campus RCT a livr\u00e9 son lot de questions en milieu de semaine. David Ribbans, sanctionn\u00e9 \u00e0 \u00c9dimbourg&hellip;\n","protected":false},"author":2,"featured_media":594283,"comment_status":"","ping_status":"","sticky":false,"template":"","format":"standard","meta":{"footnotes":""},"categories":[9619],"tags":[1111,11,3460,1777,674,1011,27,12,882,25,478,2310],"class_list":{"0":"post-594282","1":"post","2":"type-post","3":"status-publish","4":"format-standard","5":"has-post-thumbnail","7":"category-toulon","8":"tag-actu","9":"tag-actualites","10":"tag-champions-cup","11":"tag-eu","12":"tag-europe","13":"tag-fr","14":"tag-france","15":"tag-news","16":"tag-provence-alpes-cote-dazur","17":"tag-republique-francaise","18":"tag-top-14","19":"tag-toulon"},"share_on_mastodon":{"url":"https:\/\/pubeurope.com\/@fr\/115704930823588756","error":""},"_links":{"self":[{"href":"https:\/\/www.europesays.com\/fr\/wp-json\/wp\/v2\/posts\/594282","targetHints":{"allow":["GET"]}}],"collection":[{"href":"https:\/\/www.europesays.com\/fr\/wp-json\/wp\/v2\/posts"}],"about":[{"href":"https:\/\/www.europesays.com\/fr\/wp-json\/wp\/v2\/types\/post"}],"author":[{"embeddable":true,"href":"https:\/\/www.europesays.com\/fr\/wp-json\/wp\/v2\/users\/2"}],"replies":[{"embeddable":true,"href":"https:\/\/www.europesays.com\/fr\/wp-json\/wp\/v2\/comments?post=594282"}],"version-history":[{"count":0,"href":"https:\/\/www.europesays.com\/fr\/wp-json\/wp\/v2\/posts\/594282\/revisions"}],"wp:featuredmedia":[{"embeddable":true,"href":"https:\/\/www.europesays.com\/fr\/wp-json\/wp\/v2\/media\/594283"}],"wp:attachment":[{"href":"https:\/\/www.europesays.com\/fr\/wp-json\/wp\/v2\/media?parent=594282"}],"wp:term":[{"taxonomy":"category","embeddable":true,"href":"https:\/\/www.europesays.com\/fr\/wp-json\/wp\/v2\/categories?post=594282"},{"taxonomy":"post_tag","embeddable":true,"href":"https:\/\/www.europesays.com\/fr\/wp-json\/wp\/v2\/tags?post=594282"}],"curies":[{"name":"wp","href":"https:\/\/api.w.org\/{rel}","templated":true}]}}