{"id":594284,"date":"2025-12-12T05:25:27","date_gmt":"2025-12-12T05:25:27","guid":{"rendered":"https:\/\/www.europesays.com\/fr\/594284\/"},"modified":"2025-12-12T05:25:27","modified_gmt":"2025-12-12T05:25:27","slug":"un-livre-immersif-sur-la-ferveur-des-fetes-votives-camarguaises","status":"publish","type":"post","link":"https:\/\/www.europesays.com\/fr\/594284\/","title":{"rendered":"Un livre immersif sur la ferveur des f\u00eates votives camarguaises"},"content":{"rendered":"<p>Les \u00c9ditions Gami d\u00e9voilent Bandes, un ouvrage photographique ambitieux consacr\u00e9 aux f\u00eates votives de Camargue. Du matin \u00e0 la fin de la nuit, ces f\u00eates r\u00e9unissent bandes de jeunes, manadiers, aficionados, familles et amis autour d\u2019un symbole f\u00e9d\u00e9rateur : le taureau.<\/p>\n<p>Dans ce livre grand format de 128 pages, le photographe Laurent Vilarem pr\u00e9sente 103 clich\u00e9s (couleurs et noir et blanc), r\u00e9alis\u00e9s au fil de la saison taurine, de mars \u00e0 novembre. Son regard attentif capte aussi bien l\u2019intensit\u00e9 des moments d\u2019action que les instants plus intimes qui fa\u00e7onnent la culture taurine. Laurent, Montpelli\u00e9rain d\u2019adoption, s\u2019affirme ici comme un portraitiste du territoire, dont la pr\u00e9sence discr\u00e8te laisse place \u00e0 une photographie profond\u00e9ment humaine.<\/p>\n<p><b>Signature ce samedi chez Agn\u00e8s B<\/b><\/p>\n<p>Les textes de Numa Grenan, journaliste radio et auteur originaire du Grau-du-Roi, viennent \u00e9clairer l\u2019origine et l\u2019esprit de ces f\u00eates. Nourri de son exp\u00e9rience personnelle et de ses travaux autour des cultures populaires, il apporte un r\u00e9cit sensible et document\u00e9 sur ce qui fait la particularit\u00e9 des rassemblements camarguais.<\/p>\n<p>Avec Bandes, la jeune maison Gami, fond\u00e9e en 2024 \u00e0 Montpellier, confirme son ambition de soutenir des projets graphiques forts et de valoriser une fabrication fran\u00e7aise exigeante. L\u2019ouvrage b\u00e9n\u00e9ficie d\u2019une impression soign\u00e9e en offset, d\u2019une couverture rigide et d\u2019une jaquette, dans un format g\u00e9n\u00e9reux (240 \u00d7 340 mm) qui sert pleinement la puissance visuelle des images.<\/p>\n<p>Rendez-vous ce samedi 13 d\u00e9cembre \u00e0 16 h chez Agn\u00e8s B (14, rue Foch) pour une s\u00e9ance de signature du livre, avec le photographe.<\/p>\n<p><b>Le Concours de soupe de retour ce mardi<\/b><\/p>\n<p>Avis aux chefs en herbe, aux gourmands et aux habitants ! Le Concours de soupe des Arceaux revient cette ann\u00e9e pour la grande f\u00eate de fin d\u2019ann\u00e9e pr\u00e9vue le mardi 16 d\u00e9cembre.<\/p>\n<p>D\u00e8s 17 h, les participants pourront installer leur stand et mettre leurs marmites \u00e0 chauffer. Les r\u00e8gles sont simples : chaque candidat apporte cinq litres de soupe maison, son propre r\u00e9chaud, et s\u2019installe sur place. Tables, chaises et prises \u00e9lectriques seront mises \u00e0 disposition.<\/p>\n<p>La d\u00e9gustation, gratuite et ouverte \u00e0 toutes et tous, d\u00e9butera \u00e0 18 h. Une heure pour d\u00e9couvrir la diversit\u00e9 culinaire imagin\u00e9e par les habitants du quartier, souvent tr\u00e8s inspir\u00e9s lorsqu\u2019il s\u2019agit de revisiter la soupe traditionnelle.<\/p>\n<p>\u00c0 19 h, le public sera invit\u00e9 \u00e0 voter pour sa recette pr\u00e9f\u00e9r\u00e9e. Le grand gagnant repartira avec la tr\u00e8s convoit\u00e9e Louche d\u2019Or, symbole officiel du maestro du potage version Arceaux.<\/p>\n<p>Pour celles et ceux qui souhaitent participer, l\u2019inscription se fait en rejoignant le groupe WhatsApp d\u00e9di\u00e9.<\/p>\n<p>Il sera \u00e9galement possible de s\u2019inscrire directement sur place le jour de l\u2019\u00e9v\u00e9nement.<\/p>\n<p>Les d\u00e9gustateurs pourront profiter de bols fournis par l\u2019association Ava, mis \u00e0 disposition des concurrents pour la vente de portions : 10 \u20ac pour les non-adh\u00e9rents, 5 \u20ac pour les adh\u00e9rents.<\/p>\n<p>Ambiance chaleureuse, d\u00e9corations de No\u00ebl et convivialit\u00e9 assur\u00e9es : un moment parfait pour se r\u00e9chauffer\u2026 et r\u00e9galer les papilles. Rendez-vous sous les Arceaux pour d\u00e9couvrir qui d\u00e9crochera cette ann\u00e9e la Louche d\u2019or.<\/p>\n","protected":false},"excerpt":{"rendered":"Les \u00c9ditions Gami d\u00e9voilent Bandes, un ouvrage photographique ambitieux consacr\u00e9 aux f\u00eates votives de Camargue. Du matin \u00e0&hellip;\n","protected":false},"author":2,"featured_media":594285,"comment_status":"","ping_status":"","sticky":false,"template":"","format":"standard","meta":{"footnotes":""},"categories":[9599],"tags":[1111,11,872,1777,674,1011,27,7089,2624,2208,12,2680,25],"class_list":{"0":"post-594284","1":"post","2":"type-post","3":"status-publish","4":"format-standard","5":"has-post-thumbnail","7":"category-montpellier","8":"tag-actu","9":"tag-actualites","10":"tag-culture-et-loisirs","11":"tag-eu","12":"tag-europe","13":"tag-fr","14":"tag-france","15":"tag-herault","16":"tag-littu00e9rature","17":"tag-montpellier","18":"tag-news","19":"tag-occitanie","20":"tag-republique-francaise"},"share_on_mastodon":{"url":"https:\/\/pubeurope.com\/@fr\/115704936696506879","error":""},"_links":{"self":[{"href":"https:\/\/www.europesays.com\/fr\/wp-json\/wp\/v2\/posts\/594284","targetHints":{"allow":["GET"]}}],"collection":[{"href":"https:\/\/www.europesays.com\/fr\/wp-json\/wp\/v2\/posts"}],"about":[{"href":"https:\/\/www.europesays.com\/fr\/wp-json\/wp\/v2\/types\/post"}],"author":[{"embeddable":true,"href":"https:\/\/www.europesays.com\/fr\/wp-json\/wp\/v2\/users\/2"}],"replies":[{"embeddable":true,"href":"https:\/\/www.europesays.com\/fr\/wp-json\/wp\/v2\/comments?post=594284"}],"version-history":[{"count":0,"href":"https:\/\/www.europesays.com\/fr\/wp-json\/wp\/v2\/posts\/594284\/revisions"}],"wp:featuredmedia":[{"embeddable":true,"href":"https:\/\/www.europesays.com\/fr\/wp-json\/wp\/v2\/media\/594285"}],"wp:attachment":[{"href":"https:\/\/www.europesays.com\/fr\/wp-json\/wp\/v2\/media?parent=594284"}],"wp:term":[{"taxonomy":"category","embeddable":true,"href":"https:\/\/www.europesays.com\/fr\/wp-json\/wp\/v2\/categories?post=594284"},{"taxonomy":"post_tag","embeddable":true,"href":"https:\/\/www.europesays.com\/fr\/wp-json\/wp\/v2\/tags?post=594284"}],"curies":[{"name":"wp","href":"https:\/\/api.w.org\/{rel}","templated":true}]}}