{"id":594301,"date":"2025-12-12T05:38:21","date_gmt":"2025-12-12T05:38:21","guid":{"rendered":"https:\/\/www.europesays.com\/fr\/594301\/"},"modified":"2025-12-12T05:38:21","modified_gmt":"2025-12-12T05:38:21","slug":"dcf-cote-dazur-emma-court-confirme","status":"publish","type":"post","link":"https:\/\/www.europesays.com\/fr\/594301\/","title":{"rendered":"DCF C\u00f4te d&rsquo;Azur, Emma Court confirme"},"content":{"rendered":"<p melodystyle=\"\">Emma Court, que l\u2019on d\u00e9crit comme discr\u00e8te, mais dynamique et rigoureuse, \u00e9tait secr\u00e9taire g\u00e9n\u00e9rale du collectif azur\u00e9en depuis fin 2024. Mi-2025, elle rempla\u00e7ait au pied lev\u00e9 Nathalie Le M\u00e9nach (d\u00e9missionnaire \u00e0 quelques mois du d\u00e9but de son mandat pour raisons professionnelles) pour reprendre la pr\u00e9sidence par int\u00e9rim, soutenue par son bureau et notamment Natacha Freneaux, actuelle pr\u00e9sidente r\u00e9gionale des DCF et past-pr\u00e9sidente de l\u2019antenne C\u00f4te d\u2019Azur, et de Michel Bouthiba, \u00e9galement past-pr\u00e9sident et toujours investi \u00e0 200%.<\/p>\n<p>Dynamique et partage<\/p>\n<p melodystyle=\"\">C\u2019est dans leur fief ni\u00e7ois de l\u2019Aston La Scala que les Directeurs Commerciaux de France C\u00f4te d\u2019Azur ont mitonn\u00e9 leur soir\u00e9e de passation, en pr\u00e9sence des adh\u00e9rents, des partenaires, et de trois invit\u00e9s d\u2019honneur, Marcel Ragni (UIMM C\u00f4te d\u2019Azur Corse), Franck Cannata (UPE 06) et Laurent Lachkar (CCI Nice C\u00f4te d\u2019Azur). Au menu, pr\u00e9sentation du nouveau bureau et de la programmation 2026 pour un mandat ambitieux dans un r\u00e9seau engag\u00e9 qui aura d\u00e9but\u00e9 par une \u00e9norme fiesta pour f\u00eater la fin d\u2019une ann\u00e9e prolixe : \u00ab\u00a0en 2025, notre r\u00e9seau a connu de tr\u00e8s grands moments, confirme Emma Court, qui t\u00e9moignent de notre vitalit\u00e9 azur\u00e9enne.\u00a0\u00bb Soir\u00e9e des D\u00e9cideurs au Circ\u00e9e, \u00ab\u00a0un rendez-vous devenu incontournable\u00ab\u00a0, DCF Awards \u00e0 La Vague de Saint-Paul \u00ab\u00a0pour mettre en lumi\u00e8re l\u2019excellence commerciale locale de nos entreprises\u00ab\u00a0, des visites \u00e0 domicile (cette ann\u00e9e Maisons Galimard et Orsteel) \u00ab\u00a0pour des moments privil\u00e9gi\u00e9s de d\u00e9couverte et de partage\u00ab\u00a0, mais aussi deux \u00e9vents-phares au niveau national, DCF Challenge et Journ\u00e9e C-Day du talent commercial, auxquels les Azur\u00e9ens ont apport\u00e9 leur concours et leur motivation.\u00a0<\/p>\n<p>\u00ab\u00a0Engagement, partage, \u00e9changes et dynamisme\u00a0\u00bb<\/p>\n<p melodystyle=\"\">Rappel des valeurs avant d\u2019enclencher \u00ab\u00a0les bases d\u2019un mandat fort\u00a0\u00bb pour Emma Court. \u00ab\u00a0Avec quatre orientations majeures, le renforcement du r\u00e9seau et des \u00e9changes, la promotion de la fonction commerciale, la dynamisation de nos actions et surtout, l\u2019\u00e9largissement de notre r\u00e9seau aux dirigeants d\u2019entreprises.\u00a0\u00bb C\u2019est sur ce dernier axe qu\u2019Emma Court veut marquer son mandat, \u00ab\u00a0avec pour objectif de cr\u00e9er plus de passerelles entre dirigeants et directeurs commerciaux, pour renforcer la strat\u00e9gie globale de l\u2019entreprise.\u00a0\u00bb Et du r\u00e9seau.<\/p>\n<p melodystyle=\"\">Pour l\u2019\u00e9pauler dans cette ouverture affirm\u00e9e, Natacha Freneaux bien s\u00fbr, vice-pr\u00e9sidente DCF Challenge et Awards au niveau national en plus de ses fonctions r\u00e9gionales.<\/p>\n<p>La nouvelle \u00e9quipe<\/p>\n<p melodystyle=\"\">Pas de mercato extr\u00eame du c\u00f4t\u00e9 de la garde rapproch\u00e9e pr\u00e9sidentielle : Caroline Legrand (secr\u00e9taire g\u00e9n\u00e9rale), Sandrine Julien (vice-pr\u00e9sidente), Siegfried Haack (vice-pr\u00e9sident) et Tatevik Ozararat (tr\u00e9sori\u00e8re). En \u00e9largissant au CODIR, on retrouve Natacha Freneaux, Michel Bouthiba, Laurence Bromberg et Eric Desandre, et c\u00f4t\u00e9 comit\u00e9 de pilotage, sont convi\u00e9s Alexandra Zulian (commission DCF Awards), Florent Lef\u00e8bvre (C-Day), Sandrine Julien (commission des 70 ans) et Jocelyne Launey (commission accueil). Pour Emma Court, \u00ab\u00a0une formidable \u00e9quipe, avec qui j\u2019ai h\u00e2te de commencer mon travail.\u00a0\u00bb<\/p>\n<p melodystyle=\"\">Prochain grand rendez-vous pour la tribu DCF : la grande finale des DCF Awards, le 8 janvier \u00e0 Paris, avec pour repr\u00e9senter la C\u00f4te d\u2019Azur le groupe Nice-Matin dans la cat\u00e9gorie ETI. Et pour les Azur\u00e9ens, pour les traditionnels v\u0153ux chez Marcel Ragni, un fid\u00e8le\u2026<\/p>\n<p><img width=\"640\" height=\"480\" src=\"https:\/\/www.europesays.com\/fr\/wp-content\/uploads\/2025\/12\/dcf-cote-d-azur-emma-court-confirme-2-1-1024x768.jpg\" class=\"attachment-large size-large\" alt=\"dcf cote d azur emma court confirme 2 1\" decoding=\"async\" loading=\"lazy\"  \/><\/p>\n","protected":false},"excerpt":{"rendered":"Emma Court, que l\u2019on d\u00e9crit comme discr\u00e8te, mais dynamique et rigoureuse, \u00e9tait secr\u00e9taire g\u00e9n\u00e9rale du collectif azur\u00e9en depuis&hellip;\n","protected":false},"author":2,"featured_media":594302,"comment_status":"","ping_status":"","sticky":false,"template":"","format":"standard","meta":{"footnotes":""},"categories":[2819],"tags":[1111,11,1777,674,1011,27,12,2401,882,25],"class_list":{"0":"post-594301","1":"post","2":"type-post","3":"status-publish","4":"format-standard","5":"has-post-thumbnail","7":"category-nice","8":"tag-actu","9":"tag-actualites","10":"tag-eu","11":"tag-europe","12":"tag-fr","13":"tag-france","14":"tag-news","15":"tag-nice","16":"tag-provence-alpes-cote-dazur","17":"tag-republique-francaise"},"share_on_mastodon":{"url":"https:\/\/pubeurope.com\/@fr\/115704989486138738","error":""},"_links":{"self":[{"href":"https:\/\/www.europesays.com\/fr\/wp-json\/wp\/v2\/posts\/594301","targetHints":{"allow":["GET"]}}],"collection":[{"href":"https:\/\/www.europesays.com\/fr\/wp-json\/wp\/v2\/posts"}],"about":[{"href":"https:\/\/www.europesays.com\/fr\/wp-json\/wp\/v2\/types\/post"}],"author":[{"embeddable":true,"href":"https:\/\/www.europesays.com\/fr\/wp-json\/wp\/v2\/users\/2"}],"replies":[{"embeddable":true,"href":"https:\/\/www.europesays.com\/fr\/wp-json\/wp\/v2\/comments?post=594301"}],"version-history":[{"count":0,"href":"https:\/\/www.europesays.com\/fr\/wp-json\/wp\/v2\/posts\/594301\/revisions"}],"wp:featuredmedia":[{"embeddable":true,"href":"https:\/\/www.europesays.com\/fr\/wp-json\/wp\/v2\/media\/594302"}],"wp:attachment":[{"href":"https:\/\/www.europesays.com\/fr\/wp-json\/wp\/v2\/media?parent=594301"}],"wp:term":[{"taxonomy":"category","embeddable":true,"href":"https:\/\/www.europesays.com\/fr\/wp-json\/wp\/v2\/categories?post=594301"},{"taxonomy":"post_tag","embeddable":true,"href":"https:\/\/www.europesays.com\/fr\/wp-json\/wp\/v2\/tags?post=594301"}],"curies":[{"name":"wp","href":"https:\/\/api.w.org\/{rel}","templated":true}]}}