{"id":594303,"date":"2025-12-12T05:39:18","date_gmt":"2025-12-12T05:39:18","guid":{"rendered":"https:\/\/www.europesays.com\/fr\/594303\/"},"modified":"2025-12-12T05:39:18","modified_gmt":"2025-12-12T05:39:18","slug":"nice-les-compos-probables-4","status":"publish","type":"post","link":"https:\/\/www.europesays.com\/fr\/594303\/","title":{"rendered":"Nice : les compos probables"},"content":{"rendered":"<p>Sur une s\u00e9rie dingue de cinq victoires cons\u00e9cutives, Lens m\u00e8ne la vie dure au PSG et est actuellement leader de Ligue 1. Mais il le sait, pour tenir le coup sur la dur\u00e9e face aux Parisiens en championnat, il faut se pr\u00e9parer \u00e0 un long marathon. Une nouvelle \u00e9tape de celui-ci a lieu ce week-end avec la r\u00e9ception de Nice. Si les Ni\u00e7ois semblent au fond du trou, attention \u00e0 l&rsquo;orgueil de la b\u00eate bless\u00e9e, d&rsquo;autant plus que le Gym, entra\u00een\u00e9 par Franck Haise qui conna\u00eet on ne peut mieux le Racing, est la b\u00eate noire des Sang et Or ces derni\u00e8res ann\u00e9es. La rencontre sera \u00e0 suivre ce dimanche \u00e0 17h15, sur Ligue 1+.<\/p>\n<p>Les compos probables<\/p>\n<p><strong>Lens<\/strong> : Risser &#8211; Ganiou, Baidoo, Sarr &#8211; Aguilar, Thomasson, Sangar\u00e9, Udol &#8211; Thauvin, Sa\u00efd &#8211; \u00c9douard<\/p>\n<p><strong>Nice<\/strong> : Diouf &#8211; Mendy, Oppong, Bard &#8211; Clauss, Abdul Samed, Vanhoutte, Abdi &#8211; Diop &#8211; Kevin Carlos, Cho<\/p>\n<p>   Partagez cette info avec vos amis et vos proches en cliquant ici<br \/> Pour r\u00e9sumer<\/p>\n<p>Lens, leader et sur cinq victoires cons\u00e9cutives, re\u00e7oit Nice ce week-end. Malgr\u00e9 la forme fragile des Ni\u00e7ois, le Gym, dirig\u00e9 par Haise, reste une b\u00eate noire pour les Sang et Or, qui doivent rester vigilants pour continuer leur marathon en t\u00eate de Ligue 1.<\/p>\n<p>R\u00e9dacteur<\/p>\n<p><img decoding=\"async\" width=\"76\" height=\"76\" loading=\"lazy\" src=\"https:\/\/www.europesays.com\/fr\/wp-content\/uploads\/2025\/04\/avatar-onze.webp.webp\" alt=\"Nathan Bricout\"\/><\/p>\n","protected":false},"excerpt":{"rendered":"Sur une s\u00e9rie dingue de cinq victoires cons\u00e9cutives, Lens m\u00e8ne la vie dure au PSG et est actuellement&hellip;\n","protected":false},"author":2,"featured_media":594304,"comment_status":"","ping_status":"","sticky":false,"template":"","format":"standard","meta":{"footnotes":""},"categories":[2819],"tags":[1111,11,1777,674,1011,27,66,12,2401,882,25],"class_list":{"0":"post-594303","1":"post","2":"type-post","3":"status-publish","4":"format-standard","5":"has-post-thumbnail","7":"category-nice","8":"tag-actu","9":"tag-actualites","10":"tag-eu","11":"tag-europe","12":"tag-fr","13":"tag-france","14":"tag-ligue-1","15":"tag-news","16":"tag-nice","17":"tag-provence-alpes-cote-dazur","18":"tag-republique-francaise"},"share_on_mastodon":{"url":"https:\/\/pubeurope.com\/@fr\/115704993069674927","error":""},"_links":{"self":[{"href":"https:\/\/www.europesays.com\/fr\/wp-json\/wp\/v2\/posts\/594303","targetHints":{"allow":["GET"]}}],"collection":[{"href":"https:\/\/www.europesays.com\/fr\/wp-json\/wp\/v2\/posts"}],"about":[{"href":"https:\/\/www.europesays.com\/fr\/wp-json\/wp\/v2\/types\/post"}],"author":[{"embeddable":true,"href":"https:\/\/www.europesays.com\/fr\/wp-json\/wp\/v2\/users\/2"}],"replies":[{"embeddable":true,"href":"https:\/\/www.europesays.com\/fr\/wp-json\/wp\/v2\/comments?post=594303"}],"version-history":[{"count":0,"href":"https:\/\/www.europesays.com\/fr\/wp-json\/wp\/v2\/posts\/594303\/revisions"}],"wp:featuredmedia":[{"embeddable":true,"href":"https:\/\/www.europesays.com\/fr\/wp-json\/wp\/v2\/media\/594304"}],"wp:attachment":[{"href":"https:\/\/www.europesays.com\/fr\/wp-json\/wp\/v2\/media?parent=594303"}],"wp:term":[{"taxonomy":"category","embeddable":true,"href":"https:\/\/www.europesays.com\/fr\/wp-json\/wp\/v2\/categories?post=594303"},{"taxonomy":"post_tag","embeddable":true,"href":"https:\/\/www.europesays.com\/fr\/wp-json\/wp\/v2\/tags?post=594303"}],"curies":[{"name":"wp","href":"https:\/\/api.w.org\/{rel}","templated":true}]}}