{"id":594311,"date":"2025-12-12T05:45:39","date_gmt":"2025-12-12T05:45:39","guid":{"rendered":"https:\/\/www.europesays.com\/fr\/594311\/"},"modified":"2025-12-12T05:45:39","modified_gmt":"2025-12-12T05:45:39","slug":"avec-laeroport-de-bordeaux-e-cho-veut-bruler-des-forets-pour-faire-voler-des-avions","status":"publish","type":"post","link":"https:\/\/www.europesays.com\/fr\/594311\/","title":{"rendered":"Avec l&rsquo;a\u00e9roport de Bordeaux, E-CHO veut \u00ab\u00a0br\u00fbler des for\u00eats pour faire voler des avions\u00a0\u00bb"},"content":{"rendered":"<p class=\"wp-block-post-excerpt__excerpt\">Une manifestation s\u2019est d\u00e9roul\u00e9e ce jeudi 11 d\u00e9cembre devant l\u2019a\u00e9roport de Bordeaux pour d\u00e9noncer le partenariat entre celui-ci et Elyse Energy, une entreprise qui porte un projet d\u2019usine de production de k\u00e9ros\u00e8ne \u00e0 partir de biomasse foresti\u00e8re. Ses opposants y voient une menace pour la for\u00eat et la la fili\u00e8re bois locales, l\u2019a\u00e9roport une alternative aux \u00e9nergies fossiles. <\/p>\n<p><a href=\"https:\/\/rue89bordeaux.com\/category\/kiosque-abonne\/\" rel=\"tag noopener\" target=\"_blank\">\u00c9dition abonn\u00e9s<\/a>, <a href=\"https:\/\/rue89bordeaux.com\/category\/reportage\/\" rel=\"tag noopener\" target=\"_blank\">Reportage<\/a><\/p>\n<p>Simon Barth\u00e9l\u00e9my<\/p>\n<p>Publi\u00e9 le 12 d\u00e9cembre 2025\u00a0\u00a0\u00b7\u00a0\u00a0<\/p>\n<p>Imprim\u00e9 le 12 d\u00e9cembre 2025 \u00e0 06h45\u00a0\u00a0\u00b7\u00a0\u00a0<\/p>\n<p>\t\t\t\t\t5\u00a0minutes\n<\/p>\n<p>\u00ab\u00a0Qui veut des billets pour l\u2019aviation du futur\u00a0?\u00a0\u00bb Devant l\u2019entr\u00e9e de l\u2019a\u00e9roport de Bordeaux, une trentaine de manifestants couverts de branches de buis h\u00e8lent des passagers incr\u00e9dules, et leur distribuent des tracts en forme des tickets. \u00ab\u00a0Avion vert, for\u00eats dans le rouge\u00a0!\u00a0\u00bb et \u00ab\u00a0From\u00a0: Bordeaux to\u00a0: Dans le mur\u00a0\u00bb, peut-on y lire. <\/p>\n<p>Venus du B\u00e9arn, du Sud Gironde ou de Bordeaux, ces militants du collectif For\u00eats Vivantes Pyr\u00e9n\u00e9es, de Greenpeace ou de la Sepanso expriment ainsi leur col\u00e8re contre le projet E-CHO, et le partenariat nou\u00e9 entre Bordeaux A\u00e9roport et Elyse Energy. <\/p>\n<p>Cette PME lyonnaise, sans exp\u00e9rience pr\u00e9alable dans la fili\u00e8re, envisage de construire \u00e0 Lacq, pr\u00e8s de Pau, trois usines de production de \u00ab\u00a0biocarburants\u00a0\u00bb, dont une de \u00ab\u00a0e-bio-k\u00e9ros\u00e8ne\u00a0\u00bb \u2013 un carburant fabriqu\u00e9 \u00e0 partir du carbone r\u00e9cup\u00e9r\u00e9 en br\u00fblant du bois d\u2019un c\u00f4t\u00e9, et en produisant de l\u2019hydrog\u00e8ne de l\u2019autre. Cette unit\u00e9 pourrait fournir 1,5% des besoins fran\u00e7ais en k\u00e9ros\u00e8ne.<\/p>\n<p>\t\t\u00ab\u00a0Juste une catastrophe\u00a0\u00bb<\/p>\n<p>Ces carburants d\u2019aviation durables (CAD) sont pr\u00e9sent\u00e9s comme \u00ab\u00a0bas carbone\u00a0\u00bb car ils sont cens\u00e9s \u00e9mettre 70% de gaz \u00e0 effet de serre en moins que les \u00e9nergies fossiles, selon les crit\u00e8res de la directive europ\u00e9enne sur les \u00e9nergies renouvelables. Celle-ci fixe aux a\u00e9roports europ\u00e9ens l\u2019obligation de fonctionner avec 70% de ces CAD d\u2019ici 2050.  <\/p>\n<p>Pour s\u2019y plier,<a href=\"https:\/\/elyse.energy\/laeroport-de-bordeaux-et-elyse-energy-sassocient-pour-developper-la-filiere-de-carburants-daviation-durables-en-nouvelle-aquitaine\" target=\"_blank\" rel=\"noreferrer noopener\"> l\u2019a\u00e9roport de Bordeaux est ainsi devenu partenaire officiel d\u2019E-CHO<\/a>, et Elyse Energy le pr\u00e9sente comme \u00ab\u00a0futur client\u00a0\u00bb pour ses 87000 tonnes de k\u00e9ros\u00e8ne, soit l\u2019\u00e9quivalent de la consommation actuelle de la plateforme. <\/p>\n<p>Sur ses r\u00e9seaux sociaux, Bordeaux-M\u00e9rignac se targue d\u2019\u00eatre le \u00ab\u00a0premier a\u00e9roport r\u00e9gional \u00e0 proposer une offre permanente de carburants d\u2019aviation durables (CAD) depuis 2022\u00a0\u00ab\u00a0, ainsi qu\u2019un \u00ab\u00a0acteur d\u00e9termin\u00e9 de la cr\u00e9ation d\u2019une fili\u00e8re r\u00e9gionale de biocarburants\u00a0\u00bb. Ce qui explique les critiques des opposants au projet, parmi lesquels se trouvent\u2026 un ancien directeur d\u2019a\u00e9roport, celui de Biarritz.<\/p>\n<blockquote class=\"wp-block-quote is-layout-flow wp-block-quote-is-layout-flow\">\n<p>\u00ab\u00a0Les CAD, c\u2019est juste une catastrophe, l\u00e2che ainsi Didier Rich\u00e9. Le bilan carbone ne sera pas meilleur \u00e0 la fin, au contraire : selon les estimations du Shift Project, si on int\u00e8gre la disparition de puits de carbone ainsi caus\u00e9e, il sera n\u00e9gatif de 100 \u00e0 400000 tonnes de gaz \u00e0 effet de serre. Avec des risques sur la biodiversit\u00e9 des for\u00eats, donc la vie elle-m\u00eame, tout \u00e7a pour<a href=\"https:\/\/www.carbone4.com\/analyse-faq-aviation-climat\" target=\"_blank\" rel=\"noopener\"> faire voler une minorit\u00e9 de privil\u00e9gi\u00e9s<\/a>.\u00a0\u00bb<\/p>\n<\/blockquote>\n<p>\t\tGreenwashing<\/p>\n<p>\u00ab\u00a0Bordeaux <a href=\"https:\/\/rue89bordeaux.com\/2021\/10\/en-zone-de-turbulence-aeroport-de-bordeaux-merignac-se-dote-dune-vitrine-verte\/\" target=\"_blank\" rel=\"noreferrer noopener\">se positionne comme un a\u00e9roport \u00e9colo<\/a> [NDLR : il affirme par exemple vouloir \u00ab\u00a0r\u00e9duire de 40% ses \u00e9missions de CO2\u00a0\u00bb d\u2019ici 2027] mais c\u2019est du pur greenwashing\u00a0\u00bb, estime donc Solal Bordenave, de For\u00eats Vivantes Pyr\u00e9n\u00e9es. Il \u00e9num\u00e8re les donn\u00e9es alarmantes sur le projet E-CHO : l\u2019usine consommera autant d\u2019\u00e9lectricit\u00e9 que tout le d\u00e9partement des Pyr\u00e9n\u00e9es-Atlantique et utilisera autant d\u2019eau qu\u2019une ville de 60000 habitants. <\/p>\n<p>Il n\u00e9cessitera 500000 tonnes de biomasse par an, dont un tiers d\u2019arbres abattus expr\u00e8s \u2013 le double de la surface des coupe-rases dans les Landes -, et deux tiers de sous-produits des fili\u00e8res bois et agricoles, collect\u00e9s \u00e0 200 kilom\u00e8tres \u00e0 la ronde, soit l\u2019ensemble du massif, Gironde comprise.<\/p>\n<p>Lisez la suite pour 1\u20ac<\/p>\n<p>En profitant de notre offre d\u2019essai, r\u00e9siliable en ligne \u00e0 tout moment.<\/p>\n<p><strong>Pour acc\u00e9der \u00e0 cet article, il faut \u00eatre abonn\u00e9. Pourquoi\u00a0?<\/strong><\/p>\n<p>Les informations exclusives, les enqu\u00eates et certains reportages constituent l\u2019\u00e9dition abonn\u00e9s de Rue89 Bordeaux. En tant que m\u00e9dia ind\u00e9pendant, nos ressources proviennent de nos lectrices et lecteurs abonn\u00e9s, aucun milliardaire ni groupe bancaire ne nous finance.<\/p>\n<p>Nous demandons \u00e0 nos lecteurs une faible contribution pour disposer \u00e0 Bordeaux d\u2019un m\u00e9dia critique des pouvoirs, capable d\u2019enqu\u00eater et de traiter les enjeux locaux en profondeur et dans la dur\u00e9e.<\/p>\n<p>Chaque abonnement compte. Toutes nos recettes sont investies dans un journalisme local ind\u00e9pendant, dont la force et la r\u00e9activit\u00e9 d\u00e9pend directement du nombre d\u2019abonn\u00e9s actifs.<\/p>\n<p class=\"has-text-align-right\"><strong><a href=\"https:\/\/rue89bordeaux.com\/?p=128375\" data-type=\"page\" data-id=\"0\" target=\"_blank\" rel=\"noopener\">Je m\u2019abonne\u00a0 <\/a><\/strong><\/p>\n<p>\t\t\t<a href=\"https:\/\/rue89bordeaux.com\/\" class=\"custom-logo-link\" rel=\"home noopener\" target=\"_blank\"><img loading=\"lazy\" decoding=\"async\" width=\"290\" height=\"49\" src=\"https:\/\/www.europesays.com\/fr\/wp-content\/uploads\/2025\/04\/logo.png\" class=\"custom-logo\" alt=\"Rue89Bordeaux Enqu\u00eates et informations de proximit\u00e9\"  \/><\/a><\/p>\n<p>\n\t\t\t\tAbonnez-vous maintenant pour suivre l\u2019actualit\u00e9 locale.\t\t\t<\/p>\n<p class=\"font-bold font-serif-heading mb-2 text-4xl\">\n\t\t\t\t\t\tL\u2019investigation locale \u00e0 port\u00e9e de main.\n\t\t\t\t\t<\/p>\n<p>\n\t\t\t\t\t\tAbonnez-vous et profitez d\u2019un acc\u00e8s illimit\u00e9 \u00e0 Rue89Bordeaux. Annulez quand vous voulez.\n\t\t\t\t\t<\/p>\n<p class=\"xl:text-sm\">\n\t\t\t\t\tD\u00e9j\u00e0 abonn\u00e9\u00a0?<br \/>\n\t\t\t\t\t<a class=\"border border-transparent text-center transition-colors duration-instant focus:border-info focus:rounded focus:shadow-focus cursor-pointer text-black hover:text-gray-700 active:bg-black-700 font-semibold inline-block\" href=\"https:\/\/rue89bordeaux.com\/user\/login\/?redirect=\/2025\/12\/avec-laeroport-de-bordeaux-e-cho-veut-bruler-des-forets-pour-faire-voler-des-avions\/\" target=\"_blank\" rel=\"noopener\">Connectez-vous<\/a>\t\t\t\t<\/p>\n<p>\n\t\t\t\tChoisissez votre formule\u00a0:\n\t\t\t<\/p>\n<p>\t\t\t\tFermer<\/p>\n","protected":false},"excerpt":{"rendered":"Une manifestation s\u2019est d\u00e9roul\u00e9e ce jeudi 11 d\u00e9cembre devant l\u2019a\u00e9roport de Bordeaux pour d\u00e9noncer le partenariat entre celui-ci&hellip;\n","protected":false},"author":2,"featured_media":594312,"comment_status":"","ping_status":"","sticky":false,"template":"","format":"standard","meta":{"footnotes":""},"categories":[2817],"tags":[1111,11,70719,70720,7182,1997,893,1777,674,70721,1011,27,12,2219,25],"class_list":{"0":"post-594311","1":"post","2":"type-post","3":"status-publish","4":"format-standard","5":"has-post-thumbnail","7":"category-bordeaux","8":"tag-actu","9":"tag-actualites","10":"tag-aeroport-de-bordeaux-merignac","11":"tag-agrocarburants","12":"tag-aviation","13":"tag-bordeaux","14":"tag-energie","15":"tag-eu","16":"tag-europe","17":"tag-foret-des-landes-de-gascogne","18":"tag-fr","19":"tag-france","20":"tag-news","21":"tag-nouvelle-aquitaine","22":"tag-republique-francaise"},"share_on_mastodon":{"url":"https:\/\/pubeurope.com\/@fr\/115705016244878511","error":""},"_links":{"self":[{"href":"https:\/\/www.europesays.com\/fr\/wp-json\/wp\/v2\/posts\/594311","targetHints":{"allow":["GET"]}}],"collection":[{"href":"https:\/\/www.europesays.com\/fr\/wp-json\/wp\/v2\/posts"}],"about":[{"href":"https:\/\/www.europesays.com\/fr\/wp-json\/wp\/v2\/types\/post"}],"author":[{"embeddable":true,"href":"https:\/\/www.europesays.com\/fr\/wp-json\/wp\/v2\/users\/2"}],"replies":[{"embeddable":true,"href":"https:\/\/www.europesays.com\/fr\/wp-json\/wp\/v2\/comments?post=594311"}],"version-history":[{"count":0,"href":"https:\/\/www.europesays.com\/fr\/wp-json\/wp\/v2\/posts\/594311\/revisions"}],"wp:featuredmedia":[{"embeddable":true,"href":"https:\/\/www.europesays.com\/fr\/wp-json\/wp\/v2\/media\/594312"}],"wp:attachment":[{"href":"https:\/\/www.europesays.com\/fr\/wp-json\/wp\/v2\/media?parent=594311"}],"wp:term":[{"taxonomy":"category","embeddable":true,"href":"https:\/\/www.europesays.com\/fr\/wp-json\/wp\/v2\/categories?post=594311"},{"taxonomy":"post_tag","embeddable":true,"href":"https:\/\/www.europesays.com\/fr\/wp-json\/wp\/v2\/tags?post=594311"}],"curies":[{"name":"wp","href":"https:\/\/api.w.org\/{rel}","templated":true}]}}