{"id":594313,"date":"2025-12-12T05:47:28","date_gmt":"2025-12-12T05:47:28","guid":{"rendered":"https:\/\/www.europesays.com\/fr\/594313\/"},"modified":"2025-12-12T05:47:28","modified_gmt":"2025-12-12T05:47:28","slug":"en-images-tout-juste-inaugure-voici-a-quoi-ressemble-le-nouveau-parvis-de-brienne-a-toulouse","status":"publish","type":"post","link":"https:\/\/www.europesays.com\/fr\/594313\/","title":{"rendered":"EN IMAGES. Tout juste inaugur\u00e9, voici \u00e0 quoi ressemble le nouveau parvis de Brienne \u00e0 Toulouse"},"content":{"rendered":"<p>                    Par<br \/>\n        <strong><br \/>\n            <a href=\"https:\/\/actu.fr\/auteur\/lea-afonso\" title=\"Consulter tous les articles de L\u00e9a Afonso\" target=\"_blank\" rel=\"noopener\">L\u00e9a Afonso<\/a><br \/>\n                    <\/strong><\/p>\n<p>        Publi\u00e9 le<\/p>\n<p>            11 d\u00e9c. 2025 \u00e0 17h02        <\/p>\n<p>Fr\u00e9quenteurs de la place Saint-Pierre, \u00e9tudiants de la <a href=\"https:\/\/actu.fr\/toulouse\/\" target=\"_blank\" rel=\"noopener\">Toulouse<\/a> School of Economics ou habitants du quartier\u2026 ces travaux \u00e9taient attendus\u2009! D\u00e9sormais, le <strong>parvis de Brienne<\/strong> r\u00e9nov\u00e9 offre un tout autre visage. Voitures et places de parking ont disparu, laissant place \u00e0 la <strong>v\u00e9g\u00e9talisation<\/strong> et aux <strong>mobilit\u00e9s douces<\/strong> pour cette premi\u00e8re \u00e9tape <a href=\"https:\/\/actu.fr\/occitanie\/toulouse_31555\/toulouse-lance-son-plan-pour-valoriser-ses-canaux-voici-les-9-sites-qui-vont-etre-reamenages_56558913.html\" target=\"_blank\" rel=\"noopener\">du Grand Parc Canal.<\/a> Ce mercredi 10\u00a0d\u00e9cembre 2025, le site a \u00e9t\u00e9 inaugur\u00e9.<\/p>\n<p>Une inauguration en grande pompe<\/p>\n<p class=\" wall-content\">Travaux termin\u00e9s, ruban coup\u00e9, \u00e9lus et riverains r\u00e9unis\u2009: le parvis de Brienne affiche bel et bien sa nouvelle identit\u00e9. En cette soir\u00e9e de d\u00e9cembre, pr\u00e8s d\u2019une centaine de personnes ont assist\u00e9 \u00e0 cette inauguration solennelle, organis\u00e9e directement sur le nouveau parvis.<\/p>\n<p class=\" wall-content\">\u00ab\u2009L\u2019ensemble est magnifique, c\u2019est une <strong>belle place avec la mise en \u00e9vidence de ces anciens remparts<\/strong>. Pour nous retrait\u00e9s qui nous promenons dans le quartier, c\u2019est parfait\u2009\u00bb, raconte Colette. \u00ab\u2009C\u2019est super quand on veut se promener, mais c\u2019est devenu l\u2019enfer pour les gens qui veulent se garer\u2009\u00bb, nuance son amie Annie. \u00ab\u2009Ces broussailles ne sont pas fabuleuses, on esp\u00e8re qu\u2019elles vont grandir\u2009\u00bb, ajoute Michel, son \u00e9poux.<\/p>\n<p class=\" wall-content\">Les avis divergent sur ce nouvel am\u00e9nagement, mais pour l\u2019heure, la mairie se f\u00e9licite du r\u00e9sultat\u2009: \u00ab\u2009C\u2019est un <strong>\u00e9v\u00e8nement attendu depuis longtemps<\/strong>, je suis heureux d\u2019inaugurer ce chantier\u2009\u00bb, souligne Jean-Luc Moudenc, maire de Toulouse.<\/p>\n<p>    <img   decoding=\"async\" loading=\"lazy\" src=\"https:\/\/www.europesays.com\/fr\/wp-content\/uploads\/2025\/12\/parvis-de-brienne-14-960x640.jpeg\" alt=\"Les politiques \u00e9taient r\u00e9unis pour couper le ruban de l'inauguration. \" width=\"960\" height=\"640\"\/><br \/>\n    Les politiques \u00e9taient r\u00e9unis pour couper le ruban de l\u2019inauguration. (\u00a9L\u00e9a Afonso \/ Actu Toulouse)Du pass\u00e9 au pr\u00e9sent pour le parvis<\/p>\n<p class=\" wall-content\">Le maire n\u2019a pas manqu\u00e9 de rappeler l\u2019ancien \u00e9tat des lieux\u2009: \u00ab\u2009On oublie rapidement quand il y a un nouvel am\u00e9nagement, mais ici c\u2019\u00e9tait une<strong> zone d\u00e9laiss\u00e9e<\/strong>.<strong> L\u2019endroit \u00e9tait d\u00e9grad\u00e9,<\/strong> pas tr\u00e8s bien fr\u00e9quent\u00e9, non accessible, pas tr\u00e8s propre. Il y avait des v\u00e9hicules autour de tout \u00e7a et un mur (l\u2019ancien rempart, ndlr) en mauvais \u00e9tat. L\u2019espace public \u00e9tait de son c\u00f4t\u00e9 d\u00e9laiss\u00e9 et informe\u2009\u00bb.<\/p>\n<p class=\" wall-content\">Aujourd\u2019hui, tout cela appartient au pass\u00e9\u2009: \u00ab\u2009J\u2019ai souhait\u00e9 que l\u2019on puisse revisiter tout \u00e7a et que l\u2019on inscrive ce lieu dans la <strong>grande ambition de Toulouse par go\u00fbt du beau.<\/strong> Nous avons retrouv\u00e9 un espace perdu depuis longtemps\u2009\u00bb, poursuit Jean-Luc Moudenc.<\/p>\n<p>Votre r\u00e9gion, votre actu !<\/p>\n<p>Recevez chaque jour les infos qui comptent pour vous.<\/p>\n<p>\t<a href=\"https:\/\/actu.fr\/newsletter\" class=\"ac-btn ac-btn--corner ac-btn--medium ac-btn--blue800\" target=\"_blank\" rel=\"noopener\">S&rsquo;incrire<\/a><br \/>\nLes travaux r\u00e9alis\u00e9s<br \/>\n    <img   decoding=\"async\" loading=\"lazy\" src=\"https:\/\/www.europesays.com\/fr\/wp-content\/uploads\/2025\/12\/parvis-de-brienne-6-960x640.jpeg\" alt=\"Un cheminement pi\u00e9ton le long du canal de Brienne sur les all\u00e9es de Barcelone. \" width=\"960\" height=\"640\"\/><br \/>\n    Un cheminement pi\u00e9ton le long du canal de Brienne sur les all\u00e9es de Barcelone. (\u00a9L\u00e9a Afonso \/ Actu Toulouse)<\/p>\n<p class=\" wall-content\">Concr\u00e8tement, avec un<strong> budget de \u00ab\u20099,55\u00a0millions d\u2019euros\u2009\u00bb<\/strong>, plusieurs am\u00e9nagements ont vu le jour. Le changement le plus significatif est la cr\u00e9ation d\u2019un<strong> parvis enti\u00e8rement pi\u00e9ton<\/strong> au pied de la Toulouse School of Economics (TSE). Ce dernier s\u2019\u00e9tend d\u00e9sormais jusqu\u2019\u00e0 l\u2019auditorium Saint-Pierre des Cuisines. Pour y acc\u00e9der, l\u2019all\u00e9e de Barcelone, le long du canal de Brienne, propose un <strong>cheminement pi\u00e9ton en pav\u00e9s roses, \u00e0 la place des anciens stationnements en \u00e9pi.<\/strong> Sur toute sa longueur, l\u2019ancien rempart a \u00e9t\u00e9 restaur\u00e9 et ses briques roses mises en valeur.<\/p>\n<p>    <img   decoding=\"async\" loading=\"lazy\" src=\"https:\/\/www.europesays.com\/fr\/wp-content\/uploads\/2025\/12\/parvis-de-brienne-2-960x640.jpeg\" alt=\"Un ancien rempart restaur\u00e9 et illumin\u00e9 pour \u00eatre mis en valeur. \" width=\"960\" height=\"640\"\/><br \/>\n    Un ancien rempart restaur\u00e9 et illumin\u00e9 pour \u00eatre mis en valeur. (\u00a9L\u00e9a Afonso \/ Actu Toulouse)<\/p>\n<p class=\" wall-content\">Autre nouveaut\u00e9 majeure\u2009: la <strong>v\u00e9g\u00e9talisation<\/strong>. Devant l\u2019\u00e9cole, un parterre m\u00ealant massifs et jeunes arbres recouvre dor\u00e9navant une large partie de l\u2019espace.<\/p>\n<p>    <img   decoding=\"async\" loading=\"lazy\" src=\"https:\/\/www.europesays.com\/fr\/wp-content\/uploads\/2025\/12\/parvis-de-brienne-1-960x640.jpeg\" alt=\"De la v\u00e9g\u00e9tation accueille d\u00e9sormais les riverains devant TSE. \" width=\"960\" height=\"640\"\/><br \/>\n    De la v\u00e9g\u00e9tation accueille d\u00e9sormais les riverains devant TSE. (\u00a9L\u00e9a Afonso \/ Actu Toulouse)<\/p>\n<p class=\" wall-content\">La v\u00e9g\u00e9tation va m\u00eame jusqu\u2019\u00e0 gagner la nouvelle place am\u00e9nag\u00e9e entre l\u2019all\u00e9e de Barcelone et le boulevard Armand Duportal. Ici, un tout nouveau <a href=\"https:\/\/actu.fr\/occitanie\/toulouse_31555\/images-cette-partie-du-centre-ville-de-toulouse-va-se-metamorphoser-voici-a-quoi-elle-ressemblera_61620471.html\" target=\"_blank\" rel=\"noopener\">square intitul\u00e9 \u00ab<strong>\u2009place des Reines et Rois Wisigoths\u2009\u00bb<\/strong><\/a> a pris forme et offre une jolie vue sur le dome de la Grave. Bancs, am\u00e9nagements urbains,<strong> jardin de 1500 m2 illumin\u00e9<\/strong> le soir\u2026 Tout le n\u00e9cessaire y est pour profiter d\u2019un nouvel espace vert au pied du canal de Brienne.<\/p>\n<p>Nouveau plan de circulation<\/p>\n<p class=\" wall-content\">Pour accompagner ces transformations, un nouveau plan de circulation entre en vigueur dans le secteur, avec une<strong> borne d\u2019acc\u00e8s r\u00e9serv\u00e9e aux habitants.<\/strong> \u00ab\u2009Il faut tenir compte de la vie des personnes avec une borne d\u2019acc\u00e8s pour laisser entrer les riverains en voiture\u2009\u00bb, pr\u00e9cise le maire de Toulouse.<\/p>\n<p class=\" wall-content\">\u00ab\u2009Les v\u00e9hicules arrivant par la place Saint-Pierre repartiront vers le quai Saint-Pierre. Les cyclistes et les pi\u00e9tons peuvent circuler librement\u2009\u00bb, indique la mairie.<\/p>\n<p class=\" wall-content\">Voici le nouveau plan de circulation\u2009:<\/p>\n<p>    <img   decoding=\"async\" loading=\"lazy\" src=\"https:\/\/www.europesays.com\/fr\/wp-content\/uploads\/2025\/12\/plan-de-circulation-960x640.png\" alt=\"Le nouveau plan de circulation du secteur. \" width=\"960\" height=\"640\"\/><br \/>\n    Le nouveau plan de circulation du secteur. (\u00a9Mairie de Toulouse)<\/p>\n<p class=\" wall-content\">Personnalisez votre actualit\u00e9 en ajoutant vos villes et m\u00e9dias en favori avec <a href=\"https:\/\/moncompte.actu.fr\" title=\"D\u00e9couvez Mon Actu\" rel=\"nofollow noopener\" data-trk=\"{&quot;cta&quot;:{&quot;action&quot;:&quot;https:\\\/\\\/moncompte.actu.fr&quot;,&quot;category&quot;:&quot;mon compte&quot;,&quot;from&quot;:&quot;article footer&quot;,&quot;name&quot;:&quot;Mon actu&quot;,&quot;type&quot;:&quot;cta&quot;}}\" target=\"_blank\">Mon Actu<\/a>.<\/p>\n","protected":false},"excerpt":{"rendered":"Par L\u00e9a Afonso Publi\u00e9 le 11 d\u00e9c. 2025 \u00e0 17h02 Fr\u00e9quenteurs de la place Saint-Pierre, \u00e9tudiants de la&hellip;\n","protected":false},"author":2,"featured_media":594314,"comment_status":"","ping_status":"","sticky":false,"template":"","format":"standard","meta":{"footnotes":""},"categories":[2816],"tags":[1111,11,1777,674,1011,27,12,2680,25,104,2312,2086],"class_list":{"0":"post-594313","1":"post","2":"type-post","3":"status-publish","4":"format-standard","5":"has-post-thumbnail","7":"category-toulouse","8":"tag-actu","9":"tag-actualites","10":"tag-eu","11":"tag-europe","12":"tag-fr","13":"tag-france","14":"tag-news","15":"tag-occitanie","16":"tag-republique-francaise","17":"tag-societe","18":"tag-toulouse","19":"tag-travaux"},"share_on_mastodon":{"url":"https:\/\/pubeurope.com\/@fr\/115705024474904570","error":""},"_links":{"self":[{"href":"https:\/\/www.europesays.com\/fr\/wp-json\/wp\/v2\/posts\/594313","targetHints":{"allow":["GET"]}}],"collection":[{"href":"https:\/\/www.europesays.com\/fr\/wp-json\/wp\/v2\/posts"}],"about":[{"href":"https:\/\/www.europesays.com\/fr\/wp-json\/wp\/v2\/types\/post"}],"author":[{"embeddable":true,"href":"https:\/\/www.europesays.com\/fr\/wp-json\/wp\/v2\/users\/2"}],"replies":[{"embeddable":true,"href":"https:\/\/www.europesays.com\/fr\/wp-json\/wp\/v2\/comments?post=594313"}],"version-history":[{"count":0,"href":"https:\/\/www.europesays.com\/fr\/wp-json\/wp\/v2\/posts\/594313\/revisions"}],"wp:featuredmedia":[{"embeddable":true,"href":"https:\/\/www.europesays.com\/fr\/wp-json\/wp\/v2\/media\/594314"}],"wp:attachment":[{"href":"https:\/\/www.europesays.com\/fr\/wp-json\/wp\/v2\/media?parent=594313"}],"wp:term":[{"taxonomy":"category","embeddable":true,"href":"https:\/\/www.europesays.com\/fr\/wp-json\/wp\/v2\/categories?post=594313"},{"taxonomy":"post_tag","embeddable":true,"href":"https:\/\/www.europesays.com\/fr\/wp-json\/wp\/v2\/tags?post=594313"}],"curies":[{"name":"wp","href":"https:\/\/api.w.org\/{rel}","templated":true}]}}