{"id":594315,"date":"2025-12-12T05:48:15","date_gmt":"2025-12-12T05:48:15","guid":{"rendered":"https:\/\/www.europesays.com\/fr\/594315\/"},"modified":"2025-12-12T05:48:15","modified_gmt":"2025-12-12T05:48:15","slug":"tensions-sur-le-lineo-9-a-toulouse-une-situation-intenable-des-conducteurs-a-bout","status":"publish","type":"post","link":"https:\/\/www.europesays.com\/fr\/594315\/","title":{"rendered":"Tensions sur le Lin\u00e9o 9 \u00e0 Toulouse\u00a0: une situation \u00ab\u00a0intenable\u00a0\u00bb, des conducteurs \u00e0 bout"},"content":{"rendered":"<p>\n                                                                    l&rsquo;essentiel<br \/>\n                                                                La travers\u00e9e du Lin\u00e9o 9 \u00e0 Toulouse devient un v\u00e9ritable d\u00e9fi. Entre travaux, bouchons et tensions croissantes, la CGT d\u00e9nonce des conditions de travail \u00ab\u00a0intenables\u00a0\u00bb. Tiss\u00e9o assure qu\u2019il a proc\u00e9d\u00e9 \u00e0 des ajustements.\n                            <\/p>\n<p>\u00a0<\/p>\n<p>Depuis des mois, la travers\u00e9e du Lin\u00e9o 9\u00a0entre Saint-Orens et L\u2019Union ressemble \u00e0 une \u00e9preuve d\u2019endurance\u00a0: dix-sept kilom\u00e8tres, quarante-huit arr\u00eats, des travaux successifs dans le centre-ville de Toulouse, des bouchons aux heures de pointe, et des conducteurs qui disent travailler \u00e0 flux tendu. La semaine derni\u00e8re, la CGT Tiss\u00e9o a d\u00e9nonc\u00e9 publiquement une situation devenue, selon elle, \u00ab\u00a0intenable\u00a0\u00bb.<\/p>\n<p class=\"std-elt__inline\">\n        <strong>\u00c0 lire aussi :<\/strong><br \/>\n        <a href=\"https:\/\/www.ladepeche.fr\/2022\/03\/21\/toulouse-greve-a-tisseo-contre-la-fusion-des-lignes-de-bus-lineo-7-et-9-10184905.php\" target=\"_blank\" rel=\"noopener\">Toulouse : gr\u00e8ve \u00e0 Tiss\u00e9o contre la fusion des lignes de bus Lineo 7 et 9<\/a>\n    <\/p>\n<p>Dans un communiqu\u00e9 virulent, le syndicat alerte sur la \u00ab\u00a0d\u00e9gradation de la s\u00e9curit\u00e9 et des conditions de travail\u00a0\u00bb\u00a0et accuse la direction de laisser s\u2019installer \u00ab\u00a0une politique d\u2019aust\u00e9rit\u00e9\u00a0\u00bb\u00a0aux cons\u00e9quences directes sur la qualit\u00e9 du service public. \u00ab\u00a0Traverser Toulouse avec un v\u00e9hicule de 19 m\u00e8tres est devenu un parcours du combattant, pire encore avec des usagers \u00e0 bord\u00a0\u00bb, \u00e9crit la CGT. Elle d\u00e9crit des temps de parcours impossibles \u00e0 tenir, des horaires qui se d\u00e9calent quotidiennement, et des conducteurs contraints d\u2019encha\u00eener imm\u00e9diatement un nouveau trajet apr\u00e8s 1\u00a0h\u00a045 de conduite, faute de r\u00e9gulation suffisante.<\/p>\n<p>\u00ab\u00a0Le ras-le-bol se manifeste chaque jour\u00a0\u00bb<\/p>\n<p>Le syndicat \u00e9voque aussi une mont\u00e9e des tensions dans les bus. \u00c0 bord du Lin\u00e9o 9, un individu a r\u00e9cemment brandi un couteau, mena\u00e7ant plusieurs voyageurs. \u00ab\u00a0Les agents de r\u00e9gulation et les conducteurs sont \u00e0 bout, le ras-le-bol se manifeste chaque jour\u00a0\u00bb, insiste la CGT, qui dit avoir multipli\u00e9 les alarmes sans obtenir de r\u00e9ponses satisfaisantes.<\/p>\n<p>Face \u00e0 ces critiques, Tiss\u00e9o Voyageurs temp\u00e8re. L\u2019entreprise reconna\u00eet des al\u00e9as\u00a0et assure suivre en\u00a0temps r\u00e9el\u00a0les conditions d\u2019exploitation. Elle avance un argument central\u00a0: la cascade de travaux qui traverse la m\u00e9tropole. Le Lin\u00e9o 9 a notamment \u00e9t\u00e9 d\u00e9vi\u00e9 ces derni\u00e8res semaines en raison du chantier de la future ligne C sur le Faubourg-Bonnefoy. Selon Tiss\u00e9o, la ligne retrouvera son itin\u00e9raire initial le 13\u00a0d\u00e9cembre, avant \u00ab\u00a0une derni\u00e8re semaine de perturbations\u00a0\u00bb due \u00e0 des travaux de voirie.<\/p>\n<p class=\"std-elt__inline\">\n        <strong>\u00c0 lire aussi :<\/strong><br \/>\n        <a href=\"https:\/\/www.ladepeche.fr\/2019\/08\/14\/les-travaux-du-lineo-9-surveilles-de-pres-par-les-riverains,8360250.php\" target=\"_blank\" rel=\"noopener\">Les travaux du Lin\u00e9o 9 surveill\u00e9s de pr\u00e8s par les riverains<\/a>\n    <\/p>\n<p>La direction affirme avoir d\u00e9j\u00e0 proc\u00e9d\u00e9 \u00e0 plusieurs ajustements du temps de parcours pour tenir compte des conditions r\u00e9elles de circulation. Elle souligne un \u00ab\u00a0dialogue social permanent\u00a0\u00bb\u00a0et dit se montrer tr\u00e8s attentive\u00a0\u00e0 l\u2019organisation des services des conducteurs, saluant leur professionnalisme\u00a0dans une p\u00e9riode o\u00f9 le trafic reste \u00ab\u00a0tr\u00e8s difficile\u00a0\u00bb.<\/p>\n<p>En attendant un retour \u00e0 la normale, le Lin\u00e9o 9 poursuit sa route, lest\u00e9 de retards, d\u2019agacement et d\u2019un malaise social qui ne se dissipe plus<\/p>\n","protected":false},"excerpt":{"rendered":"l&rsquo;essentiel La travers\u00e9e du Lin\u00e9o 9 \u00e0 Toulouse devient un v\u00e9ritable d\u00e9fi. Entre travaux, bouchons et tensions croissantes,&hellip;\n","protected":false},"author":2,"featured_media":594316,"comment_status":"","ping_status":"","sticky":false,"template":"","format":"standard","meta":{"footnotes":""},"categories":[2816],"tags":[1111,11,33,1777,674,1011,27,2722,12,2680,25,2312,800],"class_list":{"0":"post-594315","1":"post","2":"type-post","3":"status-publish","4":"format-standard","5":"has-post-thumbnail","7":"category-toulouse","8":"tag-actu","9":"tag-actualites","10":"tag-economie","11":"tag-eu","12":"tag-europe","13":"tag-fr","14":"tag-france","15":"tag-haute-garonne","16":"tag-news","17":"tag-occitanie","18":"tag-republique-francaise","19":"tag-toulouse","20":"tag-transports"},"share_on_mastodon":{"url":"https:\/\/pubeurope.com\/@fr\/115705027251663664","error":""},"_links":{"self":[{"href":"https:\/\/www.europesays.com\/fr\/wp-json\/wp\/v2\/posts\/594315","targetHints":{"allow":["GET"]}}],"collection":[{"href":"https:\/\/www.europesays.com\/fr\/wp-json\/wp\/v2\/posts"}],"about":[{"href":"https:\/\/www.europesays.com\/fr\/wp-json\/wp\/v2\/types\/post"}],"author":[{"embeddable":true,"href":"https:\/\/www.europesays.com\/fr\/wp-json\/wp\/v2\/users\/2"}],"replies":[{"embeddable":true,"href":"https:\/\/www.europesays.com\/fr\/wp-json\/wp\/v2\/comments?post=594315"}],"version-history":[{"count":0,"href":"https:\/\/www.europesays.com\/fr\/wp-json\/wp\/v2\/posts\/594315\/revisions"}],"wp:featuredmedia":[{"embeddable":true,"href":"https:\/\/www.europesays.com\/fr\/wp-json\/wp\/v2\/media\/594316"}],"wp:attachment":[{"href":"https:\/\/www.europesays.com\/fr\/wp-json\/wp\/v2\/media?parent=594315"}],"wp:term":[{"taxonomy":"category","embeddable":true,"href":"https:\/\/www.europesays.com\/fr\/wp-json\/wp\/v2\/categories?post=594315"},{"taxonomy":"post_tag","embeddable":true,"href":"https:\/\/www.europesays.com\/fr\/wp-json\/wp\/v2\/tags?post=594315"}],"curies":[{"name":"wp","href":"https:\/\/api.w.org\/{rel}","templated":true}]}}