{"id":594317,"date":"2025-12-12T05:49:10","date_gmt":"2025-12-12T05:49:10","guid":{"rendered":"https:\/\/www.europesays.com\/fr\/594317\/"},"modified":"2025-12-12T05:49:10","modified_gmt":"2025-12-12T05:49:10","slug":"vers-des-amendes-salees-pour-cette-epicerie-qui-ne-respectait-pas-les-regles","status":"publish","type":"post","link":"https:\/\/www.europesays.com\/fr\/594317\/","title":{"rendered":"vers des amendes sal\u00e9es pour cette \u00e9picerie qui ne respectait pas les r\u00e8gles"},"content":{"rendered":"<p>                    Par<br \/>\n        <strong><br \/>\n            <a href=\"https:\/\/actu.fr\/auteur\/nicolas-demollien\" title=\"Consulter tous les articles de Nicolas Demollien\" target=\"_blank\" rel=\"noopener\">Nicolas Demollien<\/a><br \/>\n                    <\/strong><\/p>\n<p>        Publi\u00e9 le<\/p>\n<p>            12 d\u00e9c. 2025 \u00e0 6h04        <\/p>\n<p>L\u2019addition pourrait bien \u00eatre tr\u00e8s lourde. Mardi 9 d\u00e9cembre 2025, le g\u00e9rant d\u2019une <b>\u00e9picerie de la rue du Priez<\/b> \u00e0 <a href=\"https:\/\/actu.fr\/hauts-de-france\/lille_59350\" target=\"_blank\" rel=\"noopener\">Lille<\/a> (Nord), dans le <b>quartier <\/b>de la <a href=\"https:\/\/actu.fr\/tag\/gare-lille-flandres\" target=\"_blank\" rel=\"noopener\">gare Lille \u2013 Flandres<\/a>, a \u00e9t\u00e9 <b>jug\u00e9 par le tribunal de police<\/b>. Il lui est reproch\u00e9 des <b>manquements \u00e0 la r\u00e9glementation en vigueur \u00e0 cinq reprises<\/b>.\u00a0<\/p>\n<p>Cette \u00e9picerie du centre-ville de Lille ne respectait pas les r\u00e8gles<\/p>\n<p class=\" wall-content\">Ces infractions concernent majoritairement des <b>heures de fermeture autoris\u00e9e d\u00e9pass\u00e9es<\/b>, ainsi que la v<b>ente de boissons en canettes<\/b> un soir de <a href=\"https:\/\/actu.fr\/tag\/ligue-des-champions\" target=\"_blank\" rel=\"noopener\">ligue des champions<\/a> du <a href=\"https:\/\/actu.fr\/tag\/losc-football\" target=\"_blank\" rel=\"noopener\">LOSC<\/a> <b>class\u00e9 \u00e0 risque face \u00e0 Feyenoord<\/b>, fin janvier 2025.<\/p>\n<p class=\" wall-content\">Cette derni\u00e8re affaire ne pose pas de probl\u00e8me pour le g\u00e9rant, un homme de 24 ans, qui reconnait bien volontiers son erreur. \u00ab\u00a0<b>J\u2019ignorais la mise en place de cet arr\u00eat\u00e9 pr\u00e9fectoral<\/b>. J\u2019ai connu d\u2019autres soir\u00e9es de coupe d\u2019Europe pour le LOSC et il n\u2019y avait jamais eu de telles mesures mises en place\u00a0\u00bb.<\/p>\n<p class=\" wall-content\">Pour ce qui est des quatre fermetures trop tardives, il n\u2019en reconna\u00eet qu\u2019une seule. Pour les trois autres, il explique que <b>la porte n\u2019\u00e9tait pas ferm\u00e9e<\/b> et que la lumi\u00e8re \u00e9tait encore allum\u00e9e <b>uniquement parce qu\u2019il proc\u00e9dait \u00e0 la pr\u00e9paration du magasin pour le lendemain<\/b>. \u00ab\u00a0Lorsque les policiers sont arriv\u00e9s, il n\u2019y avait <b>personne dans le magasin et aucun acte de vente<\/b>\u00ab\u00a0, plaide-t-il.<\/p>\n<p class=\" wall-content\">Son avocat rench\u00e9rit : \u00ab\u00a0Les policiers <b>pr\u00e9sument d\u2019une d\u00e9marche commerciale mais ne la d\u00e9montrent pas<\/b>. Je demande la relaxe pour ces trois affaires\u00a0\u00bb.<\/p>\n<p class=\" wall-content\">L\u2019officier du minist\u00e8re public, lui, n\u2019avait pas \u00e9t\u00e9 convaincu par les arguments du commer\u00e7ant : \u00ab\u00a0chaque PV a \u00e9t\u00e9 dress\u00e9 bien apr\u00e8s l\u2019heure de fermeture impos\u00e9e\u00a0\u00bb. Il a ainsi requis <b>cinq amendes repr\u00e9sentant un total de 2 650\u20ac<\/b>.\u00a0<\/p>\n<p class=\" wall-content\">Le juge rendra sa d\u00e9cision mardi 13 janvier 2026. Affaire \u00e0 suivre.<\/p>\n<p class=\" wall-content\">Personnalisez votre actualit\u00e9 en ajoutant vos villes et m\u00e9dias en favori avec <a href=\"https:\/\/moncompte.actu.fr\" title=\"D\u00e9couvez Mon Actu\" rel=\"nofollow noopener\" data-trk=\"{&quot;cta&quot;:{&quot;action&quot;:&quot;https:\\\/\\\/moncompte.actu.fr&quot;,&quot;category&quot;:&quot;mon compte&quot;,&quot;from&quot;:&quot;article footer&quot;,&quot;name&quot;:&quot;Mon actu&quot;,&quot;type&quot;:&quot;cta&quot;}}\" target=\"_blank\">Mon Actu<\/a>.<\/p>\n","protected":false},"excerpt":{"rendered":"Par Nicolas Demollien Publi\u00e9 le 12 d\u00e9c. 2025 \u00e0 6h04 L\u2019addition pourrait bien \u00eatre tr\u00e8s lourde. Mardi 9&hellip;\n","protected":false},"author":2,"featured_media":594318,"comment_status":"","ping_status":"","sticky":false,"template":"","format":"standard","meta":{"footnotes":""},"categories":[2815],"tags":[1111,11,1777,674,118,1011,27,4841,811,303,1307,12,25],"class_list":{"0":"post-594317","1":"post","2":"type-post","3":"status-publish","4":"format-standard","5":"has-post-thumbnail","7":"category-lille","8":"tag-actu","9":"tag-actualites","10":"tag-eu","11":"tag-europe","12":"tag-faits-divers","13":"tag-fr","14":"tag-france","15":"tag-gare-lille-flandres","16":"tag-hauts-de-france","17":"tag-justice","18":"tag-lille","19":"tag-news","20":"tag-republique-francaise"},"share_on_mastodon":{"url":"https:\/\/pubeurope.com\/@fr\/115705031209827734","error":""},"_links":{"self":[{"href":"https:\/\/www.europesays.com\/fr\/wp-json\/wp\/v2\/posts\/594317","targetHints":{"allow":["GET"]}}],"collection":[{"href":"https:\/\/www.europesays.com\/fr\/wp-json\/wp\/v2\/posts"}],"about":[{"href":"https:\/\/www.europesays.com\/fr\/wp-json\/wp\/v2\/types\/post"}],"author":[{"embeddable":true,"href":"https:\/\/www.europesays.com\/fr\/wp-json\/wp\/v2\/users\/2"}],"replies":[{"embeddable":true,"href":"https:\/\/www.europesays.com\/fr\/wp-json\/wp\/v2\/comments?post=594317"}],"version-history":[{"count":0,"href":"https:\/\/www.europesays.com\/fr\/wp-json\/wp\/v2\/posts\/594317\/revisions"}],"wp:featuredmedia":[{"embeddable":true,"href":"https:\/\/www.europesays.com\/fr\/wp-json\/wp\/v2\/media\/594318"}],"wp:attachment":[{"href":"https:\/\/www.europesays.com\/fr\/wp-json\/wp\/v2\/media?parent=594317"}],"wp:term":[{"taxonomy":"category","embeddable":true,"href":"https:\/\/www.europesays.com\/fr\/wp-json\/wp\/v2\/categories?post=594317"},{"taxonomy":"post_tag","embeddable":true,"href":"https:\/\/www.europesays.com\/fr\/wp-json\/wp\/v2\/tags?post=594317"}],"curies":[{"name":"wp","href":"https:\/\/api.w.org\/{rel}","templated":true}]}}