{"id":594321,"date":"2025-12-12T05:51:16","date_gmt":"2025-12-12T05:51:16","guid":{"rendered":"https:\/\/www.europesays.com\/fr\/594321\/"},"modified":"2025-12-12T05:51:16","modified_gmt":"2025-12-12T05:51:16","slug":"une-braderie-exceptionnelle-organisee-en-centre-ville","status":"publish","type":"post","link":"https:\/\/www.europesays.com\/fr\/594321\/","title":{"rendered":"une braderie exceptionnelle organis\u00e9e en centre-ville"},"content":{"rendered":"<p>                    Par<br \/>\n        <strong><br \/>\n            <a href=\"https:\/\/actu.fr\/auteur\/thibault-nadal-actu-fr\" title=\"Consulter tous les articles de Thibault Nadal\" target=\"_blank\" rel=\"noopener\">Thibault Nadal<\/a><br \/>\n                    <\/strong><\/p>\n<p>        Publi\u00e9 le<\/p>\n<p>            12 d\u00e9c. 2025 \u00e0 6h14        <\/p>\n<p>Une occasion de faire des <a href=\"https:\/\/actu.fr\/tag\/bons-plans\" target=\"_blank\" rel=\"noopener\">bonnes affaires<\/a> \u00e0 l\u2019aube de <a href=\"https:\/\/actu.fr\/tag\/noel\" target=\"_blank\" rel=\"noopener\">No\u00ebl<\/a> ou simplement pour son plaisir personnel. Vendredi\u00a012 et samedi 13\u00a0d\u00e9cembre 2025, une braderie exceptionnelle est organis\u00e9e dans le centre-ville de <a href=\"https:\/\/actu.fr\/marseille\/\" target=\"_blank\" rel=\"noopener\">Marseille<\/a>, \u00e0 deux pas du <a href=\"https:\/\/actu.fr\/tag\/vieux-port\" target=\"_blank\" rel=\"noopener\">Vieux-Port<\/a> (1er).<\/p>\n<p class=\" wall-content\">Voici tout ce qu\u2019il faut savoir.<\/p>\n<p>Une braderie de livres \u00e0 l\u2019Alcazar<\/p>\n<p class=\" wall-content\">C\u2019est une op\u00e9ration qui a trouv\u00e9 son public depuis deux ans. La \u00ab\u2009Bibliobraderie\u2009\u00bb est de retour ce vendredi\u00a012 et samedi 13\u00a0d\u00e9cembre \u00e0 l\u2019Alcazar pour une nouvelle \u00e9dition.<\/p>\n<p>    <a href=\"https:\/\/www.google.com\/maps\/embed?pb=!1m18!1m12!1m3!1d2903.728782457376!2d5.374181275541467!3d43.29900117112112!2m3!1f0!2f0!3f0!3m2!1i1024!2i768!4f13.1!3m3!1m2!1s0x12c9c102cc62d853%3A0x5048073d3626eed1!2sBiblioth%C3%A8que%20l%27Alcazar!5e0!3m2!1sfr!2sfr!4v1765449459171!5m2!1sfr!2sfr\" title=\"Ouvrie le lien\" target=\"_blank\" rel=\"noopener\">Cliquez ici pour visualiser le contenu<\/a><\/p>\n<p class=\" wall-content\">Organis\u00e9e par la Ville, cette braderie permet \u00ab\u2009de donner une nouvelle vie aux <strong>milliers de livres en bon \u00e9tat<\/strong> qui sont retir\u00e9s des rayons des biblioth\u00e8ques chaque ann\u00e9e pour faire de la place aux nouveaut\u00e9s\u2009\u00bb.<\/p>\n<p>    <img   decoding=\"async\" loading=\"lazy\" src=\"https:\/\/www.europesays.com\/fr\/wp-content\/uploads\/2025\/12\/alcazar-marseille-960x640.jpg\" alt=\"La devanture de la biblioth\u00e8que de l'Alcazar, \u00e0 Marseille.\" width=\"960\" height=\"640\"\/><br \/>\n    La devanture de la biblioth\u00e8que de l\u2019Alcazar, \u00e0 Marseille. (\u00a9Claire Grazini \/ actu Marseille)Des prix imbattables<\/p>\n<p class=\" wall-content\">Durant ces deux jours, les visiteurs pourront d\u00e9couvrir toutes sortes de bouquins, du roman \u00e0 ceux destin\u00e9s \u00e0 la jeunesse en passant par la bande dessin\u00e9e. Le tout pour un prix d\u00e9fiant toute concurrence\u2009: <strong>un euro<\/strong>.<\/p>\n<p>Votre r\u00e9gion, votre actu !<\/p>\n<p>Recevez chaque jour les infos qui comptent pour vous.<\/p>\n<p>\t<a href=\"https:\/\/actu.fr\/newsletter\" class=\"ac-btn ac-btn--corner ac-btn--medium ac-btn--blue800\" target=\"_blank\" rel=\"noopener\">S&rsquo;incrire<\/a><\/p>\n<p class=\" wall-content\">De \u00ab\u2009beaux livres\u2009\u00bb seront \u00e9galement propos\u00e9s \u00e0 la vente pour un montant de trois euros. Au total, <strong>9600 \u0153uvres seront disponibles<\/strong>.<\/p>\n<p class=\" wall-content\">L\u2019ann\u00e9e pass\u00e9e, la braderie avait \u00e9t\u00e9 organis\u00e9e sur trois jours, mais les stocks avaient \u00e9t\u00e9 \u00e9puis\u00e9s en deux jours, rappelle la ville. Plus de 7000 livres avaient \u00e9t\u00e9 vendus.<\/p>\n<p>La \u00ab\u2009Bibliobraderie\u2009\u00bb est organis\u00e9e \u00e0 la biblioth\u00e8que l\u2019Alcazar, 58 cours Belsunce dans le 1er arrondissement de Marseille.<br \/>Vendredi, de 13h \u00e0 20h. Samedi de 10h \u00e0 19h.<br \/>Entr\u00e9e gratuite.<\/p>\n<p class=\" wall-content\">Personnalisez votre actualit\u00e9 en ajoutant vos villes et m\u00e9dias en favori avec <a href=\"https:\/\/moncompte.actu.fr\" title=\"D\u00e9couvez Mon Actu\" rel=\"nofollow noopener\" data-trk=\"{&quot;cta&quot;:{&quot;action&quot;:&quot;https:\\\/\\\/moncompte.actu.fr&quot;,&quot;category&quot;:&quot;mon compte&quot;,&quot;from&quot;:&quot;article footer&quot;,&quot;name&quot;:&quot;Mon actu&quot;,&quot;type&quot;:&quot;cta&quot;}}\" target=\"_blank\">Mon Actu<\/a>.<\/p>\n","protected":false},"excerpt":{"rendered":"Par Thibault Nadal Publi\u00e9 le 12 d\u00e9c. 2025 \u00e0 6h14 Une occasion de faire des bonnes affaires \u00e0&hellip;\n","protected":false},"author":2,"featured_media":594322,"comment_status":"","ping_status":"","sticky":false,"template":"","format":"standard","meta":{"footnotes":""},"categories":[2814],"tags":[1111,11,677,1777,674,1011,27,1380,884,12,882,25,104],"class_list":{"0":"post-594321","1":"post","2":"type-post","3":"status-publish","4":"format-standard","5":"has-post-thumbnail","7":"category-marseille","8":"tag-actu","9":"tag-actualites","10":"tag-bons-plans","11":"tag-eu","12":"tag-europe","13":"tag-fr","14":"tag-france","15":"tag-livres","16":"tag-marseille","17":"tag-news","18":"tag-provence-alpes-cote-dazur","19":"tag-republique-francaise","20":"tag-societe"},"share_on_mastodon":{"url":"https:\/\/pubeurope.com\/@fr\/115705039967943854","error":""},"_links":{"self":[{"href":"https:\/\/www.europesays.com\/fr\/wp-json\/wp\/v2\/posts\/594321","targetHints":{"allow":["GET"]}}],"collection":[{"href":"https:\/\/www.europesays.com\/fr\/wp-json\/wp\/v2\/posts"}],"about":[{"href":"https:\/\/www.europesays.com\/fr\/wp-json\/wp\/v2\/types\/post"}],"author":[{"embeddable":true,"href":"https:\/\/www.europesays.com\/fr\/wp-json\/wp\/v2\/users\/2"}],"replies":[{"embeddable":true,"href":"https:\/\/www.europesays.com\/fr\/wp-json\/wp\/v2\/comments?post=594321"}],"version-history":[{"count":0,"href":"https:\/\/www.europesays.com\/fr\/wp-json\/wp\/v2\/posts\/594321\/revisions"}],"wp:featuredmedia":[{"embeddable":true,"href":"https:\/\/www.europesays.com\/fr\/wp-json\/wp\/v2\/media\/594322"}],"wp:attachment":[{"href":"https:\/\/www.europesays.com\/fr\/wp-json\/wp\/v2\/media?parent=594321"}],"wp:term":[{"taxonomy":"category","embeddable":true,"href":"https:\/\/www.europesays.com\/fr\/wp-json\/wp\/v2\/categories?post=594321"},{"taxonomy":"post_tag","embeddable":true,"href":"https:\/\/www.europesays.com\/fr\/wp-json\/wp\/v2\/tags?post=594321"}],"curies":[{"name":"wp","href":"https:\/\/api.w.org\/{rel}","templated":true}]}}