{"id":594326,"date":"2025-12-12T05:54:15","date_gmt":"2025-12-12T05:54:15","guid":{"rendered":"https:\/\/www.europesays.com\/fr\/594326\/"},"modified":"2025-12-12T05:54:15","modified_gmt":"2025-12-12T05:54:15","slug":"ces-deux-stations-de-metro-font-peau-neuve","status":"publish","type":"post","link":"https:\/\/www.europesays.com\/fr\/594326\/","title":{"rendered":"ces deux stations de m\u00e9tro font peau neuve"},"content":{"rendered":"<p>Si vous \u00eates pass\u00e9s par l\u2019arr\u00eate de m\u00e9tro Foch, vous avez peut-\u00eatre d\u00e9couvert le nouvel univers de la bande dessin\u00e9e en noir et blanc. De nombreuses r\u00e9f\u00e9rences lyonnaises telles que le Parc de la T\u00eate d\u2019Or et les berges des fleuves figurent dans cette cr\u00e9ation.<\/p>\n<p>La station du 6e\u00a0 arrondissement dispose \u00e9galement de deux niches d\u00e9di\u00e9es \u00e0 des expositions temporaires, avec comme premier invit\u00e9 le Mus\u00e9e des Confluences, tout cela dans le but de rendre la culture accessible \u00e0 tous. Le projet est baptis\u00e9 Le chemin autrement , du groupement compos\u00e9 par Sylvain Perillat Architecte, EREMES et Lucie Albon.<\/p>\n<p>  \u00ab\u00a0Un cocon immersif\u00a0\u00bb<\/p>\n<p>Changement total d\u2019ambiance \u00e0 la station R\u00e9publique-Villeurbanne. Ici, les voyageurs sont happ\u00e9s par une \u00ab\u00a0jungle urbaine\u00a0\u00bb aux couleurs vives et aux motifs floraux. \u00c0 travers l\u2019\u0153uvre La po\u00e9sie urbaine , con\u00e7ue par l\u2019artiste Julien Soone, l\u2019ambition a \u00e9t\u00e9 de cr\u00e9er \u00ab\u00a0un cocon immersif pour l\u2019usager\u00a0\u00bb.<\/p>\n<p>\u00ab\u00a0Les couleurs et les symboles (pivoines, animaux, jungle urbaine\u2026) invitent \u00e0 l\u2019introspection\u00a0: l\u2019attente devient une m\u00e9ditation apaisante, avant de repartir dans le tumulte de la vie quotidienne. Les couleurs principales (bleu, blanc, rouge) rappellent les embl\u00e8mes de la R\u00e9publique fran\u00e7aise et portent une signification po\u00e9tique\u00a0\u00bb, explique le Sytral dans un communiqu\u00e9.<\/p>\n<p>La facture globale approche les trois millions d\u2019euros\u00a0: 1,5\u00a0M\u20ac pour Foch et et 1,4\u00a0M\u20ac pour R\u00e9publique-Villeurbanne. <a href=\"https:\/\/www.leprogres.fr\/transport\/2024\/11\/23\/des-stations-du-metro-a-bientot-relookees-a-villeurbanne\" target=\"_blank\" rel=\"noopener\">Les stations Gratte-Ciel et Flachet-Alain Gilles<\/a> seront quant \u00e0 elles, r\u00e9nov\u00e9es d\u2019ici fin 2026.<\/p>\n","protected":false},"excerpt":{"rendered":"Si vous \u00eates pass\u00e9s par l\u2019arr\u00eate de m\u00e9tro Foch, vous avez peut-\u00eatre d\u00e9couvert le nouvel univers de la&hellip;\n","protected":false},"author":2,"featured_media":594327,"comment_status":"","ping_status":"","sticky":false,"template":"","format":"standard","meta":{"footnotes":""},"categories":[1889],"tags":[1111,11,2430,1687,2757,1777,674,1011,27,2428,2756,12,25,2429,104,2803],"class_list":{"0":"post-594326","1":"post","2":"type-post","3":"status-publish","4":"format-standard","5":"has-post-thumbnail","7":"category-lyon","8":"tag-actu","9":"tag-actualites","10":"tag-auvergne-rhone-alpes","11":"tag-culture-loisirs","12":"tag-edition-lyon-villeurbanne","13":"tag-eu","14":"tag-europe","15":"tag-fr","16":"tag-france","17":"tag-lyon","18":"tag-lyon-bassin","19":"tag-news","20":"tag-republique-francaise","21":"tag-rhone","22":"tag-societe","23":"tag-transport"},"share_on_mastodon":{"url":"https:\/\/pubeurope.com\/@fr\/115705050745874329","error":""},"_links":{"self":[{"href":"https:\/\/www.europesays.com\/fr\/wp-json\/wp\/v2\/posts\/594326","targetHints":{"allow":["GET"]}}],"collection":[{"href":"https:\/\/www.europesays.com\/fr\/wp-json\/wp\/v2\/posts"}],"about":[{"href":"https:\/\/www.europesays.com\/fr\/wp-json\/wp\/v2\/types\/post"}],"author":[{"embeddable":true,"href":"https:\/\/www.europesays.com\/fr\/wp-json\/wp\/v2\/users\/2"}],"replies":[{"embeddable":true,"href":"https:\/\/www.europesays.com\/fr\/wp-json\/wp\/v2\/comments?post=594326"}],"version-history":[{"count":0,"href":"https:\/\/www.europesays.com\/fr\/wp-json\/wp\/v2\/posts\/594326\/revisions"}],"wp:featuredmedia":[{"embeddable":true,"href":"https:\/\/www.europesays.com\/fr\/wp-json\/wp\/v2\/media\/594327"}],"wp:attachment":[{"href":"https:\/\/www.europesays.com\/fr\/wp-json\/wp\/v2\/media?parent=594326"}],"wp:term":[{"taxonomy":"category","embeddable":true,"href":"https:\/\/www.europesays.com\/fr\/wp-json\/wp\/v2\/categories?post=594326"},{"taxonomy":"post_tag","embeddable":true,"href":"https:\/\/www.europesays.com\/fr\/wp-json\/wp\/v2\/tags?post=594326"}],"curies":[{"name":"wp","href":"https:\/\/api.w.org\/{rel}","templated":true}]}}