{"id":594328,"date":"2025-12-12T05:56:13","date_gmt":"2025-12-12T05:56:13","guid":{"rendered":"https:\/\/www.europesays.com\/fr\/594328\/"},"modified":"2025-12-12T05:56:13","modified_gmt":"2025-12-12T05:56:13","slug":"prix-de-limmobilier-en-ile-de-france-ces-departements-qui-tirent-leur-epingle-du-jeu","status":"publish","type":"post","link":"https:\/\/www.europesays.com\/fr\/594328\/","title":{"rendered":"Prix de l\u2019immobilier en \u00cele-de-France\u00a0: ces d\u00e9partements qui tirent leur \u00e9pingle du jeu"},"content":{"rendered":"<p class=\"\">Apr\u00e8s deux ann\u00e9es de recul, le march\u00e9<a href=\"https:\/\/www.leparisien.fr\/immobilier\/\" target=\"_self\" rel=\"noopener\"> immobilier<\/a> francilien, qui repr\u00e9sente une transaction immobili\u00e8re sur cinq en France, se stabilise, voire repart l\u00e9g\u00e8rement dans certains d\u00e9partements. Mais derri\u00e8re cette apparente accalmie, de fortes disparit\u00e9s subsistent selon les territoires et les types de biens, comme l\u2019indique le barom\u00e8tre <a href=\"https:\/\/edito.seloger.com\/rubrique\/barometre-meilleursagents\" target=\"_self\" rel=\"noopener\">SeLoger-Meilleurs Agents<\/a> de d\u00e9cembre 2025.<\/p>\n<p class=\"\">\u00ab On n\u2019est pas sur une reprise franche, mais les prix ont arr\u00eat\u00e9 de baisser et le march\u00e9 est un petit peu reparti \u00bb, r\u00e9sume Thomas Lefebvre, vice-pr\u00e9sident Data du groupe. Si novembre reste traditionnellement calme, les \u00e9volutions sur un an montrent un changement de cap : \u00ab On n\u2019est plus dans le n\u00e9gatif, alors que les deux ann\u00e9es pass\u00e9es, c\u2019\u00e9tait beaucoup plus marqu\u00e9. \u00bb Sur l\u2019ensemble de la r\u00e9gion, les tarifs des appartements progressent un peu plus que celui des maisons avec + 1,5 % sur un an (6 440 euros\/m2), contre + 0,8 % (3 532 euros\/m2).<\/p>\n","protected":false},"excerpt":{"rendered":"Apr\u00e8s deux ann\u00e9es de recul, le march\u00e9 immobilier francilien, qui repr\u00e9sente une transaction immobili\u00e8re sur cinq en France,&hellip;\n","protected":false},"author":2,"featured_media":594329,"comment_status":"","ping_status":"","sticky":false,"template":"","format":"standard","meta":{"footnotes":""},"categories":[1592],"tags":[1111,11,1777,674,1011,27,662,1116,12,626,25],"class_list":{"0":"post-594328","1":"post","2":"type-post","3":"status-publish","4":"format-standard","5":"has-post-thumbnail","7":"category-ile-de-france","8":"tag-actu","9":"tag-actualites","10":"tag-eu","11":"tag-europe","12":"tag-fr","13":"tag-france","14":"tag-ile-de-france","15":"tag-immobilier","16":"tag-news","17":"tag-paris","18":"tag-republique-francaise"},"share_on_mastodon":{"url":"https:\/\/pubeurope.com\/@fr\/115705058682333655","error":""},"_links":{"self":[{"href":"https:\/\/www.europesays.com\/fr\/wp-json\/wp\/v2\/posts\/594328","targetHints":{"allow":["GET"]}}],"collection":[{"href":"https:\/\/www.europesays.com\/fr\/wp-json\/wp\/v2\/posts"}],"about":[{"href":"https:\/\/www.europesays.com\/fr\/wp-json\/wp\/v2\/types\/post"}],"author":[{"embeddable":true,"href":"https:\/\/www.europesays.com\/fr\/wp-json\/wp\/v2\/users\/2"}],"replies":[{"embeddable":true,"href":"https:\/\/www.europesays.com\/fr\/wp-json\/wp\/v2\/comments?post=594328"}],"version-history":[{"count":0,"href":"https:\/\/www.europesays.com\/fr\/wp-json\/wp\/v2\/posts\/594328\/revisions"}],"wp:featuredmedia":[{"embeddable":true,"href":"https:\/\/www.europesays.com\/fr\/wp-json\/wp\/v2\/media\/594329"}],"wp:attachment":[{"href":"https:\/\/www.europesays.com\/fr\/wp-json\/wp\/v2\/media?parent=594328"}],"wp:term":[{"taxonomy":"category","embeddable":true,"href":"https:\/\/www.europesays.com\/fr\/wp-json\/wp\/v2\/categories?post=594328"},{"taxonomy":"post_tag","embeddable":true,"href":"https:\/\/www.europesays.com\/fr\/wp-json\/wp\/v2\/tags?post=594328"}],"curies":[{"name":"wp","href":"https:\/\/api.w.org\/{rel}","templated":true}]}}