{"id":594334,"date":"2025-12-12T05:59:38","date_gmt":"2025-12-12T05:59:38","guid":{"rendered":"https:\/\/www.europesays.com\/fr\/594334\/"},"modified":"2025-12-12T05:59:38","modified_gmt":"2025-12-12T05:59:38","slug":"ou-feter-le-reveillon-du-nouvel-an-a-paris-5-restaurants-pour-une-soiree-inoubliable","status":"publish","type":"post","link":"https:\/\/www.europesays.com\/fr\/594334\/","title":{"rendered":"O\u00f9 f\u00eater le r\u00e9veillon du Nouvel An \u00e0 Paris ? 5 restaurants pour une soir\u00e9e inoubliable"},"content":{"rendered":"<p><strong>Paris, reine des nuits magiques, se pare d\u2019une atmosph\u00e8re particuli\u00e8re \u00e0 l\u2019approche du 31 d\u00e9cembre. Entre tables festives, menus cr\u00e9atifs, ambiances musicales et atmosph\u00e8res d\u00e9paysantes, la capitale regorge d\u2019adresses o\u00f9 c\u00e9l\u00e9brer le passage \u00e0 2026 avec style. Que l\u2019on recherche une soir\u00e9e fougueuse, une parenth\u00e8se r\u00e9tro, un voyage d\u00e9paysant ou un r\u00e9veillon plus gastronomique, certains restaurants parisiens ont ce petit suppl\u00e9ment d\u2019\u00e2me qui transforme un d\u00eener en un v\u00e9ritable moment \u00e0 c\u00e9l\u00e9brer.<\/strong><br \/>Voici <strong>5 restaurants o\u00f9 f\u00eater le Nouvel An \u00e0 Paris<\/strong>, chacun avec une personnalit\u00e9 bien affirm\u00e9e et une promesse diff\u00e9rente.<\/p>\n<p>Ouistiti Paris : Un r\u00e9veillon festif et convivial<\/p>\n<p><img loading=\"lazy\" decoding=\"async\" width=\"880\" height=\"587\" src=\"data:image\/svg+xml,%3Csvg%20xmlns=\" http:=\"\" alt=\"\" class=\"wp-image-200771\" data-lazy- data-lazy- data-lazy-src=\"https:\/\/www.europesays.com\/fr\/wp-content\/uploads\/2025\/12\/photo-festive-Ouistiti-1-1-1-880x587.jpg\"\/><\/p>\n<p>Le <strong>31 d\u00e9cembre<\/strong>, le <strong>Ouistiti Paris<\/strong> vous invite \u00e0 c\u00e9l\u00e9brer le passage \u00e0 2026 dans une ambiance qui allie \u00e9l\u00e9gance, rythme et g\u00e9n\u00e9rosit\u00e9. Fid\u00e8le \u00e0 son ADN festif, ce lieu convivial propose une soir\u00e9e d\u2019exception o\u00f9 gastronomie et danse se rencontrent pour faire de votre r\u00e9veillon une exp\u00e9rience m\u00e9morable. Au c\u0153ur de l\u2019atmosph\u00e8re chaleureuse et anim\u00e9e du restaurant, savourez un <strong>menu fixe \u00e9labor\u00e9 par le chef \u00e0 190 \u20ac par personne<\/strong>, con\u00e7u pour \u00e9veiller les sens et inaugurer la nouvelle ann\u00e9e avec d\u00e9lice.<br \/>D\u00e8s la fin du d\u00eener, la musique prend le relais : <strong>les rythmes du DJ <\/strong>vous entra\u00eenent sur la piste pour une soir\u00e9e dansante jusqu\u2019au bout de la nuit. Que vous veniez entre amis, en couple ou en groupe, le Ouistiti Paris promet un r\u00e9veillon o\u00f9 plaisir culinaire et bonne humeur se r\u00e9pondent. <a href=\"https:\/\/www.parisselectbook.com\/2025\/10\/06\/ouistiti-paris-ce-restaurant-festif-du-8eme-propose-le-combo-parfait-gastronomie-inventive-soiree-musicale-et-cocktails-dexception\/\" target=\"_blank\" rel=\"noopener\">En savoir plus <\/a><\/p>\n<p>\ud83d\udccd<a href=\"https:\/\/www.google.com\/maps\/place\/\/data=!4m2!3m1!1s0x47e66fa5990107b5:0x4d5419fa2a6ed90d?sa=X&amp;ved=1t:8290&amp;ictx=111\" target=\"_blank\" rel=\"noopener\">58 Rue de l\u2019Arcade, 75008 Paris<\/a><br \/><strong>\ud83d\udcde <\/strong>R\u00e9servations<strong> :<\/strong> 06 07 08 10 48<br \/>\ud83c\udf10 <a href=\"https:\/\/www.ouistiti-restaurant.fr\/\" target=\"_blank\" rel=\"noreferrer noopener\">Site <\/a><\/p>\n<p><strong>Clodette : Un r\u00e9veillon r\u00e9tro qui remet les ann\u00e9es 70 au go\u00fbt du jour<\/strong><\/p>\n<p><img loading=\"lazy\" decoding=\"async\" width=\"880\" height=\"587\" src=\"data:image\/svg+xml,%3Csvg%20xmlns=\" http:=\"\" alt=\"\" class=\"wp-image-200751\" data-lazy- data-lazy- data-lazy-src=\"https:\/\/www.europesays.com\/fr\/wp-content\/uploads\/2025\/12\/118A1199-hotel-restaurant-ginette-bd-880x587.jpg\"\/><\/p>\n<p><a href=\"https:\/\/www.clodetteparis.com\/\" target=\"_blank\" rel=\"noreferrer noopener\">Chez Clodette<\/a>, on f\u00eate le jour de l\u2019An comme une soir\u00e9e r\u00e9tro qu\u2019on aurait r\u00eav\u00e9 vivre. Le restaurant, d\u00e9cor nostalgique, couleurs chaudes, convivialit\u00e9 assum\u00e9e, propose un d\u00eener du 31 d\u00e9cembre tout en panache. Le menu joue la carte du g\u00e9n\u00e9reux et du savoureux : foie gras po\u00eal\u00e9 sur cr\u00e8me de ma\u00efs et kumquat confit, langoustines froides \u00e0 l\u2019avruga, lotte r\u00f4tie au lard de Colonnata, poularde truff\u00e9e puis trou normand glac\u00e9 au gin hibiscus, avant une divine tarte chocolat-cardamome.<br \/>Clodette assume son esprit seventies, entre chic et bonne humeur, pour cr\u00e9er un r\u00e9veillon vivant, gourmand et ultra chaleureux,  un lieu parfait pour ceux qui veulent accueillir 2026 avec autant de style que de plaisir.<\/p>\n<p><strong>\ud83d\udccd<\/strong> <strong>\u00a0<\/strong><a href=\"https:\/\/www.google.com\/maps\/place\/\/data=!4m2!3m1!1s0x47e67b88cd0e6b41:0xed0aa8fc41d3b3db?sa=X&amp;ved=1t:8290&amp;ictx=111\" target=\"_blank\" rel=\"noopener\">73 Rue Boileau, 75016 Paris<\/a><br \/><strong>\ud83d\udcde <\/strong>R\u00e9servations<strong> : \u00a0<\/strong><a href=\"https:\/\/www.google.com\/search?q=clodette&amp;rlz=1C5CHFA_enFR1143FR1146&amp;oq=clodette+&amp;gs_lcrp=EgZjaHJvbWUyBggAEEUYOTIOCAEQABgKGEMYgAQYigUyEQgCEC4YChgLGIMBGLEDGIAEMgsIAxAuGAoYCxiABDIOCAQQLhgKGAsYsQMYgAQyBwgFEAAYgAQyFAgGEC4YChgLGK8BGMcBGIAEGI4FMgsIBxAuGAoYCxiABDIUCAgQLhgKGAsYrwEYxwEYgAQYjgUyCwgJEC4YChgLGIAE0gEIMzE5M2owajeoAgiwAgHxBand1Oh5edfc&amp;sourceid=chrome&amp;ie=UTF-8#\" target=\"_blank\" rel=\"noopener\">01 85 09 01 08<\/a><br \/>\ud83c\udf10 <a href=\"http:\/\/clodetteparis.com\" target=\"_blank\" rel=\"noreferrer noopener\">Site <\/a><\/p>\n<p><strong>Bazurto : Un r\u00e9veillon caliente au c\u0153ur de Saint-Germain<\/strong><\/p>\n<p><img loading=\"lazy\" decoding=\"async\" width=\"880\" height=\"480\" src=\"data:image\/svg+xml,%3Csvg%20xmlns=\" http:=\"\" alt=\"\" class=\"wp-image-200753\" data-lazy- data-lazy- data-lazy-src=\"https:\/\/www.europesays.com\/fr\/wp-content\/uploads\/2025\/12\/Bazurto-880x480.png\"\/><\/p>\n<p>\u00c0 deux pas de l\u2019Od\u00e9on, <strong>Bazurto<\/strong> transforme votre r\u00e9veillon en escapade colombienne \u00e9pic\u00e9e et vibrante. Lumi\u00e8res chaudes, DJ set, cocktails percutants : l\u2019\u00e9nergie du lieu est un voyage en soi. Le menu d\u00e9gustation du 31 d\u00e9cembre (120 \u20ac) encha\u00eene les assiettes signatures : pan de yuca \u00e0 l\u2019anguille fum\u00e9e, chicharrones croustillants, ceviche de maigre au shiso rouge, Saint-Jacques et turbot brais\u00e9s, c\u00f4te de b\u0153uf matur\u00e9e\u2026 Un feu d\u2019artifice de saveurs, puissant et solaire.<br \/>On termine avec le dessert \u00ab Colombitzu \u00bb, aussi explosif que le reste. Une soir\u00e9e id\u00e9ale pour ceux qui veulent un r\u00e9veillon festif, d\u00e9paysant et r\u00e9solument vivant.<br \/>\ud83d\udccd<strong>\u00a0<\/strong><a href=\"https:\/\/www.google.com\/maps\/place\/\/data=!4m2!3m1!1s0x47e671c4d68a9bdf:0x262fd10028af03e8?sa=X&amp;ved=1t:8290&amp;ictx=111\" target=\"_blank\" rel=\"noopener\">5 Rue de l\u2019Ancienne Com\u00e9die, 75006 Paris<\/a><br \/><strong>\ud83d\udcde <\/strong>R\u00e9servation<strong> : \u00a0<\/strong><a href=\"https:\/\/www.google.com\/search?q=barzuto&amp;rlz=1C5CHFA_enFR1143FR1146&amp;oq=barzuto+&amp;gs_lcrp=EgZjaHJvbWUyBggAEEUYOTIUCAEQLhgKGAsYrwEYxwEYgAQYjgUyCwgCEAAYChgLGIAEMhEIAxAuGAoYCxivARjHARiABDILCAQQABgKGAsYgAQyCwgFEAAYChgLGIAEMgsIBhAAGAoYCxiABDILCAcQABgKGAsYgAQyCwgIEAAYChgLGIAE0gEIMzc3N2owajSoAgCwAgE&amp;sourceid=chrome&amp;ie=UTF-8&amp;zx=1765468120727&amp;no_sw_cr=1#\" target=\"_blank\" rel=\"noopener\">01 43 20 92 22<\/a><br \/>\ud83c\udf10 <a href=\"https:\/\/www.bazurtorestaurant.com\/\" target=\"_blank\" rel=\"noreferrer noopener\">Site<\/a> <\/p>\n<p><strong>Vend\u00e9miaire : Un r\u00e9veillon raffin\u00e9 sous la houlette du Chef Jeffrey Quetin<\/strong><\/p>\n<p><img loading=\"lazy\" decoding=\"async\" width=\"640\" height=\"427\" src=\"data:image\/svg+xml,%3Csvg%20xmlns=\" http:=\"\" alt=\"\" class=\"wp-image-200756\" data-lazy- data-lazy- data-lazy-src=\"https:\/\/www.europesays.com\/fr\/wp-content\/uploads\/2025\/12\/Jeffrey-et-Vendemiaire-3.jpeg\"\/><\/p>\n<p>Pour un r\u00e9veillon du 31 d\u00e9cembre plac\u00e9 sous le signe de l\u2019\u00e9l\u00e9gance, <strong>Vend\u00e9miaire<\/strong> s\u2019impose comme l\u2019une des plus belles adresses du 7\u1d49 arrondissement. Sous l\u2019impulsion de son nouveau chef, <strong>Jeffrey Quetin<\/strong> (pass\u00e9 par Le Gabriel***, L\u2019Orangerie**, Maison Rostang**), la maison renoue avec une gastronomie fran\u00e7aise exigeante, pr\u00e9cise et pleine de caract\u00e8re. Dans un d\u00e9cor sobre et chic, le restaurant d\u00e9voile un menu du Nouvel An pens\u00e9 comme une v\u00e9ritable ascension culinaire, o\u00f9 chaque plat compose une \u00e9tape vers le passage \u00e0 2026.<br \/>Le d\u00eener s\u2019ouvre sur une <strong>hu\u00eetre gratin\u00e9e<\/strong>, suivie d\u2019un d\u00e9licat mariage de <strong>topinambours et truffe<\/strong>, avant de laisser place \u00e0 un <strong>Saint-Pierre<\/strong> sublim\u00e9 par une sauce Noilly Prat et caviar. Le <strong>chevreuil r\u00f4ti<\/strong>, accompagn\u00e9 de salsifis et d\u2019un jus de gibier intense, affirme toute la puissance gastronomique de ce r\u00e9veillon. En final, <strong>Mont d\u2019Or truff\u00e9<\/strong> puis <strong>souffl\u00e9 Grand Marnier<\/strong> apportent une note chaleureuse et scintillante \u00e0 cette soir\u00e9e unique.<br \/><strong>Prix du menu : 160 \u20ac par personne.<\/strong><\/p>\n<p>\ud83d\udccd54 boulevard de la Tour-Maubourg, 75007 Paris<br \/>\ud83d\udcde R\u00e9servation : 01 71 32 33 23<br \/>\ud83c\udf10 Instagram : <strong>@brasserie.vendemiaire<\/strong><\/p>\n<p><strong>Aqua Kyoto Paris : Un reveillon chic en hauteur, au-dessus des Champs-\u00c9lys\u00e9es<\/strong><\/p>\n<p><img loading=\"lazy\" decoding=\"async\" width=\"880\" height=\"587\" src=\"data:image\/svg+xml,%3Csvg%20xmlns=\" http:=\"\" alt=\"\" class=\"wp-image-200760\" data-lazy- data-lazy- data-lazy-src=\"https:\/\/www.europesays.com\/fr\/wp-content\/uploads\/2025\/12\/aqua-kyoto-japanese-regent-street-dickens-jones-58-1729765383-880x587.jpg\"\/><\/p>\n<p>Pour vivre le passage \u00e0 2026 au plus pr\u00e8s de la magie parisienne, <strong>Aqua Kyoto Paris<\/strong> est l\u2019une des adresses les plus spectaculaires de la capitale. Install\u00e9 sur le toit du <strong>26 avenue des Champs-\u00c9lys\u00e9es<\/strong>, le restaurant offre une vue imprenable sur l\u2019Arc de Triomphe, transformant la soir\u00e9e du 31 d\u00e9cembre en un moment suspendu, loin de la foule et au c\u0153ur des festivit\u00e9s officielles de la Ville de Paris.<br \/>Entre <strong>show lumineux<\/strong>, <strong>animations musicales<\/strong>, <strong>compte \u00e0 rebours<\/strong> et <strong>feu d\u2019artifice tir\u00e9 en direct<\/strong>, la vue depuis le rooftop devient un privil\u00e8ge rare.<\/p>\n<p>Pour le r\u00e9veillon, Aqua Kyoto imagine une c\u00e9l\u00e9bration m\u00ealant <strong>gastronomie japonaise contemporaine<\/strong> et ambiance \u00e9lectrisante. D\u00e8s la nuit tomb\u00e9e, la terrasse se m\u00e9tamorphose en <strong>champagne lounge<\/strong>, accueillant deux danseuses r\u00e9interpr\u00e9tant la danse \u00e9ventail japonaise dans une version moderne et captivante. Le DJ @elva_musica prolonge l\u2019exp\u00e9rience avec un set \u00e9nergisant, parfait pour entrer dans la nouvelle ann\u00e9e \u00e0 la hauteur de l\u2019\u00e9v\u00e8nement.<\/p>\n<p>Deux services rythment la soir\u00e9e :<br \/>\u2022 <strong>19h00 \u2013 200 \u20ac par personne<\/strong><br \/>\u2022 <strong>21h45 \u2013 300 \u20ac par personne<\/strong>, incluant une coupe de champagne et la vue directe sur les feux d\u2019artifice.<\/p>\n<p>\ud83d\udccd Aqua Kyoto  Rooftop du 26 avenue des Champs-\u00c9lys\u00e9es, 75008 Paris<br \/>\ud83d\udcde R\u00e9servation : <a href=\"https:\/\/www.google.com\/search?q=aqua+kioto&amp;rlz=1C5CHFA_enFR1143FR1146&amp;oq=aqua+kioto+&amp;gs_lcrp=EgZjaHJvbWUyBggAEEUYOTIYCAEQLhgUGK8BGMcBGIcCGLEDGIAEGI4FMgoIAhAAGLEDGIAEMgcIAxAAGIAEMgcIBBAAGIAEMgcIBRAAGIAEMgcIBhAAGIAEMgcIBxAAGIAEMgcICBAAGIAE0gEINDk0OWowajeoAgiwAgHxBeWHyIKk0vI3&amp;sourceid=chrome&amp;ie=UTF-8#\" target=\"_blank\" rel=\"noopener\">01 86 22 35 85<\/a><br \/>\ud83c\udf10 <a href=\"https:\/\/aquakyoto.fr\/fr\/aqua-kyoto-paris\/\" target=\"_blank\" rel=\"noopener\">Site<\/a> <\/p>\n<p>D\u00e9couvrez nos autres adresses, pour un r\u00e9veillon magique :<\/p>\n<p><a href=\"https:\/\/www.parisselectbook.com\/2025\/12\/11\/reveillon-du-jour-de-lan-au-warwick-paris-un-diner-de-saint-silvestre-toute-en-elegance-a-quelques-pas-des-champs-elysees\/\" target=\"_blank\" rel=\"noopener\">Au Warwick <\/a> ( quartier Champs-\u00c9lys\u00e9es), <a href=\"https:\/\/www.parisselectbook.com\/2025\/11\/27\/le-celadon-diners-etoiles-et-reveillon-dexception-pour-un-mois-de-decembre-sous-le-signe-de-la-fete-et-du-raffinement\/\" target=\"_blank\" rel=\"noopener\">Au C\u00e9ladon<\/a> ( Quartier Vend\u00f4me ),Au <a href=\"https:\/\/www.parisselectbook.com\/2025\/12\/08\/fetes-de-fin-dannee-a-paris-noel-et-reveillon-du-jour-de-lan-au-grand-cafe-fauchon\/\" target=\"_blank\" rel=\"noopener\">Grand Caf\u00e9 Fauchon <\/a>( Quartier Madeleine) <\/p>\n","protected":false},"excerpt":{"rendered":"Paris, reine des nuits magiques, se pare d\u2019une atmosph\u00e8re particuli\u00e8re \u00e0 l\u2019approche du 31 d\u00e9cembre. Entre tables festives,&hellip;\n","protected":false},"author":2,"featured_media":594335,"comment_status":"","ping_status":"","sticky":false,"template":"","format":"standard","meta":{"footnotes":""},"categories":[1888],"tags":[11,30992,1777,674,1011,27,12,626,25,1340],"class_list":{"0":"post-594334","1":"post","2":"type-post","3":"status-publish","4":"format-standard","5":"has-post-thumbnail","7":"category-paris","8":"tag-actualites","9":"tag-adresse","10":"tag-eu","11":"tag-europe","12":"tag-fr","13":"tag-france","14":"tag-news","15":"tag-paris","16":"tag-republique-francaise","17":"tag-restaurant"},"share_on_mastodon":{"url":"https:\/\/pubeurope.com\/@fr\/115705070557208510","error":""},"_links":{"self":[{"href":"https:\/\/www.europesays.com\/fr\/wp-json\/wp\/v2\/posts\/594334","targetHints":{"allow":["GET"]}}],"collection":[{"href":"https:\/\/www.europesays.com\/fr\/wp-json\/wp\/v2\/posts"}],"about":[{"href":"https:\/\/www.europesays.com\/fr\/wp-json\/wp\/v2\/types\/post"}],"author":[{"embeddable":true,"href":"https:\/\/www.europesays.com\/fr\/wp-json\/wp\/v2\/users\/2"}],"replies":[{"embeddable":true,"href":"https:\/\/www.europesays.com\/fr\/wp-json\/wp\/v2\/comments?post=594334"}],"version-history":[{"count":0,"href":"https:\/\/www.europesays.com\/fr\/wp-json\/wp\/v2\/posts\/594334\/revisions"}],"wp:featuredmedia":[{"embeddable":true,"href":"https:\/\/www.europesays.com\/fr\/wp-json\/wp\/v2\/media\/594335"}],"wp:attachment":[{"href":"https:\/\/www.europesays.com\/fr\/wp-json\/wp\/v2\/media?parent=594334"}],"wp:term":[{"taxonomy":"category","embeddable":true,"href":"https:\/\/www.europesays.com\/fr\/wp-json\/wp\/v2\/categories?post=594334"},{"taxonomy":"post_tag","embeddable":true,"href":"https:\/\/www.europesays.com\/fr\/wp-json\/wp\/v2\/tags?post=594334"}],"curies":[{"name":"wp","href":"https:\/\/api.w.org\/{rel}","templated":true}]}}