{"id":594336,"date":"2025-12-12T06:00:14","date_gmt":"2025-12-12T06:00:14","guid":{"rendered":"https:\/\/www.europesays.com\/fr\/594336\/"},"modified":"2025-12-12T06:00:14","modified_gmt":"2025-12-12T06:00:14","slug":"immobilier-a-paris-dans-le-xe-et-le-xviiie-familles-et-primo-accedants-tirent-les-prix-vers-le-haut","status":"publish","type":"post","link":"https:\/\/www.europesays.com\/fr\/594336\/","title":{"rendered":"Immobilier \u00e0 Paris\u00a0: dans le Xe et le XVIIIe, familles et primo-acc\u00e9dants tirent les prix vers le haut"},"content":{"rendered":"<p class=\"\">C\u2019est une tendance qui devrait satisfaire les propri\u00e9taires qui cherchent \u00e0 c\u00e9der leur bien. Et une mauvaise nouvelle pour les acqu\u00e9reurs en qu\u00eate du juste prix. \u00c0 <a href=\"https:\/\/www.leparisien.fr\/paris-75\/\" target=\"_self\" rel=\"noopener\">Paris<\/a>, la tendance \u00e0 la hausse des prix de <a href=\"https:\/\/www.leparisien.fr\/immobilier\/\" target=\"_self\" rel=\"noopener\">l\u2019immobilier<\/a> observ\u00e9e <a href=\"https:\/\/www.leparisien.fr\/immobilier\/paris-les-prix-de-limmobilier-repartent-a-la-hausse-avec-une-augmentation-de-23-en-un-an-06-09-2025-ZY6DZS3OUNDGVMPTFX5UOLLRKM.php\" target=\"_self\" rel=\"noopener\">en septembre<\/a> se poursuit en cette fin d\u2019ann\u00e9e.<\/p>\n<p class=\"\">Le prix moyen des appartements, estim\u00e9 \u00e0 9 718 euros d\u00e9but d\u00e9cembre, a augment\u00e9 d\u20191,7 % sur les douze derniers mois dans la capitale, selon le dernier barom\u00e8tre de notre partenaire <a href=\"https:\/\/edito.seloger.com\/rubrique\/barometre-meilleursagents\" target=\"_self\" rel=\"noopener\">Se Loger-Meilleurs Agents<\/a>. Le march\u00e9 parisien semble retrouver un peu de vigueur, alors que les prix affichaient une baisse de plus de 7 % entre d\u00e9cembre 2022 et d\u00e9cembre 2023, et encore &#8211; 1,1 % l\u2019an dernier. Autre indicateur notable : 11 arrondissements sur 20 d\u00e9passent aujourd\u2019hui <a href=\"https:\/\/www.leparisien.fr\/immobilier\/immobilier-a-paris-la-reprise-est-la-mais-seuls-neuf-arrondissements-font-rever-les-acheteurs-14-11-2025-XOCCRDOXG5F7TIC2U4WQEDCFHI.php\" target=\"_self\" rel=\"noopener\">la barre symbolique des 10 000 euros\/m2<\/a>.<\/p>\n","protected":false},"excerpt":{"rendered":"C\u2019est une tendance qui devrait satisfaire les propri\u00e9taires qui cherchent \u00e0 c\u00e9der leur bien. Et une mauvaise nouvelle&hellip;\n","protected":false},"author":2,"featured_media":594337,"comment_status":"","ping_status":"","sticky":false,"template":"","format":"standard","meta":{"footnotes":""},"categories":[1888],"tags":[11,1777,674,1011,27,1116,12,626,25],"class_list":{"0":"post-594336","1":"post","2":"type-post","3":"status-publish","4":"format-standard","5":"has-post-thumbnail","7":"category-paris","8":"tag-actualites","9":"tag-eu","10":"tag-europe","11":"tag-fr","12":"tag-france","13":"tag-immobilier","14":"tag-news","15":"tag-paris","16":"tag-republique-francaise"},"share_on_mastodon":{"url":"https:\/\/pubeurope.com\/@fr\/115705074287758392","error":""},"_links":{"self":[{"href":"https:\/\/www.europesays.com\/fr\/wp-json\/wp\/v2\/posts\/594336","targetHints":{"allow":["GET"]}}],"collection":[{"href":"https:\/\/www.europesays.com\/fr\/wp-json\/wp\/v2\/posts"}],"about":[{"href":"https:\/\/www.europesays.com\/fr\/wp-json\/wp\/v2\/types\/post"}],"author":[{"embeddable":true,"href":"https:\/\/www.europesays.com\/fr\/wp-json\/wp\/v2\/users\/2"}],"replies":[{"embeddable":true,"href":"https:\/\/www.europesays.com\/fr\/wp-json\/wp\/v2\/comments?post=594336"}],"version-history":[{"count":0,"href":"https:\/\/www.europesays.com\/fr\/wp-json\/wp\/v2\/posts\/594336\/revisions"}],"wp:featuredmedia":[{"embeddable":true,"href":"https:\/\/www.europesays.com\/fr\/wp-json\/wp\/v2\/media\/594337"}],"wp:attachment":[{"href":"https:\/\/www.europesays.com\/fr\/wp-json\/wp\/v2\/media?parent=594336"}],"wp:term":[{"taxonomy":"category","embeddable":true,"href":"https:\/\/www.europesays.com\/fr\/wp-json\/wp\/v2\/categories?post=594336"},{"taxonomy":"post_tag","embeddable":true,"href":"https:\/\/www.europesays.com\/fr\/wp-json\/wp\/v2\/tags?post=594336"}],"curies":[{"name":"wp","href":"https:\/\/api.w.org\/{rel}","templated":true}]}}