{"id":594340,"date":"2025-12-12T06:03:12","date_gmt":"2025-12-12T06:03:12","guid":{"rendered":"https:\/\/www.europesays.com\/fr\/594340\/"},"modified":"2025-12-12T06:03:12","modified_gmt":"2025-12-12T06:03:12","slug":"trump-extremement-frustre-et-lidee-dune-zone-demilitarisee-dans-le-donbass","status":"publish","type":"post","link":"https:\/\/www.europesays.com\/fr\/594340\/","title":{"rendered":"Trump \u00ab\u00a0extr\u00eamement frustr\u00e9\u00a0\u00bb et l\u2019id\u00e9e d\u2019une zone d\u00e9militaris\u00e9e dans le Donbass\u2026"},"content":{"rendered":"<p>Sept bless\u00e9s dans une attaque de drone en Russie<\/p>\n<p>Sept personnes, parmi lesquelles un enfant, ont \u00e9t\u00e9 bless\u00e9es dans la nuit \u00e0 la suite d\u2019une attaque de drone ukrainienne \u00e0 Tver, \u00e0 environ 180\u00a0km au nord-ouest de Moscou, indiquent les autorit\u00e9s locales.<\/p>\n<p>\u00ab\u00a0A Tver, on est en train de combattre les cons\u00e9quences de la chute des d\u00e9bris d\u2019un drone sur un immeuble r\u00e9sidentiel\u00a0\u00bb, a \u00e9crit sur Telegram le gouverneur r\u00e9gional par int\u00e9rim, Vitali Koroliov.<\/p>\n<p>Selon lui, \u00ab\u00a0six adultes et un enfant\u00a0\u00bb ont \u00e9t\u00e9 bless\u00e9s dans l\u2019attaque, et une vingtaine d\u2019habitants ont d\u00fb \u00eatre \u00e9vacu\u00e9s en raison des dommages inflig\u00e9s \u00e0 l\u2019immeuble.<\/p>\n<p>Selon l\u2019agence officielle Tass, la chute des d\u00e9bris du drone a provoqu\u00e9 un violent incendie dans un appartement, et les vitres de plusieurs autres ont \u00e9t\u00e9 bris\u00e9es.<\/p>\n<p>L\u2019id\u00e9e d\u2019une zone d\u00e9militaris\u00e9e dans le Donbass fait son chemin<\/p>\n<p>Dans un entretien jeudi soir au journal Le Monde, Mikha\u00eflo Podoliak, conseiller de Volodymyr Zelensky, a sembl\u00e9 se rallier \u00e0 l\u2019id\u00e9e d\u2019une zone d\u00e9militaris\u00e9e dans le Donbass. Elle \u00ab\u00a0devra exister de part et d\u2019autre de la ligne\u00a0\u00bb o\u00f9 serait d\u00e9ploy\u00e9 \u00ab\u00a0un contingent \u00e9tranger\u00a0\u00bb\u00a0: \u00ab\u00a0C\u2019est un format naturel de fin de conflit, sachant qu\u2019une partie du territoire restera malheureusement sous occupation de facto de la Russie et qu\u2019une ligne de s\u00e9paration sera fix\u00e9e de toute fa\u00e7on.\u00a0\u00bb, a-t-il dit.<\/p>\n<p>Press\u00e9 d\u2019en finir avec cette guerre, Trump s\u2019impatiente et serait \u00ab\u00a0extr\u00eamement frustr\u00e9\u00a0\u00bb<\/p>\n<p>Donald Trump est pour sa part \u00ab\u00a0extr\u00eamement frustr\u00e9\u00a0\u00bb par les deux camps\u00a0: \u00ab\u00a0Le pr\u00e9sident est extr\u00eamement frustr\u00e9 par les deux camps impliqu\u00e9s dans cette guerre, et il en a assez des r\u00e9unions qui n\u2019ont d\u2019autre but que de se r\u00e9unir\u00a0\u00bb, a d\u00e9clar\u00e9 \u00e0 la presse la porte-parole de la Maison Blanche Karoline Leavitt. \u00ab\u00a0Il ne veut plus des paroles. Il veut des actes. Il veut que cette guerre prenne fin\u00a0\u00bb, a-t-elle poursuivi.<\/p>\n<p>Jeudi, Volodymyr Zelensky a lev\u00e9 le voile sur les intentions de Trump concernant le territoire ukrainien afin de n\u00e9gocier avec la Russie<\/p>\n<p>Le pr\u00e9sident ukrainien Volodymyr Zelensky a d\u00e9clar\u00e9 jeudi que les Etats-Unis continuaient de demander d&rsquo;importantes concessions de la part de son pays dans les n\u00e9gociations pour mettre fin \u00e0 la guerre avec la Russie, dont le retrait de ses troupes du Donbass.<\/p>\n<p>Selon Volodymyr Zelensky, les deux questions essentielles restant \u00e0 n\u00e9gocier sont le contr\u00f4le de la r\u00e9gion orientale de Donetsk, o\u00f9 se d\u00e9roule l&rsquo;essentiel des combats, et le statut de la centrale nucl\u00e9aire de Zaporijjia, occup\u00e9e par Moscou dans le sud de l&rsquo;Ukraine.<\/p>\n<p>Zelensky a assur\u00e9 aux journalistes, dont ceux de l&rsquo;AFP, que Washington \u00ab voit les forces ukrainiennes se retirer \u00bb de la partie de la r\u00e9gion de Donetsk qu&rsquo;elles contr\u00f4lent encore et qui serait transform\u00e9e en \u00ab zone \u00e9conomique libre \u00bb ou \u00ab zone d\u00e9militaris\u00e9e \u00bb.<\/p>\n<p>Bonjour et bienvenue dans ce nouveau live<\/p>\n<p>Chaque jour, \u00ab 20 Minutes \u00bb fait le point en direct avec vous sur les derni\u00e8res actualit\u00e9s de la guerre en Ukraine via nos articles live comment\u00e9s. La guerre a \u00e9t\u00e9 d\u00e9clar\u00e9e avec l&rsquo;invasion du pays par la Russie dans la nuit du 23 au 24 f\u00e9vrier 2022. Ce jeudi, il s&rsquo;agit d\u00e9j\u00e0 du 1.387e jour du conflit.<\/p>\n","protected":false},"excerpt":{"rendered":"Sept bless\u00e9s dans une attaque de drone en Russie Sept personnes, parmi lesquelles un enfant, ont \u00e9t\u00e9 bless\u00e9es&hellip;\n","protected":false},"author":2,"featured_media":594341,"comment_status":"","ping_status":"","sticky":false,"template":"","format":"standard","meta":{"footnotes":""},"categories":[1590],"tags":[47,11,75,1777,674,131,74,1916,12,132,220,135,134],"class_list":{"0":"post-594340","1":"post","2":"type-post","3":"status-publish","4":"format-standard","5":"has-post-thumbnail","7":"category-ukraine","8":"tag-actualite","9":"tag-actualites","10":"tag-donald-trump","11":"tag-eu","12":"tag-europe","13":"tag-guerre-en-ukraine","14":"tag-monde","15":"tag-moscou","16":"tag-news","17":"tag-russie","18":"tag-ukraine","19":"tag-vladimir-poutine","20":"tag-volodymyr-zelensky"},"share_on_mastodon":{"url":"https:\/\/pubeurope.com\/@fr\/115705086207258217","error":""},"_links":{"self":[{"href":"https:\/\/www.europesays.com\/fr\/wp-json\/wp\/v2\/posts\/594340","targetHints":{"allow":["GET"]}}],"collection":[{"href":"https:\/\/www.europesays.com\/fr\/wp-json\/wp\/v2\/posts"}],"about":[{"href":"https:\/\/www.europesays.com\/fr\/wp-json\/wp\/v2\/types\/post"}],"author":[{"embeddable":true,"href":"https:\/\/www.europesays.com\/fr\/wp-json\/wp\/v2\/users\/2"}],"replies":[{"embeddable":true,"href":"https:\/\/www.europesays.com\/fr\/wp-json\/wp\/v2\/comments?post=594340"}],"version-history":[{"count":0,"href":"https:\/\/www.europesays.com\/fr\/wp-json\/wp\/v2\/posts\/594340\/revisions"}],"wp:featuredmedia":[{"embeddable":true,"href":"https:\/\/www.europesays.com\/fr\/wp-json\/wp\/v2\/media\/594341"}],"wp:attachment":[{"href":"https:\/\/www.europesays.com\/fr\/wp-json\/wp\/v2\/media?parent=594340"}],"wp:term":[{"taxonomy":"category","embeddable":true,"href":"https:\/\/www.europesays.com\/fr\/wp-json\/wp\/v2\/categories?post=594340"},{"taxonomy":"post_tag","embeddable":true,"href":"https:\/\/www.europesays.com\/fr\/wp-json\/wp\/v2\/tags?post=594340"}],"curies":[{"name":"wp","href":"https:\/\/api.w.org\/{rel}","templated":true}]}}