{"id":594350,"date":"2025-12-12T06:08:20","date_gmt":"2025-12-12T06:08:20","guid":{"rendered":"https:\/\/www.europesays.com\/fr\/594350\/"},"modified":"2025-12-12T06:08:20","modified_gmt":"2025-12-12T06:08:20","slug":"pekin-met-en-garde-lue-contre-des-negociations-separees-avec-les-entreprises-chinoises","status":"publish","type":"post","link":"https:\/\/www.europesays.com\/fr\/594350\/","title":{"rendered":"P\u00e9kin met en garde l&rsquo;UE contre des n\u00e9gociations s\u00e9par\u00e9es avec les entreprises chinoises"},"content":{"rendered":"<p>AA \/ Istanbul \/ Saadet Gokce<\/p>\n<p>P\u00e9kin a adress\u00e9, jeudi, une mise en garde \u00e0 l&rsquo;Union europ\u00e9enne contre la tenue de n\u00e9gociations s\u00e9par\u00e9es avec des entreprises chinoises, alors que les deux parties sont engag\u00e9es dans un dialogue concernant l&rsquo;enqu\u00eate antisubventions de l&rsquo;UE sur les v\u00e9hicules \u00e9lectriques chinois.<\/p>\n<p>Bien que la Chine et l&rsquo;UE poursuivent leur dialogue sur les mesures de d\u00e9fense commerciale, \u00ab les discussions s\u00e9par\u00e9es de l&rsquo;UE avec des entreprises chinoises individuelles risquent de nuire \u00e0 la confiance mutuelle et de ralentir les progr\u00e8s globaux \u00bb, a d\u00e9clar\u00e9 He Yadong, porte-parole du minist\u00e8re du Commerce, cit\u00e9 par l&rsquo;agence de presse officielle Xinhua.<\/p>\n<p>&#8211; Vers une position unifi\u00e9e<\/p>\n<p>Des discussions sur les recours commerciaux ont eu lieu plus t\u00f4t cette semaine entre P\u00e9kin et Bruxelles, et les consultations devraient se poursuivre la semaine prochaine, a pr\u00e9cis\u00e9 le porte-parole. Il a salu\u00e9 la d\u00e9cision de l&rsquo;UE de reprendre les consultations sur les \u00ab engagements de prix \u00bb, se f\u00e9licitant de ce \u00ab retour sur la voie de la r\u00e9solution des diff\u00e9rends par le dialogue \u00bb.<\/p>\n<p>La Chine d\u00e9fend \u00ab une solution qui repr\u00e9senterait une position unifi\u00e9e de l&rsquo;industrie \u00bb, a soulign\u00e9 He Yadong, ajoutant que les deux parties ont tenu plusieurs cycles de consultations sur cette base et r\u00e9alis\u00e9 des progr\u00e8s.<\/p>\n<p>\u00ab La Chine esp\u00e8re que l&rsquo;UE agira selon l&rsquo;important consensus atteint par les dirigeants des deux parties, respectera strictement le principe de non-discrimination et [&#8230;] r\u00e9soudra correctement les frictions par le dialogue et la consultation dans les meilleurs d\u00e9lais \u00bb, a-t-il insist\u00e9.<\/p>\n<p>\u00ab Cela favoriserait un environnement de march\u00e9 ouvert et stable pour le d\u00e9veloppement des industries, tant en Chine que dans l&rsquo;UE \u00bb, a-t-il ajout\u00e9.<\/p>\n<p>&#8211; Le contexte Volkswagen<\/p>\n<p>Cette mise en garde intervient alors que, selon un rapport du South China Morning Post publi\u00e9 la semaine derni\u00e8re, l&rsquo;UE a lanc\u00e9 pour la premi\u00e8re fois un examen formel d&rsquo;une offre d&rsquo;engagement de prix \u00e9manant d&rsquo;une entreprise sp\u00e9cifique cherchant \u00e0 \u00e9viter les surtaxes. Cette d\u00e9marche ferait suite \u00e0 une proposition soumise par une coentreprise chinoise de Volkswagen.<\/p>\n<p>* Traduit de l&rsquo;anglais par Mariem Njeh<\/p>\n<p>                            &#13;<br \/>\n                                <a href=\"https:\/\/www.aa.com.tr\/fr\/p\/abonnement\/1001\" target=\"_blank\" style=\"font-size:12px; color:#444; text-decoration:none;\" rel=\"noopener\">&#13;<br \/>\n                                    Seulement une partie des d\u00e9p\u00eaches, que l&rsquo;Agence Anadolu diffuse \u00e0 ses abonn\u00e9s via le Syst\u00e8me de Diffusion interne (HAS), est diffus\u00e9e sur le site de l&rsquo;AA, de mani\u00e8re r\u00e9sum\u00e9e. <b style=\"color:#1897F7\">Contactez-nous s&rsquo;il vous pla\u00eet pour vous abonner.<\/b>&#13;<br \/>\n                                <\/a>&#13;<\/p>\n","protected":false},"excerpt":{"rendered":"AA \/ Istanbul \/ Saadet Gokce P\u00e9kin a adress\u00e9, jeudi, une mise en garde \u00e0 l&rsquo;Union europ\u00e9enne contre&hellip;\n","protected":false},"author":2,"featured_media":594351,"comment_status":"","ping_status":"","sticky":false,"template":"","format":"standard","meta":{"footnotes":""},"categories":[1586],"tags":[11,1785,309,70722,1777,674,1779,1011,27,12,25,1778,364],"class_list":{"0":"post-594350","1":"post","2":"type-post","3":"status-publish","4":"format-standard","5":"has-post-thumbnail","7":"category-europe","8":"tag-actualites","9":"tag-anadolu-ajansi","10":"tag-chine","11":"tag-entreprises-chinoises","12":"tag-eu","13":"tag-europe","14":"tag-european-union","15":"tag-fr","16":"tag-france","17":"tag-news","18":"tag-republique-francaise","19":"tag-ue","20":"tag-union-europeenne"},"share_on_mastodon":{"url":"https:\/\/pubeurope.com\/@fr\/115705105860321021","error":""},"_links":{"self":[{"href":"https:\/\/www.europesays.com\/fr\/wp-json\/wp\/v2\/posts\/594350","targetHints":{"allow":["GET"]}}],"collection":[{"href":"https:\/\/www.europesays.com\/fr\/wp-json\/wp\/v2\/posts"}],"about":[{"href":"https:\/\/www.europesays.com\/fr\/wp-json\/wp\/v2\/types\/post"}],"author":[{"embeddable":true,"href":"https:\/\/www.europesays.com\/fr\/wp-json\/wp\/v2\/users\/2"}],"replies":[{"embeddable":true,"href":"https:\/\/www.europesays.com\/fr\/wp-json\/wp\/v2\/comments?post=594350"}],"version-history":[{"count":0,"href":"https:\/\/www.europesays.com\/fr\/wp-json\/wp\/v2\/posts\/594350\/revisions"}],"wp:featuredmedia":[{"embeddable":true,"href":"https:\/\/www.europesays.com\/fr\/wp-json\/wp\/v2\/media\/594351"}],"wp:attachment":[{"href":"https:\/\/www.europesays.com\/fr\/wp-json\/wp\/v2\/media?parent=594350"}],"wp:term":[{"taxonomy":"category","embeddable":true,"href":"https:\/\/www.europesays.com\/fr\/wp-json\/wp\/v2\/categories?post=594350"},{"taxonomy":"post_tag","embeddable":true,"href":"https:\/\/www.europesays.com\/fr\/wp-json\/wp\/v2\/tags?post=594350"}],"curies":[{"name":"wp","href":"https:\/\/api.w.org\/{rel}","templated":true}]}}