{"id":594384,"date":"2025-12-12T06:34:34","date_gmt":"2025-12-12T06:34:34","guid":{"rendered":"https:\/\/www.europesays.com\/fr\/594384\/"},"modified":"2025-12-12T06:34:34","modified_gmt":"2025-12-12T06:34:34","slug":"la-tempete-byron-frappe-la-bande-de-gaza-de-plein-fouet","status":"publish","type":"post","link":"https:\/\/www.europesays.com\/fr\/594384\/","title":{"rendered":"la temp\u00eate Byron frappe la bande de Gaza de plein fouet"},"content":{"rendered":"\n<p class=\"c-chapo \">\n  De fortes pluies et des vents importants ont touch\u00e9  la r\u00e9gion et notamment sur la bande de Gaza, o\u00f9 la situation sanitaire reste compliqu\u00e9e.\n<\/p>\n<p>      lire plus tard<\/p>\n<p id=\"dialog__title\" class=\"dialog__title\">Pour sauvegarder cet article, connectez-vous ou cr\u00e9ez un compte franceinfo<\/p>\n<p class=\"dialog__description\">Sans paiement. Sans abonnement.<\/p>\n<p>        Fermer la fen\u00eatre d\u2019activation des notifications France Info<\/p>\n<p>      cr\u00e9er votre compte<\/p>\n<p>      se connecter<\/p>\n<p>      :<\/p>\n<p>        Fermer la fen\u00eatre de pr\u00e9sentation<\/p>\n<p>    <img loading=\"lazy\" decoding=\"async\" class=\"signature__image lazyload\" width=\"100\" height=\"100\" data- alt=\"\" src=\"https:\/\/www.europesays.com\/fr\/wp-content\/uploads\/2025\/05\/64a7df4c5fe71_placeholder-36b69ec8.png\"\/><\/p>\n<p>    Publi\u00e9 le 11\/12\/2025 16:07<\/p>\n<p>        Temps de lecture : 1min<\/p>\n<p>    <img decoding=\"async\"  alt=\"De fortes pluies inondent des milliers de tentes abritant des civils d\u00e9plac\u00e9s \u00e0 Gaza, le 11 d\u00e9cembre 2025. (HAMZA Z. H. QRAIQEA \/ ANADOLU \/ VIA AFP)\" width=\"432\" height=\"243\" src=\"https:\/\/www.europesays.com\/fr\/wp-content\/uploads\/2025\/12\/gaza-693abf4be4d02188888147.jpg\" fetchpriority=\"high\"\/><\/p>\n<p>      De fortes pluies inondent des milliers de tentes abritant des civils d\u00e9plac\u00e9s \u00e0 Gaza, le 11 d\u00e9cembre 2025. (HAMZA Z. H. QRAIQEA \/ ANADOLU \/ VIA AFP)<\/p>\n<p>Une population d\u00e9munie. Les pluies diluviennes li\u00e9es \u00e0 la temp\u00eate Byron vont continuer \u00e0 tomber, jeudi 11\u00a0et vendredi 12\u00a0d\u00e9cembre, <a href=\"https:\/\/www.franceinfo.fr\/monde\/palestine\/gaza\/\" target=\"_blank\" rel=\"noopener\" data-tooltip-url=\"https:\/\/www.franceinfo.fr\/monde\/palestine\/gaza\/\">sur la bande de Gaza<\/a>. Les zones les plus proches de la mer sont inond\u00e9es alors que la majorit\u00e9 des plus de 750\u00a0sites de d\u00e9plac\u00e9s dans l&rsquo;enclave s&rsquo;y trouve.<\/p>\n<p>Les cons\u00e9quences sont nombreuses\u00a0: les toiles des tentes s&rsquo;envolent, les matelas sont tremp\u00e9s et les enfants frigorifi\u00e9s. \u00ab\u00a0Toutes les zones c\u00f4ti\u00e8res sont inond\u00e9es, t\u00e9moigne Loai Nasser, qui s&rsquo;est rendu \u00e0 Deir el-Balah, au centre de l&rsquo;enclave, jeudi matin. Tous ces espaces sont satur\u00e9s avec des tentes et de l&rsquo;habitat pr\u00e9caire. Les gens sont en train de remballer ce qu&rsquo;il reste de leurs tentes. Ils doivent une nouvelle fois se d\u00e9placer car beaucoup d&rsquo;abris sont sous l&rsquo;eau ou \u00e0 terre.\u00a0\u00bb<\/p>\n<p>Depuis le cessez-le-feu, il y a deux mois, la situation sanitaire reste compliqu\u00e9e. \u00ab\u00a0On a vu des enfants qui sont dans la rue et qui ne portent pas du tout des v\u00eatements qui les prot\u00e8gent contre les pluies importantes, explique Jonathan Crickx, porte-parole de l&rsquo;Unicef, actuellement \u00e0 Gaza. Il faut apporter beaucoup plus pour s&rsquo;assurer que des enfants ne vont pas souffrir du froid dans les semaines qui viennent dans la bande de Gaza.\u00a0\u00bb<\/p>\n<p>Selon les Nations unies, 850\u00a0000 Palestiniens de Gaza vont passer l&rsquo;hiver sous des tentes. C&rsquo;est la moiti\u00e9 de la population de l&rsquo;enclave.<\/p>\n","protected":false},"excerpt":{"rendered":"De fortes pluies et des vents importants ont touch\u00e9 la r\u00e9gion et notamment sur la bande de Gaza,&hellip;\n","protected":false},"author":2,"featured_media":594385,"comment_status":"","ping_status":"","sticky":false,"template":"","format":"standard","meta":{"footnotes":""},"categories":[5],"tags":[11,1011,27,14,12,28],"class_list":{"0":"post-594384","1":"post","2":"type-post","3":"status-publish","4":"format-standard","5":"has-post-thumbnail","7":"category-international","8":"tag-actualites","9":"tag-fr","10":"tag-france","11":"tag-international","12":"tag-news","13":"tag-world"},"share_on_mastodon":{"url":"https:\/\/pubeurope.com\/@fr\/115705209054283799","error":""},"_links":{"self":[{"href":"https:\/\/www.europesays.com\/fr\/wp-json\/wp\/v2\/posts\/594384","targetHints":{"allow":["GET"]}}],"collection":[{"href":"https:\/\/www.europesays.com\/fr\/wp-json\/wp\/v2\/posts"}],"about":[{"href":"https:\/\/www.europesays.com\/fr\/wp-json\/wp\/v2\/types\/post"}],"author":[{"embeddable":true,"href":"https:\/\/www.europesays.com\/fr\/wp-json\/wp\/v2\/users\/2"}],"replies":[{"embeddable":true,"href":"https:\/\/www.europesays.com\/fr\/wp-json\/wp\/v2\/comments?post=594384"}],"version-history":[{"count":0,"href":"https:\/\/www.europesays.com\/fr\/wp-json\/wp\/v2\/posts\/594384\/revisions"}],"wp:featuredmedia":[{"embeddable":true,"href":"https:\/\/www.europesays.com\/fr\/wp-json\/wp\/v2\/media\/594385"}],"wp:attachment":[{"href":"https:\/\/www.europesays.com\/fr\/wp-json\/wp\/v2\/media?parent=594384"}],"wp:term":[{"taxonomy":"category","embeddable":true,"href":"https:\/\/www.europesays.com\/fr\/wp-json\/wp\/v2\/categories?post=594384"},{"taxonomy":"post_tag","embeddable":true,"href":"https:\/\/www.europesays.com\/fr\/wp-json\/wp\/v2\/tags?post=594384"}],"curies":[{"name":"wp","href":"https:\/\/api.w.org\/{rel}","templated":true}]}}