{"id":594390,"date":"2025-12-12T06:39:17","date_gmt":"2025-12-12T06:39:17","guid":{"rendered":"https:\/\/www.europesays.com\/fr\/594390\/"},"modified":"2025-12-12T06:39:17","modified_gmt":"2025-12-12T06:39:17","slug":"saint-etienne-de-tulmont-les-enfants-embellissent-le-centre-bourg","status":"publish","type":"post","link":"https:\/\/www.europesays.com\/fr\/594390\/","title":{"rendered":"Saint-\u00c9tienne-de-Tulmont. Les enfants embellissent le centre-bourg"},"content":{"rendered":"<p>Les travaux de r\u00e9novation de la rue de la Tauge et du centre-bourg ont entam\u00e9 leur phase finale, consacr\u00e9e \u00e0 l\u2019am\u00e9nagement de la voirie. \u00c0 cette occasion, la municipalit\u00e9 a souhait\u00e9 associer les plus jeunes habitants du village \u00e0 un projet d\u2019embellissement qui se poursuivra jusqu\u2019au mois de janvier 2026. Une douzaine d\u2019enfants de l\u2019\u00e9cole maternelle publique a ainsi pris part \u00e0 un atelier jardinage organis\u00e9 en partenariat avec l\u2019entreprise Montesquieu Parcs et Jardins, partenaire d\u2019Eurovia, charg\u00e9e des plantations. Encadr\u00e9s par Sandrine, St\u00e9phanie et Rosy, les enfants ont profit\u00e9 du temps m\u00e9ridien pour enfiler gants et contribuer \u00e0 la mise en place de plusieurs pots de plantes vivaces dans un massif situ\u00e9 au pied du nouvel immeuble de la Tauge. Apr\u00e8s quelques explications des professionnels, les petits jardiniers ont rapidement pris confiance : gestes plus assur\u00e9s, curiosit\u00e9 \u00e9veill\u00e9e, \u00e9changes spontan\u00e9s avec les ouvriers, patients et p\u00e9dagogues. Au-del\u00e0 de l\u2019aspect pratique, cette initiative offre un v\u00e9ritable int\u00e9r\u00eat \u00e9ducatif. En manipulant la terre et les plantes, les enfants d\u00e9couvrent le cycle du vivant, d\u00e9veloppent leur motricit\u00e9 fine et apprennent \u00e0 prendre soin de leur environnement. Ils comprennent aussi l\u2019importance du travail collectif et s\u2019approprient l\u2019espace public, qu\u2019ils contribuent fi\u00e8rement \u00e0 transformer. Un geste simple et citoyen dont ils se souviendront. Apr\u00e8s l\u2019intervention des enfants, le travail se poursuivra avec la mise en place de ganivelles, protections des massifs contre le pi\u00e9tinement et les animaux. D\u2019autres groupes scolaires devraient \u00e9galement participer \u00e0 cet atelier symbolique.<\/p>\n","protected":false},"excerpt":{"rendered":"Les travaux de r\u00e9novation de la rue de la Tauge et du centre-bourg ont entam\u00e9 leur phase finale,&hellip;\n","protected":false},"author":2,"featured_media":594391,"comment_status":"","ping_status":"","sticky":false,"template":"","format":"standard","meta":{"footnotes":""},"categories":[9653],"tags":[1111,11,2430,436,1777,674,1011,27,329,12,25,4001,70725,36586],"class_list":{"0":"post-594390","1":"post","2":"type-post","3":"status-publish","4":"format-standard","5":"has-post-thumbnail","7":"category-saint-etienne","8":"tag-actu","9":"tag-actualites","10":"tag-auvergne-rhone-alpes","11":"tag-environnement","12":"tag-eu","13":"tag-europe","14":"tag-fr","15":"tag-france","16":"tag-france-monde","17":"tag-news","18":"tag-republique-francaise","19":"tag-saint-etienne","20":"tag-saintetiennedetulmont","21":"tag-tarn-et-garonne"},"share_on_mastodon":{"url":"https:\/\/pubeurope.com\/@fr\/115705227784408094","error":""},"_links":{"self":[{"href":"https:\/\/www.europesays.com\/fr\/wp-json\/wp\/v2\/posts\/594390","targetHints":{"allow":["GET"]}}],"collection":[{"href":"https:\/\/www.europesays.com\/fr\/wp-json\/wp\/v2\/posts"}],"about":[{"href":"https:\/\/www.europesays.com\/fr\/wp-json\/wp\/v2\/types\/post"}],"author":[{"embeddable":true,"href":"https:\/\/www.europesays.com\/fr\/wp-json\/wp\/v2\/users\/2"}],"replies":[{"embeddable":true,"href":"https:\/\/www.europesays.com\/fr\/wp-json\/wp\/v2\/comments?post=594390"}],"version-history":[{"count":0,"href":"https:\/\/www.europesays.com\/fr\/wp-json\/wp\/v2\/posts\/594390\/revisions"}],"wp:featuredmedia":[{"embeddable":true,"href":"https:\/\/www.europesays.com\/fr\/wp-json\/wp\/v2\/media\/594391"}],"wp:attachment":[{"href":"https:\/\/www.europesays.com\/fr\/wp-json\/wp\/v2\/media?parent=594390"}],"wp:term":[{"taxonomy":"category","embeddable":true,"href":"https:\/\/www.europesays.com\/fr\/wp-json\/wp\/v2\/categories?post=594390"},{"taxonomy":"post_tag","embeddable":true,"href":"https:\/\/www.europesays.com\/fr\/wp-json\/wp\/v2\/tags?post=594390"}],"curies":[{"name":"wp","href":"https:\/\/api.w.org\/{rel}","templated":true}]}}