{"id":594392,"date":"2025-12-12T06:40:13","date_gmt":"2025-12-12T06:40:13","guid":{"rendered":"https:\/\/www.europesays.com\/fr\/594392\/"},"modified":"2025-12-12T06:40:13","modified_gmt":"2025-12-12T06:40:13","slug":"nancy-le-plus-vieux-magasin-de-nancy-va-mettre-la-cle-sous-la-porte","status":"publish","type":"post","link":"https:\/\/www.europesays.com\/fr\/594392\/","title":{"rendered":"Nancy. Le plus vieux magasin de Nancy va mettre la cl\u00e9 sous la porte"},"content":{"rendered":"<p>\u00ab\u00a0C\u2019est un cr\u00e8ve-c\u0153ur mais je n\u2019ai pas d\u2019autre choix que de fermer mon magasin.\u00a0\u00bb Jean-Claude Duval, 76 ans, dirige depuis 1972 le magasin de musique Dupont-Metzner, install\u00e9 depuis plus d\u2019un si\u00e8cle au 7 rue Gambetta (ancienne rue de la Poissonnerie) \u00e0 Nancy. Il a d\u00e9cid\u00e9, la mort dans l\u2019\u00e2me, de mettre la cl\u00e9 sous la porte le 14\u00a0janvier 2026.<\/p>\n<p>Le chiffre d\u2019affaires a fondu de moiti\u00e9 en trois ans<\/p>\n<p>\u00ab\u00a0Je n\u2019ai pas pris cette d\u00e9cision pour prendre ma retraite, souligne le septuag\u00e9naire. Mais c\u2019est la r\u00e9alit\u00e9 \u00e9conomique qui m\u2019a oblig\u00e9 \u00e0 tout arr\u00eater. Depuis&#8230;<\/p>\n","protected":false},"excerpt":{"rendered":"\u00ab\u00a0C\u2019est un cr\u00e8ve-c\u0153ur mais je n\u2019ai pas d\u2019autre choix que de fermer mon magasin.\u00a0\u00bb Jean-Claude Duval, 76 ans,&hellip;\n","protected":false},"author":2,"featured_media":594393,"comment_status":"","ping_status":"","sticky":false,"template":"","format":"standard","meta":{"footnotes":""},"categories":[9635],"tags":[1111,11,4406,33,1707,1704,1706,1705,1777,674,1011,27,775,873,1702,1703,12,25],"class_list":{"0":"post-594392","1":"post","2":"type-post","3":"status-publish","4":"format-standard","5":"has-post-thumbnail","7":"category-nancy","8":"tag-actu","9":"tag-actualites","10":"tag-commerce-et-services","11":"tag-economie","12":"tag-edition-luneville","13":"tag-edition-nancy-et-agglomeration","14":"tag-edition-pont-a-mousson","15":"tag-edition-toul","16":"tag-eu","17":"tag-europe","18":"tag-fr","19":"tag-france","20":"tag-grand-est","21":"tag-musique","22":"tag-nancy","23":"tag-nancy-ville-54b","24":"tag-news","25":"tag-republique-francaise"},"share_on_mastodon":{"url":"https:\/\/pubeurope.com\/@fr\/115705231716086423","error":""},"_links":{"self":[{"href":"https:\/\/www.europesays.com\/fr\/wp-json\/wp\/v2\/posts\/594392","targetHints":{"allow":["GET"]}}],"collection":[{"href":"https:\/\/www.europesays.com\/fr\/wp-json\/wp\/v2\/posts"}],"about":[{"href":"https:\/\/www.europesays.com\/fr\/wp-json\/wp\/v2\/types\/post"}],"author":[{"embeddable":true,"href":"https:\/\/www.europesays.com\/fr\/wp-json\/wp\/v2\/users\/2"}],"replies":[{"embeddable":true,"href":"https:\/\/www.europesays.com\/fr\/wp-json\/wp\/v2\/comments?post=594392"}],"version-history":[{"count":0,"href":"https:\/\/www.europesays.com\/fr\/wp-json\/wp\/v2\/posts\/594392\/revisions"}],"wp:featuredmedia":[{"embeddable":true,"href":"https:\/\/www.europesays.com\/fr\/wp-json\/wp\/v2\/media\/594393"}],"wp:attachment":[{"href":"https:\/\/www.europesays.com\/fr\/wp-json\/wp\/v2\/media?parent=594392"}],"wp:term":[{"taxonomy":"category","embeddable":true,"href":"https:\/\/www.europesays.com\/fr\/wp-json\/wp\/v2\/categories?post=594392"},{"taxonomy":"post_tag","embeddable":true,"href":"https:\/\/www.europesays.com\/fr\/wp-json\/wp\/v2\/tags?post=594392"}],"curies":[{"name":"wp","href":"https:\/\/api.w.org\/{rel}","templated":true}]}}