{"id":594404,"date":"2025-12-12T06:46:19","date_gmt":"2025-12-12T06:46:19","guid":{"rendered":"https:\/\/www.europesays.com\/fr\/594404\/"},"modified":"2025-12-12T06:46:19","modified_gmt":"2025-12-12T06:46:19","slug":"quel-nouveau-commerce-surprenant-se-cache-derriere-ce-sigle-pres-de-rouen","status":"publish","type":"post","link":"https:\/\/www.europesays.com\/fr\/594404\/","title":{"rendered":"quel nouveau commerce surprenant se cache derri\u00e8re ce sigle pr\u00e8s de Rouen\u00a0?"},"content":{"rendered":"<p>                    Par<br \/>\n        <strong><br \/>\n            <a href=\"https:\/\/actu.fr\/auteur\/aurelien-delavaud\" title=\"Consulter tous les articles de Aur\u00e9lien Delavaud\" target=\"_blank\" rel=\"noopener\">Aur\u00e9lien Delavaud<\/a><br \/>\n                    <\/strong><\/p>\n<p>        Publi\u00e9 le<\/p>\n<p>            11 d\u00e9c. 2025 \u00e0 18h16        <\/p>\n<p>Une double porte blind\u00e9e, dont chaque battant p\u00e8se 200 kg, un sas d\u2019entr\u00e9e en cours de finalisation et des vitres opaques qui affichent un myst\u00e9rieux sigle, \u00ab TIMG \u00bb. Non, le <b>commerce<\/b> qui s\u2019appr\u00eate \u00e0 ouvrir ses portes dans la rue Camille-Randoing, dans le centre-ville d\u2019<a href=\"https:\/\/actu.fr\/normandie\/elbeuf_76231\" target=\"_blank\" rel=\"noopener\">Elbeuf (Seine-Maritime)<\/a>, n\u2019a rien d\u2019ordinaire.<\/p>\n<p class=\" wall-content\">\u00ab TIMG \u00bb, pour <b>\u00ab This is my gun \u00bb<\/b>, c\u2019est le nom que Nicolas Brument a choisi pour l\u2019<b>armurerie<\/b> o\u00f9 il compte vendre <b>armes<\/b>, accessoires et <b>munitions<\/b> \u00e0 partir de d\u00e9but 2026, apr\u00e8s des ann\u00e9es d\u2019attente, de d\u00e9marches et de travaux.<\/p>\n<p>\u00ab Un r\u00eave de gosse \u00bb<\/p>\n<p class=\" wall-content\">\u00ab Je vais enfin faire ce dont je r\u00eave depuis que je suis gosse, ouvrir une armurerie ! \u00bb Plein d\u2019enthousiasme, ce grand gaillard de 53\u00a0ans a d\u00fb attendre de prendre sa retraite de la <b>police nationale<\/b> pour se lancer. \u00ab Pour mes parents, c\u2019\u00e9tait impossible de faire un m\u00e9tier manuel \u00bb, confie celui qui dit avoir toujours v\u00e9cu dans l\u2019agglo d\u2019Elbeuf.<\/p>\n<p class=\" wall-content\">Alors il s\u2019est dirig\u00e9 vers la police, o\u00f9 il a exerc\u00e9 au grade de Major, \u00e0 Rouen, sans jamais s\u2019\u00e9loigner de sa vraie passion.<\/p>\n<p class=\" wall-content\">\u00ab Je pratique toutes les disciplines de tir depuis environ 30\u00a0ans, sauf la chasse \u00bb, rembobine Nicolas Brument. Il est notamment un tireur assidu et un membre du bureau de l\u2019association qui occupe le <b>stand de tir<\/b>, sur les hauteurs d\u2019Elbeuf.<\/p>\n<p class=\" wall-content\">Son CV est solide, mais il a eu de la peine \u00e0 convaincre. C\u2019est que l\u2019ouverture d\u2019une armurerie, par les temps qui courent, tout le monde n\u2019est pas pr\u00eat \u00e0 l\u2019accompagner.<\/p>\n<blockquote class=\"ac-article-quote wall-content\">\n<p>J\u2019ai essuy\u00e9 24 refus d\u2019\u00e9tablissements bancaires. Pour l\u2019installation, il n\u2019y avait que Caudebec et Elbeuf qui \u00e9taient d\u2019accord. Toutes les autres mairies contact\u00e9es ne voulaient pas d\u2019une armurerie.<\/p>\n<p>Nicolas Brument, patron de l\u2019armurerie This is my gun<\/p><\/blockquote>\n<p>Votre r\u00e9gion, votre actu !<\/p>\n<p>Recevez chaque jour les infos qui comptent pour vous.<\/p>\n<p>\t<a href=\"https:\/\/actu.fr\/newsletter\" class=\"ac-btn ac-btn--corner ac-btn--medium ac-btn--blue800\" target=\"_blank\" rel=\"noopener\">S&rsquo;incrire<\/a><\/p>\n<p class=\" wall-content\">Finalement, son choix s\u2019est port\u00e9 sur Elbeuf. Peut-\u00eatre un peu gr\u00e2ce \u00e0 l\u2019opportunit\u00e9 d\u2019y racheter les murs o\u00f9 il s\u2019installe. Peut-\u00eatre aussi par nostalgie : \u00ab Je me souviens, il y a tr\u00e8s longtemps, peut-\u00eatre 35\u00a0ans, qu\u2019il y avait trois armureries dans la rue des Martyrs. \u00bb<\/p>\n<p class=\" wall-content\">Mais surtout parce que l\u2019emplacement est strat\u00e9gique. \u00ab Il y a trois stands de tir dans un rayon de 10 kilom\u00e8tres et les concurrents les plus proches sont \u00e0 Eslettes et \u00e0 Vernon, donc mon \u00e9tude de march\u00e9 m\u2019a confirm\u00e9 qu\u2019il fallait que je m\u2019installe au sud de la M\u00e9tropole \u00bb, indique le futur commer\u00e7ant.<\/p>\n<p>Armes, munitions et s\u00e9curit\u00e9 renforc\u00e9e<\/p>\n<p class=\" wall-content\">Dans ce grand local dont il peaufine l\u2019am\u00e9nagement et la d\u00e9coration, Nicolas Brument compte surtout s\u2019adresser aux passionn\u00e9s. Les amateurs de <b>tir sportif<\/b>, comme lui, mais aussi les <b>chasseurs<\/b>.<\/p>\n<blockquote class=\"ac-article-quote wall-content\">\n<p>Il y aura des armes et des munitions de cat\u00e9gories C et D : pour le tir, la chasse et des armes de d\u00e9fense comme des a\u00e9rosols et des tasers.<\/p>\n<p>Nicolas Brument<\/p><\/blockquote>\n<p class=\" wall-content\">Pour vendre de telles armes, il a fait l\u2019objet de nombreux contr\u00f4les et enqu\u00eates, notamment de la part de ses anciens coll\u00e8gues policiers ou de la pr\u00e9fecture. Et il peut d\u00e9j\u00e0 s\u2019attendre \u00e0 de nouveaux contr\u00f4les, puisqu\u2019il esp\u00e8re \u00e0 l\u2019avenir \u00e9tendre son commerce aux <b>armes de cat\u00e9gorie B<\/b>, c\u2019est-\u00e0-dire des armes de poing et des armes semi-automatiques. \u00ab Mais pour \u00e7a, il faut d\u00e9j\u00e0 \u00eatre ouvert pendant quelque temps pour obtenir une autorisation pr\u00e9fectorale \u00bb, poursuit-il.<\/p>\n<p class=\" wall-content\">Si son activit\u00e9 va certainement beaucoup faire r\u00e9agir, Nicolas Brument assure qu\u2019il respecte toutes les l\u00e9gislations et toutes les normes de s\u00e9curit\u00e9 : \u00ab Il y en a m\u00eame certaines o\u00f9 on va plus loin que la r\u00e8gle ! \u00bb<\/p>\n<p class=\" wall-content\">Par exemple, pour rentrer, les clients devront obligatoirement \u00eatre identifiables, majeurs ou accompagn\u00e9s de leur responsable l\u00e9gal, ne pas porter de masque, d\u2019\u00e9charpe ou de bonnet\u2026 \u00ab C\u2019est simple, dans le cas contraire, on n\u2019ouvre pas \u00bb, promet le g\u00e9rant.<\/p>\n<p>    <img   decoding=\"async\" loading=\"lazy\" class=\"size-large\" src=\"https:\/\/www.europesays.com\/fr\/wp-content\/uploads\/2025\/12\/d7d6816df6396cbd6816df6398fd68v-960x640.jpg\" alt=\"This is my gun armurerie Elbeuf\" width=\"960\" height=\"640\"\/><br \/>\n    Pour This is my gun, l\u2019armurerie qu\u2019il va ouvrir \u00e0 Elbeuf (Seine-Maritime), Nicolas Brument a souhait\u00e9 une d\u00e9coration plus moderne que ce qui se fait habituellement dans les armureries. \u00a9Aur\u00e9lien Delavaud<\/p>\n<p class=\" wall-content\">Et la <b>s\u00e9curit\u00e9 du local<\/b>, dans tout \u00e7a ? L\u00e0 aussi, Nicolas Brument assure qu\u2019il a fait les choses en grand : portes renforc\u00e9es, syst\u00e8me d\u2019alarme\u2026 Tout y est ! Et encore, le patron ne d\u00e9voile pas toutes ses cartes, au cas o\u00f9.<\/p>\n<p class=\" wall-content\">Les armes de cat\u00e9gories B, elles, ne seront visibles que par les clients qui auront montr\u00e9 patte blanche, en rentrant leur nom dans un fichier de la pr\u00e9fecture. Ce n\u2019est qu\u2019apr\u00e8s cette \u00e9tape qu\u2019ils pourront rentrer dans une petite salle, derri\u00e8re une <b>porte blind\u00e9e<\/b>, qui fait penser \u00e0 la salle des coffres d\u2019une banque.<\/p>\n<p>Partager une passion<\/p>\n<p class=\" wall-content\">Dans le reste de la boutique, plut\u00f4t que de parler de la s\u00e9curit\u00e9 des lieux, le responsable esp\u00e8re que les clients viendront surtout partager leur passion, entre eux ou avec Nicolas et ses deux collaborateurs.<\/p>\n<p class=\" wall-content\">\u00c0 ses d\u00e9tracteurs potentiels, le patron de This is my gun r\u00e9pond souvent la m\u00eame chose.<\/p>\n<blockquote class=\"ac-article-quote wall-content\">\n<p>On d\u00e9valorise les armes. Pour les gens, c\u2019est sale, c\u2019est dangereux. Mais l\u2019arme, c\u2019est un objet. Si on la pose sur la table, elle ne bouge pas.<\/p>\n<p>Nicolas Brument<\/p><\/blockquote>\n<p class=\" wall-content\">Une fa\u00e7on de dire que c\u2019est ce qu\u2019on en fait qui pose probl\u00e8me.<\/p>\n<p class=\" wall-content\">Alors Nicolas Brument pr\u00e9f\u00e8re se concentrer sur l\u2019aspect positif : \u00ab\u00a0Le visage des gens quand ils re\u00e7oivent leur arme.\u00a0\u00bb C\u2019est d\u2019ailleurs dans ce sentiment d\u2019appartenance qu\u2019il est all\u00e9 puiser pour nommer sa boutique.<\/p>\n<p class=\" wall-content\">\u00ab\u00a0This is my gun, c\u2019est le d\u00e9but d\u2019une pri\u00e8re des Marines. Elle dit \u00a0\u00bbVoici mon arme. Il y en a beaucoup comme elle, mais celle-ci est la mienne.\u00a0\u00bb Je trouve que \u00e7a r\u00e9sume bien tout\u00a0\u00bb, conclut-il dans un grand sourire.<\/p>\n<p class=\" wall-content\">Personnalisez votre actualit\u00e9 en ajoutant vos villes et m\u00e9dias en favori avec <a href=\"https:\/\/moncompte.actu.fr\" title=\"D\u00e9couvez Mon Actu\" rel=\"nofollow noopener\" data-trk=\"{&quot;cta&quot;:{&quot;action&quot;:&quot;https:\\\/\\\/moncompte.actu.fr&quot;,&quot;category&quot;:&quot;mon compte&quot;,&quot;from&quot;:&quot;article footer&quot;,&quot;name&quot;:&quot;Mon actu&quot;,&quot;type&quot;:&quot;cta&quot;}}\" target=\"_blank\">Mon Actu<\/a>.<\/p>\n","protected":false},"excerpt":{"rendered":"Par Aur\u00e9lien Delavaud Publi\u00e9 le 11 d\u00e9c. 2025 \u00e0 18h16 Une double porte blind\u00e9e, dont chaque battant p\u00e8se&hellip;\n","protected":false},"author":2,"featured_media":594405,"comment_status":"","ping_status":"","sticky":false,"template":"","format":"standard","meta":{"footnotes":""},"categories":[9587],"tags":[1111,11,4183,215,1777,674,1011,27,12,5161,25,9590,104],"class_list":{"0":"post-594404","1":"post","2":"type-post","3":"status-publish","4":"format-standard","5":"has-post-thumbnail","7":"category-rouen","8":"tag-actu","9":"tag-actualites","10":"tag-chasse","11":"tag-commerce","12":"tag-eu","13":"tag-europe","14":"tag-fr","15":"tag-france","16":"tag-news","17":"tag-normandie","18":"tag-republique-francaise","19":"tag-rouen","20":"tag-societe"},"share_on_mastodon":{"url":"https:\/\/pubeurope.com\/@fr\/115705256011065432","error":""},"_links":{"self":[{"href":"https:\/\/www.europesays.com\/fr\/wp-json\/wp\/v2\/posts\/594404","targetHints":{"allow":["GET"]}}],"collection":[{"href":"https:\/\/www.europesays.com\/fr\/wp-json\/wp\/v2\/posts"}],"about":[{"href":"https:\/\/www.europesays.com\/fr\/wp-json\/wp\/v2\/types\/post"}],"author":[{"embeddable":true,"href":"https:\/\/www.europesays.com\/fr\/wp-json\/wp\/v2\/users\/2"}],"replies":[{"embeddable":true,"href":"https:\/\/www.europesays.com\/fr\/wp-json\/wp\/v2\/comments?post=594404"}],"version-history":[{"count":0,"href":"https:\/\/www.europesays.com\/fr\/wp-json\/wp\/v2\/posts\/594404\/revisions"}],"wp:featuredmedia":[{"embeddable":true,"href":"https:\/\/www.europesays.com\/fr\/wp-json\/wp\/v2\/media\/594405"}],"wp:attachment":[{"href":"https:\/\/www.europesays.com\/fr\/wp-json\/wp\/v2\/media?parent=594404"}],"wp:term":[{"taxonomy":"category","embeddable":true,"href":"https:\/\/www.europesays.com\/fr\/wp-json\/wp\/v2\/categories?post=594404"},{"taxonomy":"post_tag","embeddable":true,"href":"https:\/\/www.europesays.com\/fr\/wp-json\/wp\/v2\/tags?post=594404"}],"curies":[{"name":"wp","href":"https:\/\/api.w.org\/{rel}","templated":true}]}}