{"id":594408,"date":"2025-12-12T06:50:24","date_gmt":"2025-12-12T06:50:24","guid":{"rendered":"https:\/\/www.europesays.com\/fr\/594408\/"},"modified":"2025-12-12T06:50:24","modified_gmt":"2025-12-12T06:50:24","slug":"grenoble-mhsc-jaurais-prefere-ne-pas-les-rencontrer-franck-rizzetto-se-prepare-aux-retrouvailles-avec-un-club-cher-a-son-coeur","status":"publish","type":"post","link":"https:\/\/www.europesays.com\/fr\/594408\/","title":{"rendered":"Grenoble-MHSC\u00a0: \u00ab\u00a0J\u2019aurais pr\u00e9f\u00e9r\u00e9 ne pas les rencontrer\u00a0\u00bb, Franck Rizzetto se pr\u00e9pare aux retrouvailles avec un club \u00ab\u00a0cher \u00e0 son c\u0153ur\u00a0\u00bb"},"content":{"rendered":"<p>\n                                                                Ex-joueur puis entra\u00eeneur-adjoint de Michel Der Zakarian \u00e0 Montpellier, l\u2019actuel coach de Grenoble vivra un moment logiquement \u00e0 part, samedi 13\u00a0d\u00e9cembre au stade des Alpes. Avant le duel, il s\u2019est confi\u00e9 sur ce lien avec la Paillade, la fin difficile \u00e9galement en octobre\u00a02024, et sa nouvelle aventure en Is\u00e8re.\n                            <\/p>\n<p class=\"txt-question\">Vous avez \u00e9t\u00e9 joueur pendant neuf ans \u00e0 Montpellier (1989-1998), avant d\u2019y occuper le poste d\u2019entra\u00eeneur-adjoint cinq ans et demi (2017-2021 et f\u00e9vrier\u00a02023-octobre\u00a02024). Vu ce pass\u00e9, recroiser la Paillade constitue-t-il un moment \u00e0 part\u00a0?<\/p>\n<p>Toujours. Montpellier a \u00e9t\u00e9 le club qui m\u2019a form\u00e9, qui m\u2019a permis de vivre de ma passion, de rencontrer des personnes qui ont fait en sorte que je sois dans ce m\u00e9tier, qui m\u2019ont transmis cette passion. C\u2019est surtout le club qui m\u2019a permis d\u2019\u00e9voluer en professionnel. Donc \u00e7a marque, forc\u00e9ment.<\/p>\n<p class=\"txt-question\">Cela avait \u00e9t\u00e9 le cas avec Brest, lorsque vous \u00e9tiez adjoint. Mais vous n\u2019aviez jamais affront\u00e9 le MHSC en tant que coach N.1. Comment s\u2019y pr\u00e9pare-t-on\u00a0?<\/p>\n<p>Normalement, je dirais. Je pense plus \u00e0 mon \u00e9quipe qu\u2019autre chose (rire). \u00c7a me fera plaisir de revoir beaucoup de monde que je connais, tout simplement. Apr\u00e8s, j\u2019aurais pr\u00e9f\u00e9r\u00e9 ne pas les rencontrer. \u00c7a aurait voulu dire qu\u2019ils s\u2019\u00e9taient maintenus. Mais ils sont l\u00e0, c\u2019est comme \u00e7a.<\/p>\n<blockquote>\n<p>La fin \u00e0 Montpellier, c\u2019est vrai que \u00e7a a \u00e9t\u00e9 dur. Pour autant, je les ai toujours suivis, d\u00e8s le week-end apr\u00e8s notre d\u00e9part.<\/p>\n<\/blockquote>\n<p class=\"txt-question\">La fin a \u00e9t\u00e9 difficile en octobre\u00a02024, dans un contexte sportif compliqu\u00e9. Comment avez-vous\u00a0dig\u00e9r\u00e9 ce d\u00e9part\u00a0?<\/p>\n<p>C\u2019est vrai que \u00e7a a \u00e9t\u00e9 dur. Pour autant, je les ai toujours suivis, d\u00e8s le week-end apr\u00e8s notre d\u00e9part. J\u2019ai regard\u00e9 les matches, en esp\u00e9rant qu\u2019avec l\u2019arriv\u00e9e de Jean-Louis (Gasset), de Ghislain (Printant), ou toutes les personnes qui sont arriv\u00e9es ensuite, qu\u2019il y ait une r\u00e9volte, un rebond. Malheureusement, \u00e7a n\u2019a pas eu lieu.<\/p>\n<p>Quand j\u2019ai \u00e9t\u00e9 \u00e9vinc\u00e9 de Brest, une premi\u00e8re dans\u00a0ma carri\u00e8re, \u00e7a a \u00e9t\u00e9 tr\u00e8s dur. Pendant un bon petit moment, je n\u2019ai plus trop regard\u00e9 de foot. L\u00e0 non, j\u2019esp\u00e9rais que Montpellier se sauve. \u00c7a reste un club tr\u00e8s cher \u00e0 mon c\u0153ur.<\/p>\n<p class=\"txt-question\">D\u2019ailleurs, vous \u00e9tiez pr\u00e9sent lors des festivit\u00e9s des 50 ans, puis \u00e0 La Mosson en fin de saison derni\u00e8re\u2026<\/p>\n<p>Bien s\u00fbr\u00a0! Je connais beaucoup de monde. \u00c0 la formation ou chez les dirigeants. Bruno (Carotti), Philippe (Delaye), Jean-Christophe (Rouvi\u00e8re)\u00a0: il y a beaucoup de joueurs qui \u00e9taient de ma g\u00e9n\u00e9ration. Il y a beaucoup de respect pour Laurent (Nicollin). Ce club est dans mon c\u0153ur. Donc \u00e7a ne me g\u00eanait pas de revenir.<\/p>\n<p class=\"txt-question\">Trois mois apr\u00e8s votre d\u00e9part de Montpellier, vous rebondissez \u00e0 Grenoble en janvier dernier. Pourquoi ce choix de ne plus \u00eatre num\u00e9ro\u00a02\u00a0? \u00c9tait-ce le moment \u00e0 54 ans\u00a0?<\/p>\n<p>Quand on passe les dipl\u00f4mes, c\u2019est toujours pour aspirer un jour \u00e0 \u00eatre num\u00e9ro\u00a01. C\u2019\u00e9tait le but quand je me suis inscrit \u00e0 la formation du BEPF. Apr\u00e8s, j\u2019ai eu la possibilit\u00e9\u00a0de travailler et de revenir en pro gr\u00e2ce \u00e0 Michel (Der Zakarian, \u00e0 Reims en 2016). J\u2019en suis tr\u00e8s heureux. On a pass\u00e9 dans l\u2019ensemble de bons moments. L\u00e0, c\u2019\u00e9tait une opportunit\u00e9 qui s\u2019est pr\u00e9sent\u00e9e. Je l\u2019ai saisie et\u00a0\u00e7a s\u2019est bien pass\u00e9.<\/p>\n<blockquote>\n<p>On a pass\u00e9 des bons moments ensemble, on a pass\u00e9 des moments tr\u00e8s difficiles ensemble, mais on a toujours \u00e9t\u00e9 ensemble avec Michel Der Zakarian.<\/p>\n<\/blockquote>\n<p class=\"txt-question\">Quand on a pass\u00e9 autant de temps \u00e0 travailler avec quelqu\u2019un comme Michel Der Zakarian (de 2016 \u00e0 2024), comment se passe la s\u00e9paration\u00a0?<\/p>\n<p>J\u2019ai dit\u00a0: \u00ab\u00a0Voil\u00e0 Michel, j\u2019ai une opportunit\u00e9 qui se pr\u00e9sente \u00e0 moi\u00a0\u00bb. Je lui ai demand\u00e9 s\u2019il y avait quelque chose de son c\u00f4t\u00e9. Et \u00e7a s\u2019est fait naturellement, tout simplement. Il n\u2019y a aucune animosit\u00e9, rien du tout. On s\u2019est vu\u00a0apr\u00e8s, on s\u2019\u00e9crit. On a pass\u00e9 des bons moments ensemble, on a pass\u00e9 des moments tr\u00e8s difficiles ensemble, mais on a toujours \u00e9t\u00e9 ensemble.<\/p>\n<p class=\"txt-question\">Vous avez donc rejoint Grenoble pour six mois. La prolongation de trois ans sign\u00e9e en juin dernier a-t-elle \u00e9t\u00e9 une premi\u00e8re r\u00e9ussite\u00a0?<\/p>\n<p>C\u2019est s\u00fbr. Ce n\u2019est jamais facile d\u2019arriver dans un club en cours de saison. C\u2019\u00e9tait la premi\u00e8re fois de ma carri\u00e8re. En plus seul, sans forc\u00e9ment du recrutement \u00e0 faire. Il a fallu s\u2019adapter. L\u2019entra\u00eeneur adjoint \u00ab\u00a0Fred\u00a0\u00bb Gueguen\u00a0avait assur\u00e9 l\u2019int\u00e9rim parfaitement avec trois victoires d\u2019affil\u00e9e. Je r\u00e9cup\u00e9rais un groupe dans une bonne dynamique de victoires.<\/p>\n<p>C\u2019\u00e9tait plus facile comme \u00e7a, mais je suis arriv\u00e9 en toute humilit\u00e9, sans tout chambouler, petit \u00e0 petit, en mettant ma patte. Et \u00e7a s\u2019est bien pass\u00e9.<\/p>\n<p class=\"txt-question\">Quelle est l\u2019identit\u00e9 que vous cherchez \u00e0 donner \u00e0 votre \u00e9quipe\u00a0?<\/p>\n<p>D\u00e9j\u00e0, d\u2019avoir un \u00e9tat d\u2019esprit irr\u00e9prochable, travailler avec les valeurs collectives. Parce que chaque joueur a besoin des dix autres, pour attaquer ou pour d\u00e9fendre. Apr\u00e8s, s\u2019ils prennent du plaisir \u00e0 pratiquer du beau football, tant mieux. Maintenant, il faut \u00eatre efficace. Tous les entra\u00eeneurs le diront mais c\u2019est la v\u00e9rit\u00e9. Se battre en faisant les efforts, c\u2019est indispensable, quel que soit le niveau.<\/p>\n<blockquote>\n<p>Montpellier est\u00a0une \u00e9quipe qui marque beaucoup sur coups de pied arr\u00eat\u00e9s, comme par hasard avec le \u00ab\u00a0ma\u00eetre\u00a0\u00bb T\u00e9ji.<\/p>\n<\/blockquote>\n<p class=\"txt-question\">Samedi, vous affronterez un MHSC qui a \u00e9norm\u00e9ment chang\u00e9 par rapport \u00e0 l\u2019an pass\u00e9. Quel regard portez-vous\u00a0sur cette reconstruction\u00a0? Et o\u00f9 situez-vous cette \u00e9quipe en L2\u00a0?<\/p>\n<p>Je sais qu\u2019en d\u00e9but de saison, il jouait dans un syst\u00e8me et maintenant dans un autre. Et qu\u2019il est beaucoup mieux depuis que T\u00e9ji Savanier est beaucoup mieux. C\u2019est une \u00e9quipe qui marque beaucoup sur coups de pied arr\u00eat\u00e9s, comme par hasard avec le \u00ab\u00a0ma\u00eetre\u00a0\u00bb\u00a0T\u00e9ji.<\/p>\n<p>Apr\u00e8s, elle est compos\u00e9e de joueurs d\u2019exp\u00e9rience et d\u2019autres beaucoup plus jeunes. C\u2019est une alchimie \u00e0 trouver. Mais je trouve qu\u2019il y a une grosse progression. M\u00eame si le MHSC sort d\u2019une contre-performance contre Pau, l\u2019\u00e9quipe va beaucoup mieux.<\/p>\n<p class=\"txt-question\">Vous \u00e9voquez T\u00e9ji Savanier, qui est le dernier des cadres que vous avez connu \u00e0 Montpellier, exception faite de Christopher Jullien ou Becir Omeragic. Le trouvez-vous chang\u00e9\u00a0?<\/p>\n<p>J\u2019ai vu seulement deux\u00a0ou trois\u00a0matches. Mais j\u2019ai quand m\u00eame des infos sur place, mes beaux-parents sont \u00e0 Montpellier. Il vient d\u2019\u00eatre \u00e9lu joueur du mois de novembre du club. \u00c7a veut dire qu\u2019il s\u2019est remis en route. C\u2019est bien pour lui. Je suis content pour lui quand m\u00eame. Et aussi pour le club.<\/p>\n<p>Forc\u00e9ment, quand on a des joueurs de ce potentiel et de cette qualit\u00e9-l\u00e0, parce qu\u2019il a une sacr\u00e9e qualit\u00e9, c\u2019est mieux pour l\u2019\u00e9quipe. \u00c7a la tire vers le haut.<\/p>\n<blockquote>\n<p>L\u2019an pass\u00e9, le groupe a \u00ab\u00a0us\u00e9\u00a0\u00bb trois entra\u00eeneurs sans changer les r\u00e9sultats. Il \u00e9tait indispensable de changer.<\/p>\n<\/blockquote>\n<p class=\"txt-question\">Beaucoup de joueurs sont partis depuis votre d\u00e9part. Selon vous, \u00e9tait-ce\u00a0essentiel de r\u00e9g\u00e9n\u00e9rer ce vestiaire, de changer les cadres notamment\u00a0?<\/p>\n<p>L\u2019an pass\u00e9, le groupe a \u00ab\u00a0us\u00e9\u00a0\u00bb\u00a0trois entra\u00eeneurs sans changer les r\u00e9sultats. Forc\u00e9ment qu\u2019il fallait changer quelque chose. \u00c0 un moment donn\u00e9, ce n\u2019\u00e9tait pas seulement de la faute des entra\u00eeneurs et des staffs. Il \u00e9tait indispensable de changer.<\/p>\n<p class=\"txt-question\">Montpellier red\u00e9couvre la Ligue 2 et un championnat vraiment impr\u00e9visible. Partagez-vous ce constat\u00a0? Et surtout, arrivez-vous \u00e0 l\u2019expliquer\u00a0?<\/p>\n<p>Le fait qu\u2019il n\u2019y ait plus de droits de t\u00e9l\u00e9 implique peut-\u00eatre que les clubs aient le m\u00eame standing de recrutement, m\u00eame si certains ont des budgets diff\u00e9rents. C\u2019est vrai, tous les week-ends, il y a de grosses surprises. On fait partie d\u2019un lot d\u2019\u00e9quipes qui luttent. D\u2019une journ\u00e9e \u00e0 l\u2019autre, on peut se retrouver deux places au-dessus, deux places au-dessous. C\u2019est tr\u00e8s serr\u00e9 en bas, comme \u00e7a l\u2019a \u00e9t\u00e9 en haut.<\/p>\n<p>C\u2019est un championnat tr\u00e8s surprenant o\u00f9 tout le monde peut battre tout le monde. Quand nous, on est all\u00e9\u00a0gagner \u00e0\u00a0Reims (2-4), personne ne s\u2019y attendait. C\u2019est s\u00fbr qu\u2019il y a parfois des \u00e9quipes avec beaucoup de r\u00e9ussite, d\u2019autres moins. \u00c7a se joue \u00e0 tr\u00e8s peu et chaque match est un combat, c\u2019est \u00e9vident.<\/p>\n<p>\u00a0<\/p>\n","protected":false},"excerpt":{"rendered":"Ex-joueur puis entra\u00eeneur-adjoint de Michel Der Zakarian \u00e0 Montpellier, l\u2019actuel coach de Grenoble vivra un moment logiquement \u00e0&hellip;\n","protected":false},"author":2,"featured_media":594409,"comment_status":"","ping_status":"","sticky":false,"template":"","format":"standard","meta":{"footnotes":""},"categories":[9566],"tags":[1111,11,2430,1777,674,63,1011,27,2731,7089,2208,12,25,517],"class_list":{"0":"post-594408","1":"post","2":"type-post","3":"status-publish","4":"format-standard","5":"has-post-thumbnail","7":"category-grenoble","8":"tag-actu","9":"tag-actualites","10":"tag-auvergne-rhone-alpes","11":"tag-eu","12":"tag-europe","13":"tag-football","14":"tag-fr","15":"tag-france","16":"tag-grenoble","17":"tag-herault","18":"tag-montpellier","19":"tag-news","20":"tag-republique-francaise","21":"tag-sport"},"share_on_mastodon":{"url":"https:\/\/pubeurope.com\/@fr\/115705271114672086","error":""},"_links":{"self":[{"href":"https:\/\/www.europesays.com\/fr\/wp-json\/wp\/v2\/posts\/594408","targetHints":{"allow":["GET"]}}],"collection":[{"href":"https:\/\/www.europesays.com\/fr\/wp-json\/wp\/v2\/posts"}],"about":[{"href":"https:\/\/www.europesays.com\/fr\/wp-json\/wp\/v2\/types\/post"}],"author":[{"embeddable":true,"href":"https:\/\/www.europesays.com\/fr\/wp-json\/wp\/v2\/users\/2"}],"replies":[{"embeddable":true,"href":"https:\/\/www.europesays.com\/fr\/wp-json\/wp\/v2\/comments?post=594408"}],"version-history":[{"count":0,"href":"https:\/\/www.europesays.com\/fr\/wp-json\/wp\/v2\/posts\/594408\/revisions"}],"wp:featuredmedia":[{"embeddable":true,"href":"https:\/\/www.europesays.com\/fr\/wp-json\/wp\/v2\/media\/594409"}],"wp:attachment":[{"href":"https:\/\/www.europesays.com\/fr\/wp-json\/wp\/v2\/media?parent=594408"}],"wp:term":[{"taxonomy":"category","embeddable":true,"href":"https:\/\/www.europesays.com\/fr\/wp-json\/wp\/v2\/categories?post=594408"},{"taxonomy":"post_tag","embeddable":true,"href":"https:\/\/www.europesays.com\/fr\/wp-json\/wp\/v2\/tags?post=594408"}],"curies":[{"name":"wp","href":"https:\/\/api.w.org\/{rel}","templated":true}]}}