{"id":594410,"date":"2025-12-12T06:51:18","date_gmt":"2025-12-12T06:51:18","guid":{"rendered":"https:\/\/www.europesays.com\/fr\/594410\/"},"modified":"2025-12-12T06:51:18","modified_gmt":"2025-12-12T06:51:18","slug":"le-nouveau-supermarche-super-tout-nu-ouvre-a-rennes-on-a-pousse-les-portes","status":"publish","type":"post","link":"https:\/\/www.europesays.com\/fr\/594410\/","title":{"rendered":"le nouveau supermarch\u00e9 Super tout nu ouvre \u00e0 Rennes, on a pouss\u00e9 les portes"},"content":{"rendered":"<p>                    Par<br \/>\n        <strong><br \/>\n            <a href=\"https:\/\/actu.fr\/auteur\/laurene-fertin\" title=\"Consulter tous les articles de Laur\u00e8ne Fertin\" target=\"_blank\" rel=\"noopener\">Laur\u00e8ne Fertin<\/a><br \/>\n                    <\/strong><\/p>\n<p>        Publi\u00e9 le<\/p>\n<p>            12 d\u00e9c. 2025 \u00e0 6h32        <\/p>\n<p>Nous vous en parlions dans <a href=\"https:\/\/actu.fr\/bretagne\/rennes_35238\/c-est-quoi-super-tout-nu-ce-supermarche-unique-qui-s-implante-pour-la-premiere-fois-en-bretagne_63507745.html\" target=\"_blank\" rel=\"noopener\">cet article<\/a>, jeudi 11\u00a0d\u00e9cembre 2025, \u00e0 Rennes, le supermarch\u00e9 <a href=\"https:\/\/actu.fr\/occitanie\/toulouse_31555\/le-drive-tout-nu-la-pepite-de-toulouse-specialiste-du-zero-dechet-ouvre-un-nouveau-supermarche-voici-ou_63364536.html\" target=\"_blank\" rel=\"noopener\">d\u2019origine toulousaine<\/a> <strong>Super tout nu<\/strong> a ouvert. L\u2019enseigne, d\u00e9j\u00e0 implant\u00e9e dans la Ville rose mais \u00e9galement \u00e0 <strong><a href=\"https:\/\/actu.fr\/hauts-de-france\/marquette-lez-lille_59386\/cest-quoi-ce-supermarche-super-tout-nu-qui-vient-douvrir-pres-de-lille-on-vous-fait-la-visite_63460649.html\" target=\"_blank\" rel=\"noopener\">Lille<\/a>,<\/strong> a d\u00e9cid\u00e9 de poser ses valises en Bretagne pour la premi\u00e8re fois. Le concept fait la part belle <strong>au z\u00e9ro d\u00e9chet<\/strong>\u2009: ici, les denr\u00e9es sont conditionn\u00e9es en bocal (ou presque)\u2009; les produits sont majoritairement <strong>locaux, et\/ou bio<\/strong>. Et, si certains font la moue en entendant le mot <strong>\u00ab\u2009consigne\u2009\u00bb,<\/strong> les cofondateurs Salom\u00e9 et Pierre l\u2019assurent\u2009: \u00ab\u2009Tout est fait pour <strong>vous simplifier les courses<\/strong>\u2009\u00bb et \u00e0 <strong>moindre prix.<\/strong> On vous fait visiter.<\/p>\n<p>Comment \u00e7a marche\u2009?<\/p>\n<p class=\" wall-content\">Lorsque vous entrez dans le magasin, situ\u00e9 au<a href=\"http:\/\/google.fr\/maps\/place\/Le+Super+tout+nu+%C2%B7+Rennes+%7C+Supermarch%C3%A9+z%C3%A9ro+d%C3%A9chet\/@48.096924,-1.6285696,14z\/data=!4m10!1m2!2m1!1ssuper+tout+nu+rennes!3m6!1s0x480edfb8fc0a1ab5:0xa73673d3ee936ba4!8m2!3d48.133185!4d-1.684153!15sChRzdXBlciB0b3V0IG51IHJlbm5lc1oWIhRzdXBlciB0b3V0IG51IHJlbm5lc5IBDnByb2R1Y2VfbWFya2V0mgFEQ2k5RFFVbFJRVU52WkVOb2RIbGpSamx2VDI1a1dXTkZUVEJSVlZKU1RGWm9lV1ZWV2tsV1dHeElVa1k1VkU1V1JSQULgAQD6AQQIABBE!16s%2Fg%2F11m_wv23sw?entry=ttu&amp;g_ep=EgoyMDI1MTIwOC4wIKXMDSoASAFQAw%3D%3D\" target=\"_blank\" rel=\"noopener\"> 5, rue de la Chauss\u00e9e<\/a>, se pr\u00e9sentent \u00e0 vous un espace <strong>fruits<\/strong> et <strong>l\u00e9gumes,<\/strong> une <strong>boucherie,<\/strong> un coin r\u00e9serv\u00e9 au <strong>pain<\/strong> et autres p\u00e2tisseries (s\u00e8ches), des <strong>produits m\u00e9nagers<\/strong> et des produits <strong>d\u2019hygi\u00e8ne,<\/strong> des produits secs <strong>(riz, p\u00e2tes\u2026),<\/strong> une <strong>cr\u00e8merie<\/strong> mais \u00e9galement du <strong>lait,<\/strong> des <strong>\u0153ufs\u2026<\/strong><\/p>\n<p class=\" wall-content\">La seule sp\u00e9cificit\u00e9 r\u00e9side dans le fait que la grande majorit\u00e9 des produits sont conditionn\u00e9s dans <strong>des bocaux en verre<\/strong>, ou dans <strong>des sacs en toile consign\u00e9s<\/strong>. Vous n\u2019avez pas donc pas besoin de ramener vos propres contenants.<\/p>\n<p class=\" wall-content\">Concr\u00e8tement, lorsque vous passez en caisse, <strong>vous ne payez aucune consigne<\/strong>.\u00a0De retour dans le magasin pour effectuer d\u2019autres achats, un espace est consacr\u00e9 <strong>au d\u00e9p\u00f4t des bocaux.<\/strong> Signalez-le en caisse\u2009: <strong>10 centimes<\/strong> vous seront alors cr\u00e9dit\u00e9s par contenant.<\/p>\n<p>    <img   decoding=\"async\" loading=\"lazy\" src=\"https:\/\/www.europesays.com\/fr\/wp-content\/uploads\/2025\/12\/image-20251211-110518-975-960x640.jpeg\" alt=\"Photo prise le jeudi 11 d\u00e9cembre 2025\" width=\"960\" height=\"640\"\/><br \/>\n    Les bocaux doivent \u00eatre, a minima, rinc\u00e9s avant d\u2019\u00eatre rapport\u00e9s dans le supermarch\u00e9. Super tout nu s\u2019occupe de les nettoyer afin qu\u2019ils soient r\u00e9employ\u00e9s. (\u00a9Laur\u00e8ne Fertin \/ actu Rennes)Quelle diff\u00e9rence avec d\u2019autres magasins bio\u2009?<\/p>\n<p class=\" wall-content\">Super tout nu prend la place de l\u2019ancienne enseigne Day by Day qui proposait \u00e9galement de faire ses courses en z\u00e9ro d\u00e9chet. <strong>\u00ab\u2009La diff\u00e9rence\u2009\u00bb<\/strong>, indique Pierre G\u00e9raud-Liria, cofondateur du magasin avec Salom\u00e9, sa compagne, \u00ab\u2009c\u2019est que Day by Day propose des produits en vrac. \u00c0 Super tout nu, tout est <strong>d\u00e9j\u00e0 conditionn\u00e9 dans des grammages<\/strong> semblables aux supermarch\u00e9s classiques. Il n\u2019y a pas de vrac.\u2009\u00bb<\/p>\n<p>Votre r\u00e9gion, votre actu !<\/p>\n<p>Recevez chaque jour les infos qui comptent pour vous.<\/p>\n<p>\t<a href=\"https:\/\/actu.fr\/newsletter\" class=\"ac-btn ac-btn--corner ac-btn--medium ac-btn--blue800\" target=\"_blank\" rel=\"noopener\">S&rsquo;incrire<\/a><\/p>\n<p>    <img   decoding=\"async\" loading=\"lazy\" src=\"https:\/\/www.europesays.com\/fr\/wp-content\/uploads\/2025\/12\/image-20251211-110519-140-960x640.jpeg\" alt=\"Photo prise le jeudi 11 d\u00e9cembre 2025\" width=\"960\" height=\"640\"\/><br \/>\n    L\u2019emmental r\u00e2p\u00e9 est vendu en bocal. (\u00a9Laur\u00e8ne Fertin \/ actu Rennes)<\/p>\n<p class=\" wall-content\">De la m\u00eame fa\u00e7on, Super tout nu reste singulier des magasins Biocoop sur plusieurs points\u2009:<\/p>\n<blockquote class=\"ac-article-quote wall-content\">\n<p>Nous favorisons en large partie le local : 60 % de nos produits sont locaux et c&rsquo;est \u00e9norme. Ensuite, nous ne sommes pas 100 % bio : certains produits respectent des crit\u00e8res qui nous sont importants comme l&rsquo;absence d&rsquo;additifs nocifs ou encore l&rsquo;absence de perturbateurs endocriniens, tout en restant qualitatifs.<\/p>\n<p>    <strong>Pierre G\u00e9raud-Liria<\/strong><br \/>\n        Cofondateur des supermarch\u00e9s Super tout nu    <\/p><\/blockquote>\n<p>Des prix \u00ab\u2009accessibles\u2009\u00bb<\/p>\n<p class=\" wall-content\">Sur la question du prix, Super tout nu s\u2019appuie sur l\u2019indice prix, permettant de se situer parmi d\u2019autres concurrents du secteur. \u00ab\u2009Si on regarde des enseignes telles que Biocoop, E.Leclerc, Carrefour ou encore Chronodrive, nous sommes <strong>2\u2009% moins chers <\/strong>que la moyenne de ces \u00e9tablissements. Notre indice prix est de 98.\u2009\u00bb Quand d\u2019autres, tels que Carrefour, se situent<a href=\"https:\/\/www.lsa-conso.fr\/les-prix-en-drive-de-carrefour-market-et-des-hypermarches-carrefour-baissent-en-avril-selon-wiser,460594\" target=\"_blank\" rel=\"noopener\"> aux alentours de 100 et plus<\/a>.<\/p>\n<p>    <img   decoding=\"async\" loading=\"lazy\" src=\"https:\/\/www.europesays.com\/fr\/wp-content\/uploads\/2025\/12\/image-20251211-110519-343-960x640.jpeg\" alt=\"Photo prise le jeudi 11 d\u00e9cembre 2025\" width=\"960\" height=\"640\"\/><br \/>\n    Pierre Giraud-Liria, cofondateur des supermarch\u00e9s Super tout nu. (\u00a9Laur\u00e8ne Fertin \/ actu Rennes)<\/p>\n<p class=\" wall-content\">Et, parmi les <strong>3\u2009000 r\u00e9f\u00e9rences<\/strong> propos\u00e9es par le supermarch\u00e9 z\u00e9ro d\u00e9chet, une centaine recoupe <strong>des \u00ab\u2009prix engag\u00e9s\u2009\u00bb,<\/strong> c\u2019est-\u00e0-dire \u00ab\u2009des prix qui ne vont pas faire baisser le pouvoir d\u2019achat\u2009\u00bb, souligne Pierre G\u00e9raud-Liria. \u00c0 l\u2019instar du <strong>riz,<\/strong> des jus comme le <strong>jus d\u2019orange,<\/strong> ou encore l\u2019emmental r\u00e2p\u00e9. \u00ab\u2009Sur ces prix engag\u00e9s, notre indice est de 92, soit <strong>8\u2009% moins cher que la moyenne. <\/strong>On cogne sur les prix pour que le supermarch\u00e9 soit accessible au plus grand nombre.\u2009\u00bb<\/p>\n<p><strong>Infos pratiques\u2009:<\/strong><br \/>Super tout nu, situ\u00e9 au 5, rue de la Chauss\u00e9e \u00e0 Rennes. Ouvert du lundi au samedi de 9h30 \u00e0 19h.<\/p>\n<p class=\" wall-content\">Personnalisez votre actualit\u00e9 en ajoutant vos villes et m\u00e9dias en favori avec <a href=\"https:\/\/moncompte.actu.fr\" title=\"D\u00e9couvez Mon Actu\" rel=\"nofollow noopener\" data-trk=\"{&quot;cta&quot;:{&quot;action&quot;:&quot;https:\\\/\\\/moncompte.actu.fr&quot;,&quot;category&quot;:&quot;mon compte&quot;,&quot;from&quot;:&quot;article footer&quot;,&quot;name&quot;:&quot;Mon actu&quot;,&quot;type&quot;:&quot;cta&quot;}}\" target=\"_blank\">Mon Actu<\/a>.<\/p>\n","protected":false},"excerpt":{"rendered":"Par Laur\u00e8ne Fertin Publi\u00e9 le 12 d\u00e9c. 2025 \u00e0 6h32 Nous vous en parlions dans cet article, jeudi&hellip;\n","protected":false},"author":2,"featured_media":594411,"comment_status":"","ping_status":"","sticky":false,"template":"","format":"standard","meta":{"footnotes":""},"categories":[2821],"tags":[1111,11,829,130,33,436,1777,674,1011,27,12,3147,584,25],"class_list":{"0":"post-594410","1":"post","2":"type-post","3":"status-publish","4":"format-standard","5":"has-post-thumbnail","7":"category-rennes","8":"tag-actu","9":"tag-actualites","10":"tag-bretagne","11":"tag-consommation","12":"tag-economie","13":"tag-environnement","14":"tag-eu","15":"tag-europe","16":"tag-fr","17":"tag-france","18":"tag-news","19":"tag-nouveaux-commerces","20":"tag-rennes","21":"tag-republique-francaise"},"share_on_mastodon":{"url":"https:\/\/pubeurope.com\/@fr\/115705276839246096","error":""},"_links":{"self":[{"href":"https:\/\/www.europesays.com\/fr\/wp-json\/wp\/v2\/posts\/594410","targetHints":{"allow":["GET"]}}],"collection":[{"href":"https:\/\/www.europesays.com\/fr\/wp-json\/wp\/v2\/posts"}],"about":[{"href":"https:\/\/www.europesays.com\/fr\/wp-json\/wp\/v2\/types\/post"}],"author":[{"embeddable":true,"href":"https:\/\/www.europesays.com\/fr\/wp-json\/wp\/v2\/users\/2"}],"replies":[{"embeddable":true,"href":"https:\/\/www.europesays.com\/fr\/wp-json\/wp\/v2\/comments?post=594410"}],"version-history":[{"count":0,"href":"https:\/\/www.europesays.com\/fr\/wp-json\/wp\/v2\/posts\/594410\/revisions"}],"wp:featuredmedia":[{"embeddable":true,"href":"https:\/\/www.europesays.com\/fr\/wp-json\/wp\/v2\/media\/594411"}],"wp:attachment":[{"href":"https:\/\/www.europesays.com\/fr\/wp-json\/wp\/v2\/media?parent=594410"}],"wp:term":[{"taxonomy":"category","embeddable":true,"href":"https:\/\/www.europesays.com\/fr\/wp-json\/wp\/v2\/categories?post=594410"},{"taxonomy":"post_tag","embeddable":true,"href":"https:\/\/www.europesays.com\/fr\/wp-json\/wp\/v2\/tags?post=594410"}],"curies":[{"name":"wp","href":"https:\/\/api.w.org\/{rel}","templated":true}]}}