{"id":594414,"date":"2025-12-12T06:53:15","date_gmt":"2025-12-12T06:53:15","guid":{"rendered":"https:\/\/www.europesays.com\/fr\/594414\/"},"modified":"2025-12-12T06:53:15","modified_gmt":"2025-12-12T06:53:15","slug":"un-concert-avec-de-grands-noms-de-lelectro-bientot-organise-dans-la-gare-de-strasbourg","status":"publish","type":"post","link":"https:\/\/www.europesays.com\/fr\/594414\/","title":{"rendered":"un concert avec de grands noms de l&rsquo;\u00e9lectro bient\u00f4t organis\u00e9 dans la gare de Strasbourg"},"content":{"rendered":"<p>                    Par<br \/>\n        <strong><br \/>\n            <a href=\"https:\/\/actu.fr\/auteur\/ivan-capecchi\" title=\"Consulter tous les articles de Ivan CAPECCHI\" target=\"_blank\" rel=\"noopener\">Ivan CAPECCHI<\/a><br \/>\n                    <\/strong><\/p>\n<p>        Publi\u00e9 le<\/p>\n<p>            12 d\u00e9c. 2025 \u00e0 7h02        <\/p>\n<p>L\u2019Ososph\u00e8re fera son retour en <strong>2026<\/strong> avec un premier rendez-vous <a href=\"https:\/\/actu.fr\/insolite\" target=\"_blank\" rel=\"noopener\">insolite<\/a> : les <strong>13 et 14 f\u00e9vrier<\/strong>, le hall central de la <a href=\"https:\/\/actu.fr\/tag\/gare-de-strasbourg\" target=\"_blank\" rel=\"noopener\">gare de Strasbourg<\/a> se transformera exceptionnellement en dancefloor pour deux nuits plac\u00e9es sous le signe de <strong>l\u2019\u00e9lectro<\/strong>.<\/p>\n<p>De grands noms de l\u2019\u00e9lectro \u00e0 Strasbourg<\/p>\n<p class=\" wall-content\">Le vendredi 13 f\u00e9vrier, d\u00e8s 22h30, la soir\u00e9e r\u00e9unira <strong>Cerrone<\/strong>, <strong>\u00c9tienne de Cr\u00e9cy<\/strong> et <strong>Schnautzi<\/strong>, pour un programme m\u00ealant disco, funk, house, \u00e9lectro et French Touch.<\/p>\n<p class=\" wall-content\">Le samedi 14 f\u00e9vrier, place aux musiques \u00e9lectroniques m\u00e9lodiques et techno minimale avec <strong>NTO<\/strong>, <strong>Joris Delacroix<\/strong>, <strong>Carla Schmitt<\/strong> et <strong>Glenn Prinz<\/strong>.<\/p>\n<p class=\" wall-content\">Plus d\u2019informations sur le <a href=\"https:\/\/www.artefact.org\/l-ososphere\/\" target=\"_blank\" rel=\"noopener\">site de l\u2019\u00e9v\u00e9nement<\/a>.<\/p>\n<p class=\" wall-content\">Personnalisez votre actualit\u00e9 en ajoutant vos villes et m\u00e9dias en favori avec <a href=\"https:\/\/moncompte.actu.fr\" title=\"D\u00e9couvez Mon Actu\" rel=\"nofollow noopener\" data-trk=\"{&quot;cta&quot;:{&quot;action&quot;:&quot;https:\\\/\\\/moncompte.actu.fr&quot;,&quot;category&quot;:&quot;mon compte&quot;,&quot;from&quot;:&quot;article footer&quot;,&quot;name&quot;:&quot;Mon actu&quot;,&quot;type&quot;:&quot;cta&quot;}}\" target=\"_blank\">Mon Actu<\/a>.<\/p>\n","protected":false},"excerpt":{"rendered":"Par Ivan CAPECCHI Publi\u00e9 le 12 d\u00e9c. 2025 \u00e0 7h02 L\u2019Ososph\u00e8re fera son retour en 2026 avec un&hellip;\n","protected":false},"author":2,"featured_media":594415,"comment_status":"","ping_status":"","sticky":false,"template":"","format":"standard","meta":{"footnotes":""},"categories":[2820],"tags":[1111,11,1777,674,1011,27,20526,775,1757,1652,12,25,640],"class_list":{"0":"post-594414","1":"post","2":"type-post","3":"status-publish","4":"format-standard","5":"has-post-thumbnail","7":"category-strasbourg","8":"tag-actu","9":"tag-actualites","10":"tag-eu","11":"tag-europe","12":"tag-fr","13":"tag-france","14":"tag-gare-de-strasbourg","15":"tag-grand-est","16":"tag-insolite","17":"tag-loisirs-culture","18":"tag-news","19":"tag-republique-francaise","20":"tag-strasbourg"},"share_on_mastodon":{"url":"https:\/\/pubeurope.com\/@fr\/115705282793266824","error":""},"_links":{"self":[{"href":"https:\/\/www.europesays.com\/fr\/wp-json\/wp\/v2\/posts\/594414","targetHints":{"allow":["GET"]}}],"collection":[{"href":"https:\/\/www.europesays.com\/fr\/wp-json\/wp\/v2\/posts"}],"about":[{"href":"https:\/\/www.europesays.com\/fr\/wp-json\/wp\/v2\/types\/post"}],"author":[{"embeddable":true,"href":"https:\/\/www.europesays.com\/fr\/wp-json\/wp\/v2\/users\/2"}],"replies":[{"embeddable":true,"href":"https:\/\/www.europesays.com\/fr\/wp-json\/wp\/v2\/comments?post=594414"}],"version-history":[{"count":0,"href":"https:\/\/www.europesays.com\/fr\/wp-json\/wp\/v2\/posts\/594414\/revisions"}],"wp:featuredmedia":[{"embeddable":true,"href":"https:\/\/www.europesays.com\/fr\/wp-json\/wp\/v2\/media\/594415"}],"wp:attachment":[{"href":"https:\/\/www.europesays.com\/fr\/wp-json\/wp\/v2\/media?parent=594414"}],"wp:term":[{"taxonomy":"category","embeddable":true,"href":"https:\/\/www.europesays.com\/fr\/wp-json\/wp\/v2\/categories?post=594414"},{"taxonomy":"post_tag","embeddable":true,"href":"https:\/\/www.europesays.com\/fr\/wp-json\/wp\/v2\/tags?post=594414"}],"curies":[{"name":"wp","href":"https:\/\/api.w.org\/{rel}","templated":true}]}}