{"id":594418,"date":"2025-12-12T06:56:23","date_gmt":"2025-12-12T06:56:23","guid":{"rendered":"https:\/\/www.europesays.com\/fr\/594418\/"},"modified":"2025-12-12T06:56:23","modified_gmt":"2025-12-12T06:56:23","slug":"a-la-decouverte-de-lupe06","status":"publish","type":"post","link":"https:\/\/www.europesays.com\/fr\/594418\/","title":{"rendered":"\u00c0 la d\u00e9couverte de l\u2019UPE06"},"content":{"rendered":"<p><img loading=\"lazy\" decoding=\"async\" width=\"500\" height=\"500\" src=\"https:\/\/www.europesays.com\/fr\/wp-content\/uploads\/2025\/12\/logosupe.png\" alt=\"logoUpe06\" class=\"wp-image-34801\" style=\"width:400px\"  \/><\/p>\n<p class=\"tribe-events-schedule__datetime\">\n<p>\t\t\t17 d\u00e9cembre\t\t<\/p>\n<p>\t\t\t\t| \t\t\t<\/p>\n<p>\t\t\t\t8h30\t\t\t<\/p>\n<p>\t\t\t\t\t \u2013 \t\t\t\t<\/p>\n<p>\t\t\t\t\t10h00\t\t\t\t<\/p>\n<p>Une r\u00e9union d\u2019\u00e9changes destin\u00e9e aux adh\u00e9rents et futurs adh\u00e9rents souhaitant comprendre le r\u00f4le, les services et les actions de l\u2019UPE06. L\u2019objectif est de pr\u00e9senter les solutions d\u2019accompagnement propos\u00e9es, le r\u00e9seau professionnel accessible, ainsi que les opportunit\u00e9s offertes aux entreprises du territoire.<\/p>\n<p><strong>Temps forts :<\/strong><\/p>\n<ul class=\"wp-block-list\">\n<li>Pr\u00e9sentation du r\u00f4le et des missions de l\u2019UPE06.<\/li>\n<li>D\u00e9tail des services propos\u00e9s aux dirigeants et entreprises (accompagnement, solutions en cas de difficult\u00e9s, mise en relation, opportunit\u00e9s).<\/li>\n<li>Pr\u00e9sentation du calendrier annuel d\u2019ateliers et d\u2019\u00e9v\u00e9nements.<\/li>\n<li>\u00c9changes directs avec l\u2019\u00e9quipe de l\u2019UPE06.<\/li>\n<\/ul>\n<p><strong>\u2139 Informations pratiques :<\/strong><br \/>Session ouverte aux adh\u00e9rents et aux personnes int\u00e9ress\u00e9es par une adh\u00e9sion.<\/p>\n","protected":false},"excerpt":{"rendered":"17 d\u00e9cembre | 8h30 \u2013 10h00 Une r\u00e9union d\u2019\u00e9changes destin\u00e9e aux adh\u00e9rents et futurs adh\u00e9rents souhaitant comprendre le&hellip;\n","protected":false},"author":2,"featured_media":594419,"comment_status":"","ping_status":"","sticky":false,"template":"","format":"standard","meta":{"footnotes":""},"categories":[2819],"tags":[1111,11,1777,674,1011,27,12,2401,882,25],"class_list":{"0":"post-594418","1":"post","2":"type-post","3":"status-publish","4":"format-standard","5":"has-post-thumbnail","7":"category-nice","8":"tag-actu","9":"tag-actualites","10":"tag-eu","11":"tag-europe","12":"tag-fr","13":"tag-france","14":"tag-news","15":"tag-nice","16":"tag-provence-alpes-cote-dazur","17":"tag-republique-francaise"},"share_on_mastodon":{"url":"https:\/\/pubeurope.com\/@fr\/115705295540043707","error":""},"_links":{"self":[{"href":"https:\/\/www.europesays.com\/fr\/wp-json\/wp\/v2\/posts\/594418","targetHints":{"allow":["GET"]}}],"collection":[{"href":"https:\/\/www.europesays.com\/fr\/wp-json\/wp\/v2\/posts"}],"about":[{"href":"https:\/\/www.europesays.com\/fr\/wp-json\/wp\/v2\/types\/post"}],"author":[{"embeddable":true,"href":"https:\/\/www.europesays.com\/fr\/wp-json\/wp\/v2\/users\/2"}],"replies":[{"embeddable":true,"href":"https:\/\/www.europesays.com\/fr\/wp-json\/wp\/v2\/comments?post=594418"}],"version-history":[{"count":0,"href":"https:\/\/www.europesays.com\/fr\/wp-json\/wp\/v2\/posts\/594418\/revisions"}],"wp:featuredmedia":[{"embeddable":true,"href":"https:\/\/www.europesays.com\/fr\/wp-json\/wp\/v2\/media\/594419"}],"wp:attachment":[{"href":"https:\/\/www.europesays.com\/fr\/wp-json\/wp\/v2\/media?parent=594418"}],"wp:term":[{"taxonomy":"category","embeddable":true,"href":"https:\/\/www.europesays.com\/fr\/wp-json\/wp\/v2\/categories?post=594418"},{"taxonomy":"post_tag","embeddable":true,"href":"https:\/\/www.europesays.com\/fr\/wp-json\/wp\/v2\/tags?post=594418"}],"curies":[{"name":"wp","href":"https:\/\/api.w.org\/{rel}","templated":true}]}}