{"id":594420,"date":"2025-12-12T06:57:13","date_gmt":"2025-12-12T06:57:13","guid":{"rendered":"https:\/\/www.europesays.com\/fr\/594420\/"},"modified":"2025-12-12T06:57:13","modified_gmt":"2025-12-12T06:57:13","slug":"marseille-monaco-au-sommet-lens-nice-chacun-sur-sa-pente","status":"publish","type":"post","link":"https:\/\/www.europesays.com\/fr\/594420\/","title":{"rendered":"Marseille-Monaco au sommet, Lens-Nice chacun sur sa pente"},"content":{"rendered":"<p class=\"upper-letter\">Un grand classique de la Ligue 1 entre l&rsquo;Olympique de Marseille et Monaco dimanche (20h45) domine la 16e journ\u00e9e o\u00f9 le leader Lens re\u00e7oit Nice (17h15) en perdition et le Paris Saint-Germain se rend \u00e0 Metz, lanterne rouge, samedi (19h00).<\/p>\n<p>Tellement irr\u00e9guliers, l&rsquo;OM et Monaco s&rsquo;affrontent apr\u00e8s avoir chacun arrach\u00e9 une victoire en Ligue des champions, les Phoc\u00e9ens \u00e0 Bruxelles contre la Saint-Gilloise (3-2), les Mon\u00e9gasques contre Galatasaray (1-0).<\/p>\n<p>Toujours en course en C1 avec 9 points chacune, les deux \u00e9quipes n&rsquo;affichent pas la m\u00eame forme en Ligue 1, avant la derni\u00e8re journ\u00e9e de l&rsquo;ann\u00e9e, le week-end suivant \u00e9tant consacr\u00e9 aux 32e de finale de la Coupe de France et l&rsquo;entr\u00e9e en lice des clubs de l&rsquo;\u00e9lite.<\/p>\n<p>Marseille n&rsquo;a pris qu&rsquo;un point en deux matches et manqu\u00e9 de prendre la place de leader \u00e0 la derni\u00e8re seconde face \u00e0 Toulouse (2-2).<\/p>\n<p>Monaco reste sur quatre d\u00e9faites et une seule victoire, mais contre le PSG (1-0), symbole de sa saison en montagnes russes.<\/p>\n<p>Au classement de L1, les deux clubs m\u00e9diterran\u00e9ens ne sont pas dans la m\u00eame situation: les hommes de Roberto De Zerbi sont solidement accroch\u00e9s au podium (3e), ceux de S\u00e9bastien Pocognoli (7e) ne l&rsquo;ont plus fr\u00e9quent\u00e9 depuis la 10e journ\u00e9e. Ils se retrouvent d\u00e9j\u00e0 \u00e0 six longueurs de l&rsquo;OM. Une d\u00e9faite leur co\u00fbterait tr\u00e8s cher dans la course aux places europ\u00e9ennes.<\/p>\n<p>&#8211; Les Sang et Or sur leur lanc\u00e9e &#8211;<\/p>\n<p><img decoding=\"async\" onerror=\"this.setAttribute('data-error', 1)\" width=\"1200\" alt=\"L'attaquant anglais de Marseille Mason Greenwood, actuel meilleur buteur de Ligue 1 avec 10 buts. (AFP - Sameer AL-DOUMY)\" loading=\"lazy\" data-nuxt-img=\"\" class=\"ui-img my-3 my-3\" src=\"https:\/\/www.europesays.com\/fr\/wp-content\/uploads\/2025\/12\/1765522633_795_placeholder.svg.jpeg\"\/>L&rsquo;attaquant anglais de Marseille Mason Greenwood, actuel meilleur buteur de Ligue 1 avec 10 buts. (AFP &#8211; Sameer AL-DOUMY)<\/p>\n<p>Onze points devant Monaco, Lens est en pleine ascension avec cinq victoires de rang dans le sillage de l&rsquo;irr\u00e9sistible Florian Thauvin, auteur de trois buts lors des deux derniers matches.<\/p>\n<p>Avant les f\u00eates de No\u00ebl, les Sang et Or croisent sur les pentes de la L1 un OGC Nice en chute libre (12e), qui a perdu ses cinq derniers matches de championnat et se retrouve en pleine crise extra-sportive apr\u00e8s l&rsquo;agression du groupe par certains supporters.<\/p>\n<p>L&rsquo;entra\u00eeneur azur\u00e9en Franck Haise, qui s&rsquo;\u00e9tait fait conna\u00eetre \u00e0 Lens, ne revient pas en toute s\u00e9r\u00e9nit\u00e9 \u00e0 Bollaert.<\/p>\n<p>Metz non plus n&rsquo;est pas tranquille. De nouveau derniers depuis leur d\u00e9faite \u00e0 Auxerre (3-1), les Grenats re\u00e7oivent l&rsquo;ogre PSG, d\u00e9tr\u00f4n\u00e9 depuis deux journ\u00e9es par le RC Lens et avide de retrouver la premi\u00e8re place. <\/p>\n<p>Les Parisiens n&rsquo;ont pas r\u00e9ussi \u00e0 marquer \u00e0 Bilbao (0-0) mercredi en C1, mais la deuxi\u00e8me meilleure attaque du pays avec 32 buts (derri\u00e8re l&rsquo;OM, 35 buts) pourrait se r\u00e9veiller en Lorraine.<\/p>\n<p>Lors de la 15e journ\u00e9e, le PSG avait pass\u00e9 cinq buts au Stade Rennais (5-0), interrompant s\u00e8chement la remont\u00e9e des joueurs d&rsquo;Habib Beye au classement (6e).<\/p>\n<p>Pour se relancer, Rennes pr\u00e9pare un prometteur derby breton contre les Pirates de Brest samedi (17h00), revenu en milieu de tableau (10e) gr\u00e2ce \u00e0 trois victoires de rang.<\/p>\n<p>A suivre enfin les d\u00e9buts du nouvel entra\u00eeneur de Nantes Ahmed Kantari, de retour \u00e0 La Beaujoire apr\u00e8s avoir \u00e9t\u00e9 l&rsquo;adjoint d&rsquo;Antoine Kombouar\u00e9 lors de la seconde moiti\u00e9 de la saison derni\u00e8re.<\/p>\n<p>Le Franco-Marocain qui remplace Luis Castro, \u00e9cart\u00e9 apr\u00e8s la d\u00e9faite contre Lens (2-1), va \u00e9trenner sa fonction de num\u00e9ro un des Canaris \u00e0 Angers, vendredi (20h45). Le d\u00e9fi est relev\u00e9, le SCO a remport\u00e9 trois de ses quatre derniers matches et ne s&rsquo;est inclin\u00e9 que contre Lens (2-1).<\/p>\n","protected":false},"excerpt":{"rendered":"Un grand classique de la Ligue 1 entre l&rsquo;Olympique de Marseille et Monaco dimanche (20h45) domine la 16e&hellip;\n","protected":false},"author":2,"featured_media":594421,"comment_status":"","ping_status":"","sticky":false,"template":"","format":"standard","meta":{"footnotes":""},"categories":[2819],"tags":[1111,11,1777,674,1011,27,12,2401,882,25],"class_list":{"0":"post-594420","1":"post","2":"type-post","3":"status-publish","4":"format-standard","5":"has-post-thumbnail","7":"category-nice","8":"tag-actu","9":"tag-actualites","10":"tag-eu","11":"tag-europe","12":"tag-fr","13":"tag-france","14":"tag-news","15":"tag-nice","16":"tag-provence-alpes-cote-dazur","17":"tag-republique-francaise"},"share_on_mastodon":{"url":"https:\/\/pubeurope.com\/@fr\/115705299634001289","error":""},"_links":{"self":[{"href":"https:\/\/www.europesays.com\/fr\/wp-json\/wp\/v2\/posts\/594420","targetHints":{"allow":["GET"]}}],"collection":[{"href":"https:\/\/www.europesays.com\/fr\/wp-json\/wp\/v2\/posts"}],"about":[{"href":"https:\/\/www.europesays.com\/fr\/wp-json\/wp\/v2\/types\/post"}],"author":[{"embeddable":true,"href":"https:\/\/www.europesays.com\/fr\/wp-json\/wp\/v2\/users\/2"}],"replies":[{"embeddable":true,"href":"https:\/\/www.europesays.com\/fr\/wp-json\/wp\/v2\/comments?post=594420"}],"version-history":[{"count":0,"href":"https:\/\/www.europesays.com\/fr\/wp-json\/wp\/v2\/posts\/594420\/revisions"}],"wp:featuredmedia":[{"embeddable":true,"href":"https:\/\/www.europesays.com\/fr\/wp-json\/wp\/v2\/media\/594421"}],"wp:attachment":[{"href":"https:\/\/www.europesays.com\/fr\/wp-json\/wp\/v2\/media?parent=594420"}],"wp:term":[{"taxonomy":"category","embeddable":true,"href":"https:\/\/www.europesays.com\/fr\/wp-json\/wp\/v2\/categories?post=594420"},{"taxonomy":"post_tag","embeddable":true,"href":"https:\/\/www.europesays.com\/fr\/wp-json\/wp\/v2\/tags?post=594420"}],"curies":[{"name":"wp","href":"https:\/\/api.w.org\/{rel}","templated":true}]}}