{"id":594422,"date":"2025-12-12T06:58:17","date_gmt":"2025-12-12T06:58:17","guid":{"rendered":"https:\/\/www.europesays.com\/fr\/594422\/"},"modified":"2025-12-12T06:58:17","modified_gmt":"2025-12-12T06:58:17","slug":"au-tribunal-de-nantes-lex-directeur-general-dune-association-condamne-pour-avoir","status":"publish","type":"post","link":"https:\/\/www.europesays.com\/fr\/594422\/","title":{"rendered":"Au tribunal de Nantes, l\u2019ex-directeur g\u00e9n\u00e9ral d\u2019une association condamn\u00e9 pour avoir"},"content":{"rendered":"<tr wp_automatic_readability=\"6.8852459016393\">\n<td valign=\"middle\" align=\"center\" class=\"col-logo\" wp_automatic_readability=\"5\">\n    <img decoding=\"async\" src=\"https:\/\/maville.com\/design\/images\/logo-of-monetise.svg?version=20130627\" alt=\"logo Ouest-France\" height=\"66\"\/><\/p>\n<p>Contenu r\u00e9serv\u00e9 aux abonn\u00e9s<\/p>\n<\/td>\n<td class=\"col-titre\">\n\t\t\tVendredi 12 d\u00e9cembre 2025 06:30<br \/>\n\t\t\t<a class=\"icon-bulle sizeL count\" href=\"#ancreAvis\"><br \/>\n\t&#8230;<br \/>\n<\/a><\/td>\n<\/tr>\n<p>\t\t<a class=\"mavillebox2 elmt-photo\" href=\"https:\/\/maville.com\/photosmvi\/2025\/12\/12\/P35635104D7105928G.jpg\" title=\" L\u2019ancien directeur g\u00e9n\u00e9ral de Psy Activ, entre\u00a02018 et\u00a02020, \u00e9tait, ce jeudi 11\u00a0d\u00e9cembre, face \u00e0 trois juges de la chambre correctionnelle sp\u00e9cialis\u00e9e dans la d\u00e9linquance en col blanc, au tribunal judiciaire de Nantes.  \u00a9  Franck Dubray\/Archives Ouest-France  \" rel=\"galerie_actu noopener\" target=\"_blank\"><br \/>\n\t<img decoding=\"async\" src=\"https:\/\/www.europesays.com\/fr\/wp-content\/uploads\/2025\/12\/P35635104D7105928G_crop_640-330_.jpg\" alt=\"photo  l\u2019ancien directeur g\u00e9n\u00e9ral de psy activ, entre\u00a02018 et\u00a02020, \u00e9tait, ce jeudi 11\u00a0d\u00e9cembre, face \u00e0 trois juges de la chambre correctionnelle sp\u00e9cialis\u00e9e dans la d\u00e9linquance en col blanc, au tribunal judiciaire de nantes.  \u00a9  franck dubray\/archives ouest-france \"\/><br \/>\n\t1<br \/>\n<\/a><\/p>\n<p class=\"elmt-legende\"> L\u2019ancien directeur g\u00e9n\u00e9ral de Psy Activ, entre\u00a02018 et\u00a02020, \u00e9tait, ce jeudi 11\u00a0d\u00e9cembre, face \u00e0 trois juges de la chambre correctionnelle sp\u00e9cialis\u00e9e dans la d\u00e9linquance en col blanc, au tribunal judiciaire de Nantes.  \u00a9  Franck Dubray\/Archives Ouest-France  <\/p>\n<p>\t\t\u00c0 64\u00a0ans, l\u2019ex-directeur g\u00e9n\u00e9ral de Psy Activ a \u00e9t\u00e9 condamn\u00e9, ce jeudi 11\u00a0d\u00e9cembre 2025, pour abus de confiance, devant le tribunal correctionnel de Nantes (Loire-Atlantique). Entre janvier\u00a02019 et novembre\u00a02020, il s\u2019\u00e9tait servi dans les caisses de l\u2019association \u00e0 des fins personnelles.<\/p>\n<p><b>Cet article est r\u00e9serv\u00e9 aux abonn\u00e9s<\/b><\/p>\n<p>Pour un acc\u00e8s imm\u00e9diat, abonnez-vous<\/p>\n<p><b>1\u00e8re semaine offerte<\/b><\/p>\n<p>\t\t Nathalie Hamon \u00a0\u00a0<br \/>\n\t\tOuest-France<\/p>\n<p>Retrouvez d&rsquo;autres actus sur les communes de :<\/p>\n<p>\t\t&#13;<\/p>\n","protected":false},"excerpt":{"rendered":"Contenu r\u00e9serv\u00e9 aux abonn\u00e9s Vendredi 12 d\u00e9cembre 2025 06:30 &#8230; 1 L\u2019ancien directeur g\u00e9n\u00e9ral de Psy Activ, entre\u00a02018&hellip;\n","protected":false},"author":2,"featured_media":594423,"comment_status":"","ping_status":"","sticky":false,"template":"","format":"standard","meta":{"footnotes":""},"categories":[2818],"tags":[1111,11,1261,4077,8652,37548,1777,674,70726,1011,27,6556,766,12,2636,25,6689,3693,9693],"class_list":{"0":"post-594422","1":"post","2":"type-post","3":"status-publish","4":"format-standard","5":"has-post-thumbnail","7":"category-nantes","8":"tag-actu","9":"tag-actualites","10":"tag-argent","11":"tag-association","12":"tag-condamne","13":"tag-detourne","14":"tag-eu","15":"tag-europe","16":"tag-ex-directeur","17":"tag-fr","18":"tag-france","19":"tag-general","20":"tag-nantes","21":"tag-news","22":"tag-pays-de-la-loire","23":"tag-republique-francaise","24":"tag-roche","25":"tag-tribunal","26":"tag-yon"},"share_on_mastodon":{"url":"","error":""},"_links":{"self":[{"href":"https:\/\/www.europesays.com\/fr\/wp-json\/wp\/v2\/posts\/594422","targetHints":{"allow":["GET"]}}],"collection":[{"href":"https:\/\/www.europesays.com\/fr\/wp-json\/wp\/v2\/posts"}],"about":[{"href":"https:\/\/www.europesays.com\/fr\/wp-json\/wp\/v2\/types\/post"}],"author":[{"embeddable":true,"href":"https:\/\/www.europesays.com\/fr\/wp-json\/wp\/v2\/users\/2"}],"replies":[{"embeddable":true,"href":"https:\/\/www.europesays.com\/fr\/wp-json\/wp\/v2\/comments?post=594422"}],"version-history":[{"count":0,"href":"https:\/\/www.europesays.com\/fr\/wp-json\/wp\/v2\/posts\/594422\/revisions"}],"wp:featuredmedia":[{"embeddable":true,"href":"https:\/\/www.europesays.com\/fr\/wp-json\/wp\/v2\/media\/594423"}],"wp:attachment":[{"href":"https:\/\/www.europesays.com\/fr\/wp-json\/wp\/v2\/media?parent=594422"}],"wp:term":[{"taxonomy":"category","embeddable":true,"href":"https:\/\/www.europesays.com\/fr\/wp-json\/wp\/v2\/categories?post=594422"},{"taxonomy":"post_tag","embeddable":true,"href":"https:\/\/www.europesays.com\/fr\/wp-json\/wp\/v2\/tags?post=594422"}],"curies":[{"name":"wp","href":"https:\/\/api.w.org\/{rel}","templated":true}]}}