{"id":594424,"date":"2025-12-12T06:59:33","date_gmt":"2025-12-12T06:59:33","guid":{"rendered":"https:\/\/www.europesays.com\/fr\/594424\/"},"modified":"2025-12-12T06:59:33","modified_gmt":"2025-12-12T06:59:33","slug":"une-rixe-ultraviolente-fait-cinq-blesses-dans-une-prison-une-enquete-ouverte","status":"publish","type":"post","link":"https:\/\/www.europesays.com\/fr\/594424\/","title":{"rendered":"une rixe ultraviolente fait cinq bless\u00e9s dans une prison, une enqu\u00eate ouverte"},"content":{"rendered":"<p>Nantes: une rixe ultraviolente fait cinq bless\u00e9s dans une prison, une enqu\u00eate ouverteSur le m\u00eame sujet<a href=\"https:\/\/www.bfmtv.com\/police-justice\/video-nantes-une-rixe-ultraviolente-fait-cinq-blesses-dans-une-prison-une-enquete-ouverte_VN-202512120165.html\" title=\"Nantes: une rixe ultraviolente fait cinq bless\u00e9s dans une prison, une enqu\u00eate ouverte \" target=\"_blank\" rel=\"noopener\"><img width=\"16\" height=\"9\" class=\"lozad\"  alt=\"Nantes: une rixe ultraviolente fait cinq bless\u00e9s dans une prison, une enqu\u00eate ouverte \"\/>en lectureNantes: une rixe ultraviolente fait cinq bless\u00e9s dans une prison, une enqu\u00eate ouverte<\/a><a href=\"https:\/\/www.bfmtv.com\/police-justice\/video-les-blocages-des-agriculteurs-opposes-aux-abattage-des-bovins-apres-la-detection-d-un-cas-de-dermatose-s-etendent-lot-et-garonne_VN-202512120130.html\" title=\"Les blocages des agriculteurs oppos\u00e9s aux abattage des bovins, apr\u00e8s la d\u00e9tection d&#039;un cas de dermatose, s&#039;\u00e9tendent Lot-et-Garonne. \" target=\"_blank\" rel=\"noopener\"><img width=\"16\" height=\"9\" class=\"lozad\"  alt=\"Les blocages des agriculteurs oppos\u00e9s aux abattage des bovins, apr\u00e8s la d\u00e9tection d'un cas de dermatose, s'\u00e9tendent Lot-et-Garonne. \"\/>1:07Les blocages des agriculteurs oppos\u00e9s aux abattage des bovins, apr\u00e8s la d\u00e9tection d&rsquo;un cas de dermatose, s&rsquo;\u00e9tendent Lot-et-Garonne.<\/a><a href=\"https:\/\/www.bfmtv.com\/police-justice\/video-une-rixe-ultraviolente-fait-cinq-blesses-dans-une-prison-a-nantes-une-enquete-a-ete-ouverte_VN-202512120095.html\" title=\"Une rixe ultraviolente fait cinq bless\u00e9s dans une prison \u00e0 Nantes, une enqu\u00eate a \u00e9t\u00e9 ouverte\" target=\"_blank\" rel=\"noopener\"><img width=\"16\" height=\"9\" class=\"lozad\"  alt=\"Une rixe ultraviolente fait cinq bless\u00e9s dans une prison \u00e0 Nantes, une enqu\u00eate a \u00e9t\u00e9 ouverte\"\/>0:58Une rixe ultraviolente fait cinq bless\u00e9s dans une prison \u00e0 Nantes, une enqu\u00eate a \u00e9t\u00e9 ouverte<\/a><a href=\"https:\/\/www.bfmtv.com\/police-justice\/video-dermatose-nodulaire-tensions-entre-les-gendarmes-et-les-agriculteurs-qui-s-opposent-a-un-abattage-en-ariege_VN-202512120093.html\" title=\"Dermatose nodulaire: tensions entre les gendarmes et les agriculteurs qui s&#039;opposent \u00e0 un abattage en Ari\u00e8ge\" target=\"_blank\" rel=\"noopener\"><img width=\"16\" height=\"9\" class=\"lozad\"  alt=\"Dermatose nodulaire: tensions entre les gendarmes et les agriculteurs qui s'opposent \u00e0 un abattage en Ari\u00e8ge\"\/>1:41Dermatose nodulaire: tensions entre les gendarmes et les agriculteurs qui s&rsquo;opposent \u00e0 un abattage en Ari\u00e8ge<\/a><a href=\"https:\/\/www.bfmtv.com\/lyon\/replay-emissions\/bonsoir-lyon\/video-l-antifa-fest-finalement-autorise-ce-soir_VN-202512110818.html\" title=\"L&#039;antifa Fest finalement autoris\u00e9 ce soir \" target=\"_blank\" rel=\"noopener\"><img width=\"16\" height=\"9\" class=\"lozad\"  alt=\"L'antifa Fest finalement autoris\u00e9 ce soir \"\/>4:45L&rsquo;antifa Fest finalement autoris\u00e9 ce soir<\/a><a href=\"https:\/\/www.bfmtv.com\/police-justice\/video-adn-et-genealogie-il-y-aurait-une-trentaine-de-cold-cases-en-france-qui-seraient-susceptibles-si-cette-loi-intervenait-de-pouvoir-etre-resolus-par-l-usage-de-cette-technique-explique-fares-aidel-sehili-avocat-penaliste-au-barreau-de-paris_VN-202512110748.html\" title=\"ADN et g\u00e9n\u00e9alogie: &quot;Il y aurait une trentaine de cold cases en France qui seraient susceptibles, si cette loi intervenait, de pouvoir \u00eatre r\u00e9solus par l&#039;usage de cette technique&quot;, explique Fares Aidel Sehili, avocat p\u00e9naliste au barreau de Paris\" target=\"_blank\" rel=\"noopener\"><img width=\"16\" height=\"9\" class=\"lozad\"  alt=\"ADN et g\u00e9n\u00e9alogie: &quot;Il y aurait une trentaine de cold cases en France qui seraient susceptibles, si cette loi intervenait, de pouvoir \u00eatre r\u00e9solus par l'usage de cette technique&quot;, explique Fares Aidel Sehili, avocat p\u00e9naliste au barreau de Paris\"\/>1:30ADN et g\u00e9n\u00e9alogie: \u00ab\u00a0Il y aurait une trentaine de cold cases en France qui seraient susceptibles, si cette loi intervenait, de pouvoir \u00eatre r\u00e9solus par l&rsquo;usage de cette technique\u00a0\u00bb, explique Fares Aidel Sehili, avocat p\u00e9naliste au barreau de Paris<\/a><a href=\"https:\/\/www.bfmtv.com\/police-justice\/video-violeur-au-tournevis-qu-est-ce-que-la-genealogie-genetique-cette-technique-ayant-permis-d-apprehender-le-suspect_VN-202512110744.html\" title=\"&quot;Violeur au tournevis&quot;: qu&#039;est-ce que la g\u00e9n\u00e9alogie g\u00e9n\u00e9tique, cette technique ayant permis d&#039;appr\u00e9hender le suspect?\" target=\"_blank\" rel=\"noopener\"><img width=\"16\" height=\"9\" class=\"lozad\"  alt=\"&quot;Violeur au tournevis&quot;: qu'est-ce que la g\u00e9n\u00e9alogie g\u00e9n\u00e9tique, cette technique ayant permis d'appr\u00e9hender le suspect?\"\/>1:44&Prime;Violeur au tournevis\u00a0\u00bb: qu&rsquo;est-ce que la g\u00e9n\u00e9alogie g\u00e9n\u00e9tique, cette technique ayant permis d&rsquo;appr\u00e9hender le suspect?<\/a><a href=\"https:\/\/www.bfmtv.com\/replay-emissions\/bfm-story\/video-marshall-truchot-le-comedien-philippe-caubere-accuse-de-proxenetisme-11-12_VN-202512110741.html\" title=\"Marshall Truchot : le com\u00e9dien Philippe Caub\u00e8re accus\u00e9 de prox\u00e9n\u00e9tisme - 11\/12\" target=\"_blank\" rel=\"noopener\"><img width=\"16\" height=\"9\" class=\"lozad\"  alt=\"Marshall Truchot : le com\u00e9dien Philippe Caub\u00e8re accus\u00e9 de prox\u00e9n\u00e9tisme - 11\/12\"\/>3:22Marshall Truchot : le com\u00e9dien Philippe Caub\u00e8re accus\u00e9 de prox\u00e9n\u00e9tisme &#8211; 11\/12<\/a><a href=\"https:\/\/www.bfmtv.com\/police-justice\/video-le-comedien-philippe-caubere-mis-en-examen-pour-proxenetisme_VN-202512110665.html\" title=\"Le com\u00e9dien Philippe Caub\u00e8re mis en examen pour &quot;prox\u00e9n\u00e9tisme&quot;\" target=\"_blank\" rel=\"noopener\"><img width=\"16\" height=\"9\" class=\"lozad\"  alt=\"Le com\u00e9dien Philippe Caub\u00e8re mis en examen pour &quot;prox\u00e9n\u00e9tisme&quot;\"\/>2:14Le com\u00e9dien Philippe Caub\u00e8re mis en examen pour \u00ab\u00a0prox\u00e9n\u00e9tisme\u00a0\u00bb<\/a><a href=\"https:\/\/www.bfmtv.com\/police-justice\/video-proces-pechier-ni-guy-georges-ni-michel-fourniret-il-n-en-est-pas-moins-un-tueur-en-serie-les-requisitions-ont-commence_VN-202512110567.html\" title=\"Proc\u00e8s P\u00e9chier: &quot;Ni Guy Georges, ni Michel Fourniret, il n&#039;en est pas moins un tueur en s\u00e9rie&quot;, les r\u00e9quisitions ont commenc\u00e9\" target=\"_blank\" rel=\"noopener\"><img width=\"16\" height=\"9\" class=\"lozad\"  alt=\"Proc\u00e8s P\u00e9chier: &quot;Ni Guy Georges, ni Michel Fourniret, il n'en est pas moins un tueur en s\u00e9rie&quot;, les r\u00e9quisitions ont commenc\u00e9\"\/>1:24Proc\u00e8s P\u00e9chier: \u00ab\u00a0Ni Guy Georges, ni Michel Fourniret, il n&rsquo;en est pas moins un tueur en s\u00e9rie\u00a0\u00bb, les r\u00e9quisitions ont commenc\u00e9<\/a><a href=\"https:\/\/www.bfmtv.com\/police-justice\/video-antilles-2-4-tonnes-de-cocaine-retrouvees-a-bord-d-un-bateau-de-peche_VN-202512110529.html\" title=\"Antilles: 2,4 tonnes de coca\u00efne retrouv\u00e9es \u00e0 bord d&#039;un bateau de p\u00eache \" target=\"_blank\" rel=\"noopener\"><img width=\"16\" height=\"9\" class=\"lozad\"  alt=\"Antilles: 2,4 tonnes de coca\u00efne retrouv\u00e9es \u00e0 bord d'un bateau de p\u00eache \"\/>0:49Antilles: 2,4 tonnes de coca\u00efne retrouv\u00e9es \u00e0 bord d&rsquo;un bateau de p\u00eache<\/a><a href=\"https:\/\/www.bfmtv.com\/police-justice\/video-alain-fabien-delon-menace-de-demander-l-exclusion-d-anouchka-de-l-heritage-d-alain-delon_VN-202512110469.html\" title=\"Alain Fabien Delon menace de demander l&#039;exclusion d&#039;Anouchka de l&#039;h\u00e9ritage d&#039;Alain Delon\" target=\"_blank\" rel=\"noopener\"><img width=\"16\" height=\"9\" class=\"lozad\"  alt=\"Alain Fabien Delon menace de demander l'exclusion d'Anouchka de l'h\u00e9ritage d'Alain Delon\"\/>1:27Alain Fabien Delon menace de demander l&rsquo;exclusion d&rsquo;Anouchka de l&rsquo;h\u00e9ritage d&rsquo;Alain Delon<\/a><a href=\"https:\/\/www.bfmtv.com\/police-justice\/video-poupees-pedopornographiques-une-vingtaine-hommes-detenteurs-arretes-en-france_VN-202512110216.html\" title=\" Poup\u00e9es p\u00e9dopornographiques: une vingtaine hommes d\u00e9tenteurs arr\u00eat\u00e9s en France \" target=\"_blank\" rel=\"noopener\"><img width=\"16\" height=\"9\" class=\"lozad\"  alt=\" Poup\u00e9es p\u00e9dopornographiques: une vingtaine hommes d\u00e9tenteurs arr\u00eat\u00e9s en France \"\/>1:35Poup\u00e9es p\u00e9dopornographiques: une vingtaine hommes d\u00e9tenteurs arr\u00eat\u00e9s en France<\/a><a href=\"https:\/\/www.bfmtv.com\/police-justice\/video-on-ne-se-sent-plus-en-securite-victime-d-un-violent-home-jacking-l-influenceuse-meltingcurltz-temoigne-au-micro-de-bfmtv_VN-202512110194.html\" title=\"&quot;On ne se sent plus en s\u00e9curit\u00e9&quot;: victime d&#039;un violent home-jacking, l\u2019influenceuse Meltingcurltz t\u00e9moigne au micro de BFMTV \" target=\"_blank\" rel=\"noopener\"><img width=\"16\" height=\"9\" class=\"lozad\"  alt=\"&quot;On ne se sent plus en s\u00e9curit\u00e9&quot;: victime d'un violent home-jacking, l\u2019influenceuse Meltingcurltz t\u00e9moigne au micro de BFMTV \"\/>1:50&Prime;On ne se sent plus en s\u00e9curit\u00e9\u00a0\u00bb: victime d&rsquo;un violent home-jacking, l\u2019influenceuse Meltingcurltz t\u00e9moigne au micro de BFMTV<\/a><a class=\"jumpToVideo\" target=\"_blank\"><img class=\"thumbnailPreview\"\/><\/a><\/p>\n","protected":false},"excerpt":{"rendered":"Nantes: une rixe ultraviolente fait cinq bless\u00e9s dans une prison, une enqu\u00eate ouverteSur le m\u00eame sujeten lectureNantes: une&hellip;\n","protected":false},"author":2,"featured_media":594425,"comment_status":"","ping_status":"","sticky":false,"template":"","format":"standard","meta":{"footnotes":""},"categories":[2818],"tags":[1111,11,1777,674,1011,27,766,12,2636,25],"class_list":{"0":"post-594424","1":"post","2":"type-post","3":"status-publish","4":"format-standard","5":"has-post-thumbnail","7":"category-nantes","8":"tag-actu","9":"tag-actualites","10":"tag-eu","11":"tag-europe","12":"tag-fr","13":"tag-france","14":"tag-nantes","15":"tag-news","16":"tag-pays-de-la-loire","17":"tag-republique-francaise"},"share_on_mastodon":{"url":"https:\/\/pubeurope.com\/@fr\/115705306486307439","error":""},"_links":{"self":[{"href":"https:\/\/www.europesays.com\/fr\/wp-json\/wp\/v2\/posts\/594424","targetHints":{"allow":["GET"]}}],"collection":[{"href":"https:\/\/www.europesays.com\/fr\/wp-json\/wp\/v2\/posts"}],"about":[{"href":"https:\/\/www.europesays.com\/fr\/wp-json\/wp\/v2\/types\/post"}],"author":[{"embeddable":true,"href":"https:\/\/www.europesays.com\/fr\/wp-json\/wp\/v2\/users\/2"}],"replies":[{"embeddable":true,"href":"https:\/\/www.europesays.com\/fr\/wp-json\/wp\/v2\/comments?post=594424"}],"version-history":[{"count":0,"href":"https:\/\/www.europesays.com\/fr\/wp-json\/wp\/v2\/posts\/594424\/revisions"}],"wp:featuredmedia":[{"embeddable":true,"href":"https:\/\/www.europesays.com\/fr\/wp-json\/wp\/v2\/media\/594425"}],"wp:attachment":[{"href":"https:\/\/www.europesays.com\/fr\/wp-json\/wp\/v2\/media?parent=594424"}],"wp:term":[{"taxonomy":"category","embeddable":true,"href":"https:\/\/www.europesays.com\/fr\/wp-json\/wp\/v2\/categories?post=594424"},{"taxonomy":"post_tag","embeddable":true,"href":"https:\/\/www.europesays.com\/fr\/wp-json\/wp\/v2\/tags?post=594424"}],"curies":[{"name":"wp","href":"https:\/\/api.w.org\/{rel}","templated":true}]}}