{"id":594432,"date":"2025-12-12T07:04:12","date_gmt":"2025-12-12T07:04:12","guid":{"rendered":"https:\/\/www.europesays.com\/fr\/594432\/"},"modified":"2025-12-12T07:04:12","modified_gmt":"2025-12-12T07:04:12","slug":"jean-luc-melenchon-vient-au-soutien-de-francois-piquemal","status":"publish","type":"post","link":"https:\/\/www.europesays.com\/fr\/594432\/","title":{"rendered":"Jean-Luc M\u00e9lenchon vient au soutien de Fran\u00e7ois Piquemal"},"content":{"rendered":"<p>                    Par<br \/>\n        <strong><br \/>\n            <a href=\"https:\/\/actu.fr\/auteur\/guillaume-laurens\" title=\"Consulter tous les articles de Guillaume Laurens\" target=\"_blank\" rel=\"noopener\">Guillaume Laurens<\/a><br \/>\n                    <\/strong><\/p>\n<p>        Publi\u00e9 le<\/p>\n<p>            12 d\u00e9c. 2025 \u00e0 8h00        <\/p>\n<p>\u00ab\u2009Ce sera un des <strong>temps forts<\/strong> de notre campagne\u2009\u00bb. Candidat dans la course au Capitole 2026, <strong>Fran\u00e7ois Piquemal<\/strong> ne boude pas son plaisir d\u2019annoncer la venue en janvier de <strong><a href=\"https:\/\/actu.fr\/tag\/jean-luc-melenchon\" target=\"_blank\" rel=\"noopener\">Jean-Luc M\u00e9lenchon<\/a><\/strong>, le leader de <a href=\"https:\/\/actu.fr\/tag\/la-france-insoumise-lfi\" target=\"_blank\" rel=\"noopener\">la France insoumise<\/a>, au soutien de sa liste pour<a href=\"https:\/\/actu.fr\/toulouse\/politique\/elections-municipales\" target=\"_blank\" rel=\"noopener\"> les Municipales.<\/a><\/p>\n<p>M\u00e9lenchon t\u00eate d\u2019affiche d\u2019un grand meeting \u00e0 Toulouse<\/p>\n<p class=\" wall-content\">\u00ab\u2009Jean-Luc M\u00e9lenchon sera dans notre ville pour soutenir notre liste Demain Toulouse et toutes ses composantes\u2009\u00bb, indique ainsi le d\u00e9put\u00e9 (LFI) \u00e0 Actu Toulouse.<\/p>\n<p class=\" wall-content\">Au programme\u2009? Un <strong>grand meeting<\/strong> salle Mermoz, le jeudi 22\u00a0janvier \u00e0 19h30, \u00e0 l\u2019occasion duquel l\u2019ex-candidat \u00e0 l\u2019\u00c9lys\u00e9e partagera bien \u00e9videmment l\u2019affiche avec le d\u00e9put\u00e9, mais \u00e9galement \u00ab\u2009une personnalit\u00e9 de stature internationale et une personne de poids qui sera sur la liste\u2009\u00bb, glisse Fran\u00e7ois Piquemal.<\/p>\n<p>Un \u00e9v\u00e9nement \u00ab\u2009orient\u00e9 vers la jeunesse\u2009\u00bb<\/p>\n<p class=\" wall-content\">\u00ab\u2009\u00c7a va \u00eatre<strong> un grand moment de cette campagne\u2009\u00bb,<\/strong> veut croire le d\u00e9put\u00e9. \u00ab\u2009On esp\u00e8re 800 \u00e0 1\u2009000\u00a0personnes\u2009\u00bb.<\/p>\n<blockquote class=\"ac-article-quote wall-content\">\n<p>Le meeting se tiendra \u00e0 quelques jours de la fin de la date butoir de l&rsquo;inscription sur les listes \u00e9lectorales. Il sera orient\u00e9 vers la jeunesse et ceux qui doivent s&#8217;emparer de cette \u00e9lection.<\/p>\n<p>    <strong>Fran\u00e7ois Piquemal<\/strong><br \/>\n        D\u00e9put\u00e9 et candidat aux Municipales 2026 \u00e0 Toulouse    <\/p><\/blockquote>\n<p>Vid\u00e9os : en ce moment sur ActuUne vir\u00e9e dans un quartier\u2026 et au chevet des salari\u00e9s du spatial\u2009?<\/p>\n<p class=\" wall-content\">Outre ce meeting, verra-t-on Jean-Luc M\u00e9lenchon <strong>arpenter les ruelles<\/strong> de la Ville rose\u2009? \u00ab\u2009Des <strong>sorties<\/strong> sont possibles, mais rien n\u2019est cal\u00e9\u2009\u00bb, avance prudemment le d\u00e9put\u00e9-candidat.<\/p>\n<p class=\" wall-content\">Les principales pistes explor\u00e9es\u2009? Se rendre dans un <strong>quartier populaire<\/strong> de Toulouse, mais aussi, \u00ab\u00a0au regard de ce qu\u2019il se passe chez Thal\u00e8s\u00a0\u00bb, venir <strong>en d\u00e9fense de l\u2019emploi du secteur du spatial\u00a0\u00bb,<\/strong> une th\u00e9matique qui lui tient \u00e0 c\u0153ur et <a href=\"https:\/\/actu.fr\/occitanie\/toulouse_31555\/toulouse-jean-luc-melenchon-de-retour-dans-la-ville-rose-pour-un-sujet-qui-le-passionne_61731432.html\" target=\"_blank\" rel=\"noopener\">pour laquelle il \u00e9tait d\u00e9j\u00e0 venu \u00e0 Toulouse<\/a>. Mais ce n\u2019est pour l\u2019heure \u00ab\u00a0qu\u2019une hypoth\u00e8se\u00a0\u00bb, insiste Fran\u00e7ois Piquemal.<\/p>\n<p>Votre r\u00e9gion, votre actu !<\/p>\n<p>Recevez chaque jour les infos qui comptent pour vous.<\/p>\n<p>\t<a href=\"https:\/\/actu.fr\/newsletter\" class=\"ac-btn ac-btn--corner ac-btn--medium ac-btn--blue800\" target=\"_blank\" rel=\"noopener\">S&rsquo;incrire<\/a><br \/>\nLargement en t\u00eate en 2022 \u00e0 Toulouse<\/p>\n<p class=\" wall-content\">Reste que Jean-Luc M\u00e9lenchon est friand des vir\u00e9es dans la Ville rose, o\u00f9 il fait r\u00e9guli\u00e8rement le plein des salles\u2026 et de voix. \u00c0 la Pr\u00e9sidentielle 2022, s\u2019il avait \u00e9chou\u00e9 \u00e0 se hisser au second tour pour la troisi\u00e8me fois cons\u00e9cutive, <a href=\"https:\/\/actu.fr\/occitanie\/toulouse_31555\/presidentielle-2022-jean-luc-melenchon-loin-devant-emmanuel-macron-a-toulouse-les-resultats_49970482.html\" target=\"_blank\" rel=\"noopener\">il \u00e9tait arriv\u00e9 largement en t\u00eate des suffrages \u00e0 Toulouse<\/a>, avec <strong>36,93\u2009%<\/strong> des voix, loin devant Emmanuel Macron (26,42\u2009%).<\/p>\n<p class=\" wall-content\">Sa derni\u00e8re visite dans la capitale occitane <a href=\"https:\/\/actu.fr\/occitanie\/toulouse_31555\/toulouse-pourquoi-jean-luc-melenchon-sera-bientot-dans-la-ville-rose_62142900.html\" target=\"_blank\" rel=\"noopener\">remonte \u00e0 fin janvier dernier<\/a>, quand il avait tenu meeting devant environ 2\u2009000 \u00e9tudiants de la fac du Mirail, \u00e0 l\u2019occasion des Rencontres nationales des quartiers populaires de LFI, qui se tenaient \u00e0 Toulouse.<\/p>\n<p>    <img   decoding=\"async\" loading=\"lazy\" src=\"https:\/\/www.europesays.com\/fr\/wp-content\/uploads\/2025\/12\/jean-luc-melenchon-toulouse-020422-gl-4-960x640.jpg\" alt=\"Lors du meeting de Jean-Luc M\u00e9lenchon place du Capitole avant la Pr\u00e9sidentielle 2022\" width=\"960\" height=\"640\"\/><br \/>\n    Lors du meeting de Jean-Luc M\u00e9lenchon place du Capitole avant la Pr\u00e9sidentielle 2022 (\u00a9G.L. \/ Actu Toulouse)\u00ab\u2009C\u2019est bien de savoir ce que le maire porte comme valeurs\u2009\u00bb<\/p>\n<p class=\" wall-content\">Pourquoi faire venir une personnalit\u00e9 nationale pour une Municipale\u2009? \u00ab\u2009Une \u00e9lection locale est toujours li\u00e9e \u00e0 des <strong>enjeux nationaux\u2009\u00bb,<\/strong> assume Fran\u00e7ois Piquemal. \u00ab\u2009Quand on est dans la 3\u1d49 ville de France, c\u2019est bien de savoir <strong>ce que le maire porte comme valeurs<\/strong>, quelles sont ses opinions sur un certain nombre de sujets. Ce que l\u2019on vit \u00e0 Toulouse n\u2019est pas d\u00e9corr\u00e9l\u00e9 des d\u00e9cisions prises nationalement, notamment \u00e0 l\u2019Assembl\u00e9e\u2009\u00bb.<\/p>\n<blockquote class=\"ac-article-quote wall-content\">\n<p>Si l&rsquo;on veut vivre mieux \u00e0 Toulouse, ou prot\u00e9ger les Toulousains du d\u00e9r\u00e8glement climatique (allusion aux slogans de campagne de ses deux principaux adversaires, NDLR), cela passe aussi par la d\u00e9fense de valeurs nationales.<\/p>\n<p>    <strong>Fran\u00e7ois PIquemal<\/strong>\n            <\/p><\/blockquote>\n<p>La liste compl\u00e8te d\u00e9voil\u00e9e avant le meeting<\/p>\n<p class=\" wall-content\">Fran\u00e7ois Piquemal a pr\u00e9vu d\u2019annoncer sa <strong>liste compl\u00e8te<\/strong> avant cet \u00e9v\u00e9nement, mais le candidat ne se dit pas press\u00e9, car \u00ab\u2009avant de faire le casting, on fait le programme\u2026\u2009\u00bb Et de tacler\u2009: \u00ab\u2009C\u2019est la m\u00e9thode inverse de M. Moudenc\u2009\u00bb.<\/p>\n<p class=\" wall-content\">Personnalisez votre actualit\u00e9 en ajoutant vos villes et m\u00e9dias en favori avec <a href=\"https:\/\/moncompte.actu.fr\" title=\"D\u00e9couvez Mon Actu\" rel=\"nofollow noopener\" data-trk=\"{&quot;cta&quot;:{&quot;action&quot;:&quot;https:\\\/\\\/moncompte.actu.fr&quot;,&quot;category&quot;:&quot;mon compte&quot;,&quot;from&quot;:&quot;article footer&quot;,&quot;name&quot;:&quot;Mon actu&quot;,&quot;type&quot;:&quot;cta&quot;}}\" target=\"_blank\">Mon Actu<\/a>.<\/p>\n","protected":false},"excerpt":{"rendered":"Par Guillaume Laurens Publi\u00e9 le 12 d\u00e9c. 2025 \u00e0 8h00 \u00ab\u2009Ce sera un des temps forts de notre&hellip;\n","protected":false},"author":2,"featured_media":594433,"comment_status":"","ping_status":"","sticky":false,"template":"","format":"standard","meta":{"footnotes":""},"categories":[2816],"tags":[1111,11,4188,1777,674,1011,27,3081,1023,3434,12,2680,316,25,2312],"class_list":{"0":"post-594432","1":"post","2":"type-post","3":"status-publish","4":"format-standard","5":"has-post-thumbnail","7":"category-toulouse","8":"tag-actu","9":"tag-actualites","10":"tag-elections-municipales","11":"tag-eu","12":"tag-europe","13":"tag-fr","14":"tag-france","15":"tag-jean-luc-melenchon","16":"tag-la-france-insoumise-lfi","17":"tag-municipales-2026","18":"tag-news","19":"tag-occitanie","20":"tag-politique","21":"tag-republique-francaise","22":"tag-toulouse"},"share_on_mastodon":{"url":"https:\/\/pubeurope.com\/@fr\/115705326925836200","error":""},"_links":{"self":[{"href":"https:\/\/www.europesays.com\/fr\/wp-json\/wp\/v2\/posts\/594432","targetHints":{"allow":["GET"]}}],"collection":[{"href":"https:\/\/www.europesays.com\/fr\/wp-json\/wp\/v2\/posts"}],"about":[{"href":"https:\/\/www.europesays.com\/fr\/wp-json\/wp\/v2\/types\/post"}],"author":[{"embeddable":true,"href":"https:\/\/www.europesays.com\/fr\/wp-json\/wp\/v2\/users\/2"}],"replies":[{"embeddable":true,"href":"https:\/\/www.europesays.com\/fr\/wp-json\/wp\/v2\/comments?post=594432"}],"version-history":[{"count":0,"href":"https:\/\/www.europesays.com\/fr\/wp-json\/wp\/v2\/posts\/594432\/revisions"}],"wp:featuredmedia":[{"embeddable":true,"href":"https:\/\/www.europesays.com\/fr\/wp-json\/wp\/v2\/media\/594433"}],"wp:attachment":[{"href":"https:\/\/www.europesays.com\/fr\/wp-json\/wp\/v2\/media?parent=594432"}],"wp:term":[{"taxonomy":"category","embeddable":true,"href":"https:\/\/www.europesays.com\/fr\/wp-json\/wp\/v2\/categories?post=594432"},{"taxonomy":"post_tag","embeddable":true,"href":"https:\/\/www.europesays.com\/fr\/wp-json\/wp\/v2\/tags?post=594432"}],"curies":[{"name":"wp","href":"https:\/\/api.w.org\/{rel}","templated":true}]}}