{"id":594436,"date":"2025-12-12T07:06:15","date_gmt":"2025-12-12T07:06:15","guid":{"rendered":"https:\/\/www.europesays.com\/fr\/594436\/"},"modified":"2025-12-12T07:06:15","modified_gmt":"2025-12-12T07:06:15","slug":"un-verdict-aux-lourdes-consequences-pour-la-metropole-de-lille","status":"publish","type":"post","link":"https:\/\/www.europesays.com\/fr\/594436\/","title":{"rendered":"un verdict aux lourdes cons\u00e9quences pour la M\u00e9tropole de Lille"},"content":{"rendered":"<p>Cette fois, Damien Castelain sera enfin fix\u00e9 sur son sort. Mardi 16 d\u00e9cembre 2025 \u00e0 14 heures, la Cour d\u2019appel de Douai rendra son arr\u00eat dans les <a title=\"Proc\u00e8s Castelain : ce que le jugement correctionnel nous apprend\" href=\"https:\/\/www.mediacites.fr\/decryptage\/lille\/2025\/09\/22\/proces-castelain-ce-que-le-jugement-correctionnel-nous-apprend\/\" target=\"_blank\" rel=\"noopener\">quatre dossiers judiciaires<\/a> qui empoisonnent la vie du pr\u00e9sident de la M\u00e9tropole europ\u00e9enne de Lille (MEL) depuis de tr\u00e8s longues ann\u00e9es. En septembre dernier, le parquet g\u00e9n\u00e9ral avait requis dix\u2010huit mois de prison avec sursis simple, 30 000 euros d\u2019amende et, surtout, deux ans d\u2019in\u00e9ligibilit\u00e9 avec ex\u00e9cution provisoire (c\u2019est-\u00e0-dire imm\u00e9diate). M\u00eame en cas de pourvoi en cassation, le jugement ne serait pas suspendu.\u00a0<\/p>\n<p>En raison d\u2019une \u00e9norme bourde de ses avocats \u2013 un <a href=\"https:\/\/www.mediacites.fr\/justice\/lille\/2025\/09\/23\/la-grosse-bourde-qui-condamne-deja-le-president-de-la-metropole-de-lille\/\" target=\"_blank\" rel=\"noopener\">appel partiel limit\u00e9 par erreur aux seules peines prononc\u00e9es<\/a> \u2013, Damien Castelain sait qu\u2019il n\u2019\u00e9vitera pas la condamnation. Mais \u00e0 quoi\u202f? Et, surtout, devra\u2010t\u2010il quitter ses fonctions dans l\u2019instant en cas d\u2019in\u00e9ligibilit\u00e9 imm\u00e9diate\u202f? Cette question centrale, tous les \u00e9lus communautaires l\u2019ont en t\u00eate. Mais, au si\u00e8ge de la MEL, personne ne l\u2019\u00e9voque publiquement tant elle est sensible. \u00ab\u202fCela n\u2019a jamais \u00e9t\u00e9 abord\u00e9e ni directement ni de fa\u00e7on informelle\u202f\u00bb, indique G\u00e9rard Caudron, maire de Villeneuve d\u2019Ascq et l\u2019un des rares membres de l\u2019ex\u00e9cutif \u00e0 s\u2019exprimer sur le\u00a0sujet.<\/p>\n<p>Pour m\u00e9moire, \u00e0 l\u2019issue du proc\u00e8s de premi\u00e8re\u00a0instance, la justice avait\u00a0d\u00e9cid\u00a0\u2026<\/p>\n<p>Nous vous offrons l\u2019acc\u00e8s \u00e0 cet article<\/p>\n<p>Et \u00e0 toutes nos enqu\u00eates pendant deux jours\u00a0\u00a0! <br \/>Oui, on est g\u00e9n\u00e9reux \ud83d\ude09 Mais pensez aussi \u00e0 <a href=\"https:\/\/www.mediacites.fr\/sabonner\/\" target=\"_blank\" style=\"color:#fff\" rel=\"noopener\">vous abonner<\/a>\u00a0\u00a0!<\/p>\n<p>\t\tEn renseignant votre adresse, vous acceptez nos <a href=\"https:\/\/www.mediacites.fr\/conditions-generales-d-utilisation\/\" target=\"_blank\" rel=\"noopener\">conditions g\u00e9n\u00e9rales d\u2019utilisation<\/a>. <br \/>Mediacit\u00e9s s\u2019engage \u00e0 ne pas c\u00e9der votre adresse \u00e0 des tiers. En cas d\u2019\u00e9chec, \u00e9crivez \u00e0 <a href=\"https:\/\/www.mediacites.fr\/complement-denquete\/lille\/2025\/12\/12\/proces-castelain-un-verdict-aux-lourdes-consequences-pour-la-metropole-de-lille\/mailto:contact@mediacites.fr\" target=\"_blank\" rel=\"noopener\">contact@mediacites.fr<\/a><\/p>\n<ul>\n<li>J\u2019acc\u00e8de aux 4 \u00e9ditions de Mediacit\u00e9s (Lille, Lyon, Nantes et Toulouse)<\/li>\n<li>Je d\u00e9couvre un m\u00e9dia 100 % ind\u00e9pendant, avec 0 % de publicit\u00e9<\/li>\n<\/ul>\n<p>Envie de lire la\u00a0suite\u202f?<\/p>\n<p>Depuis neuf ans, Mediacit\u00e9s enqu\u00eate en toute ind\u00e9pendance dans votre ville. Gr\u00e2ce \u00e0 ses lecteurs\u202f! Abonnez\u2010vous pour ne rien manquer de nos enqu\u00eates, suivre les \u00e9lections municipales et soutenir un journal local d\u2019investigation.<\/p>\n<ul>\n<li>Acc\u00e8s aux 4 \u00e9ditions de Mediacit\u00e9s (Lille, Lyon, Nantes et Toulouse)<\/li>\n<li>100 % ind\u00e9pendant, avec 0 % de publicit\u00e9<\/li>\n<li>R\u00e9siliation facile \u00e0 tout moment<\/li>\n<\/ul>\n<p>Mediacit\u00e9s offre l\u2019acc\u00e8s \u00e0 cet article aux lecteurs de News2Com<\/p>\n<p>Et \u00e0 toutes nos enqu\u00eates pendant deux jours\u00a0\u00a0! <br \/>Oui, on est g\u00e9n\u00e9reux \ud83d\ude09 Mais pensez aussi \u00e0 <a href=\"https:\/\/www.mediacites.fr\/sabonner\/\" target=\"_blank\" style=\"color:#fff\" rel=\"noopener\">vous abonner<\/a>\u00a0\u00a0!<\/p>\n<p>\t\tEn renseignant votre adresse, vous acceptez nos <a href=\"https:\/\/www.mediacites.fr\/conditions-generales-d-utilisation\/\" target=\"_blank\" rel=\"noopener\">conditions g\u00e9n\u00e9rales d\u2019utilisation<\/a>. <br \/>Mediacit\u00e9s s\u2019engage \u00e0 ne pas c\u00e9der votre adresse \u00e0 des tiers. En cas d\u2019\u00e9chec, \u00e9crivez \u00e0 <a href=\"https:\/\/www.mediacites.fr\/complement-denquete\/lille\/2025\/12\/12\/proces-castelain-un-verdict-aux-lourdes-consequences-pour-la-metropole-de-lille\/mailto:contact@mediacites.fr\" target=\"_blank\" rel=\"noopener\">contact@mediacites.fr<\/a><\/p>\n<ul>\n<li>J\u2019acc\u00e8de aux 4 \u00e9ditions de Mediacit\u00e9s (Lille, Lyon, Nantes et Toulouse)<\/li>\n<li>Je d\u00e9couvre un m\u00e9dia 100 % ind\u00e9pendant, avec 0 % de publicit\u00e9<\/li>\n<\/ul>\n","protected":false},"excerpt":{"rendered":"Cette fois, Damien Castelain sera enfin fix\u00e9 sur son sort. Mardi 16 d\u00e9cembre 2025 \u00e0 14 heures, la&hellip;\n","protected":false},"author":2,"featured_media":594437,"comment_status":"","ping_status":"","sticky":false,"template":"","format":"standard","meta":{"footnotes":""},"categories":[2815],"tags":[1111,11,28240,14878,70728,1777,674,1011,27,70729,811,1307,34826,54849,12,2694,25,63821],"class_list":{"0":"post-594436","1":"post","2":"type-post","3":"status-publish","4":"format-standard","5":"has-post-thumbnail","7":"category-lille","8":"tag-actu","9":"tag-actualites","10":"tag-complement-denquete","11":"tag-damien-castelain","12":"tag-eric-skyronka","13":"tag-eu","14":"tag-europe","15":"tag-fr","16":"tag-france","17":"tag-francis-vercamer","18":"tag-hauts-de-france","19":"tag-lille","20":"tag-mel","21":"tag-metropole-de-lille","22":"tag-news","23":"tag-proces","24":"tag-republique-francaise","25":"tag-rudy-elegeest"},"share_on_mastodon":{"url":"https:\/\/pubeurope.com\/@fr\/115705333952584326","error":""},"_links":{"self":[{"href":"https:\/\/www.europesays.com\/fr\/wp-json\/wp\/v2\/posts\/594436","targetHints":{"allow":["GET"]}}],"collection":[{"href":"https:\/\/www.europesays.com\/fr\/wp-json\/wp\/v2\/posts"}],"about":[{"href":"https:\/\/www.europesays.com\/fr\/wp-json\/wp\/v2\/types\/post"}],"author":[{"embeddable":true,"href":"https:\/\/www.europesays.com\/fr\/wp-json\/wp\/v2\/users\/2"}],"replies":[{"embeddable":true,"href":"https:\/\/www.europesays.com\/fr\/wp-json\/wp\/v2\/comments?post=594436"}],"version-history":[{"count":0,"href":"https:\/\/www.europesays.com\/fr\/wp-json\/wp\/v2\/posts\/594436\/revisions"}],"wp:featuredmedia":[{"embeddable":true,"href":"https:\/\/www.europesays.com\/fr\/wp-json\/wp\/v2\/media\/594437"}],"wp:attachment":[{"href":"https:\/\/www.europesays.com\/fr\/wp-json\/wp\/v2\/media?parent=594436"}],"wp:term":[{"taxonomy":"category","embeddable":true,"href":"https:\/\/www.europesays.com\/fr\/wp-json\/wp\/v2\/categories?post=594436"},{"taxonomy":"post_tag","embeddable":true,"href":"https:\/\/www.europesays.com\/fr\/wp-json\/wp\/v2\/tags?post=594436"}],"curies":[{"name":"wp","href":"https:\/\/api.w.org\/{rel}","templated":true}]}}