{"id":594448,"date":"2025-12-12T07:16:27","date_gmt":"2025-12-12T07:16:27","guid":{"rendered":"https:\/\/www.europesays.com\/fr\/594448\/"},"modified":"2025-12-12T07:16:27","modified_gmt":"2025-12-12T07:16:27","slug":"des-habitants-se-mobilisent-pour-sauver-la-plus-grande-barre-dimmeuble-de-paris","status":"publish","type":"post","link":"https:\/\/www.europesays.com\/fr\/594448\/","title":{"rendered":"des habitants se mobilisent pour sauver la plus grande barre d&rsquo;immeuble de Paris"},"content":{"rendered":"<p>                    Par<br \/>\n        <strong><br \/>\n            <a href=\"https:\/\/actu.fr\/auteur\/thomas-rideau\" title=\"Consulter tous les articles de Thomas Rideau\" target=\"_blank\" rel=\"noopener\">Thomas Rideau<\/a><br \/>\n                    <\/strong><\/p>\n<p>        Publi\u00e9 le<\/p>\n<p>            12 d\u00e9c. 2025 \u00e0 7h30        <\/p>\n<p>Elle surplombe le 14\u1d49 arrondissement de <a href=\"https:\/\/actu.fr\/paris\/\" target=\"_blank\" rel=\"noopener\">Paris<\/a>. Elle, c\u2019est la gigantesque <strong>r\u00e9sidence Mouchotte<\/strong>. Quelque 750 appartements, <strong>2\u2009000\u00a0habitants<\/strong>\u2026 L\u2019immense immeuble livr\u00e9 en 1966, dans la rue du m\u00eame nom, a \u00e9t\u00e9 r\u00e9alis\u00e9 par les architectes <strong>Jean Dubuisson<\/strong> et Jean-Pierre Jausserand. Et pour ses d\u00e9fenseurs, il s\u2019agit d\u2019un illustre repr\u00e9sentant de l\u2019histoire patrimoniale de France et d\u2019un t\u00e9moin prestigieux des <a href=\"https:\/\/actu.fr\/ile-de-france\/meaux_77284\/reprise-economique-peut-on-croire-a-de-nouvelles-30-glorieuses_45652233.html\" target=\"_blank\" rel=\"noopener\">Trente Glorieuses<\/a>. Des raisons qui ont pouss\u00e9 des associations, dont <strong>Sauvons Mouchotte<\/strong>, \u00e0 demander son enregistrement dans le fichier des monuments historiques de France. Cela alors que l\u2019un des bailleurs de l\u2019immeuble souhaite <strong>remplacer l\u2019immense fa\u00e7ade de la r\u00e9sidence<\/strong>. Ce qui ulc\u00e8re les membres de l\u2019association.<\/p>\n<p>\u00ab\u2009Ce serait un \u00e9norme g\u00e2chis\u2009\u00bb<\/p>\n<p class=\" wall-content\">Les habitants de Mouchotte sont en tout cas motiv\u00e9s. Actuellement, le monument est inscrit au fichier de <a href=\"https:\/\/actu.fr\/ile-de-france\/evry-courcouronnes_91228\/decouvrez-les-batiments-labellises-architecture-contemporaine-remarquable-lors-d-une-randonnee-en-essonne_63266662.html\" target=\"_blank\" rel=\"noopener\">l\u2019architecture contemporaine remarquable<\/a>. Et les diff\u00e9rents repr\u00e9sentants interrog\u00e9s par\u00a0actu Paris assurent qu\u2019un changement de fa\u00e7ade va faire perdre ce label au monument. \u00ab\u2009<strong>Ce serait dommage<\/strong> de faire dispara\u00eetre tout ce patrimoine. Un \u00e9norme g\u00e2chis\u2009\u00bb, souffle Nathalie Amar, habitante et membre de Sauvons Mouchotte.<\/p>\n<p class=\" wall-content\">Et c\u2019est vrai que l\u2019immeuble <strong>se distingue<\/strong> dans le 14\u1d49 arrondissement. \u00ab\u2009Le rythme de la fa\u00e7ade est particulier. \u00c7a rappelle le tartan \u00e9cossais avec tous ces motifs\u2009\u00bb, souligne la propri\u00e9taire. \u00ab\u2009C\u2019est la signature de Jean Dubuisson.\u2009\u00bb<\/p>\n<p class=\" wall-content\"><a href=\"https:\/\/www.instagram.com\/p\/DSExTANiI-3\/embed\" title=\"Ouvrir le lien sur Instagram\" target=\"_blank\" rel=\"noopener\">Visualiser le contenu sur Instagram<\/a><\/p>\n<p class=\" wall-content\">Pour elle, ce projet de renouvellement de presque 10\u2009000\u00a0m\u00e8tres carr\u00e9s de fa\u00e7ade <strong>\u00ab\u2009va briser l\u2019unit\u00e9 de l\u2019immeuble\u2009\u00bb<\/strong> et est \u00ab\u2009un non-sens \u00e9cologique et financier\u2009\u00bb. In\u2019li, le bailleur, qui poss\u00e8de 53\u2009% des logements, a fait voter ce projet de changement lors d\u2019une assembl\u00e9e g\u00e9n\u00e9rale de copropri\u00e9t\u00e9 au printemps dernier. Environ un tiers des propri\u00e9taires ont \u00e9galement vot\u00e9 en faveur de ce changement de fa\u00e7ade.<\/p>\n<p class=\" wall-content\">Ces travaux doivent permettre d\u2019am\u00e9liorer le <a href=\"https:\/\/actu.fr\/planete\/energies\/dpe-la-reforme-en-faveur-de-l-electricite-effective-au-1er-janvier-2026_63081151.html\" target=\"_blank\" rel=\"noopener\">DPE (diagnostic de performance \u00e9nerg\u00e9tique)<\/a> collectif. Et selon les diff\u00e9rentes donn\u00e9es avanc\u00e9es par les associations, le programme doit co\u00fbter 11\u00a0millions d\u2019euros. Mais ces derni\u00e8res\u00a0craignent des surco\u00fbts et des restes \u00e0 charge importants pour des propri\u00e9taires \u00ab\u2009qui n\u2019ont pas encore termin\u00e9 de payer leur cr\u00e9dit\u2009!\u2009\u00bb. Pour le bailleur, contact\u00e9 par\u00a0actu Paris, il est bien trop t\u00f4t pour arr\u00eater un co\u00fbt.<\/p>\n<p>    <img   decoding=\"async\" loading=\"lazy\" src=\"https:\/\/www.europesays.com\/fr\/wp-content\/uploads\/2025\/12\/sauvonsmouchotte4-960x640.jpg\" alt=\"Plus de 2 000 personnes vivent dans la r\u00e9sidence.\" width=\"960\" height=\"640\"\/><br \/>\n    Plus de 2 000 personnes vivent dans la r\u00e9sidence. (\u00a9Antoine Piechaud \/ document transmis \u00e0 la r\u00e9daction)\u00ab\u2009Il y a de la fiert\u00e9 \u00e0 vivre dans un tel b\u00e2timent\u2009\u00bb<\/p>\n<p class=\" wall-content\">Mais ce n\u2019est pas la seule raison qui pousse les habitants oppos\u00e9s au projet \u00e0 se mobiliser. \u00ab\u2009Il y a de la fiert\u00e9 \u00e0 vivre dans un tel b\u00e2timent\u2009\u00bb, lance Nadia Coutsinas, \u00e9galement membre de Sauvons Mouchotte. \u00ab\u2009Si on parvient \u00e0 faire inscrire l\u2019immeuble au fichier des monuments historiques, les travaux se feront sous l\u2019\u00e9gide des architectes des b\u00e2timents de France\u2009\u00bb, ajoute<strong> Nadia Coutsinas<\/strong> qui esp\u00e8re ainsi un traitement \u00ab\u2009plus respectueux\u2009\u00bb de l\u2019immeuble.<\/p>\n<p>Votre r\u00e9gion, votre actu !<\/p>\n<p>Recevez chaque jour les infos qui comptent pour vous.<\/p>\n<p>\t<a href=\"https:\/\/actu.fr\/newsletter\" class=\"ac-btn ac-btn--corner ac-btn--medium ac-btn--blue800\" target=\"_blank\" rel=\"noopener\">S&rsquo;incrire<\/a><\/p>\n<p class=\" wall-content\">\u00ab\u2009Surtout, avec les <a href=\"https:\/\/actu.fr\/ile-de-france\/paris_75056\/paris-amiante-normes-incendie-la-securite-de-la-tour-montparnasse-inquiete-les-autorites-vont-la-fermer_63542169.html\" target=\"_blank\" rel=\"noopener\">travaux annonc\u00e9s de la tour Montparnasse<\/a>, Mouchotte risque d\u2019\u00eatre le dernier repr\u00e9sentant de l\u2019architecture de Dubuisson\u2009\u00bb, compl\u00e8te Nadia Coutsinas. \u00ab\u2009En plus, en 2026, l\u2019immeuble aura 60\u00a0ans. Son inscription au titre des monuments historiques serait un beau cadeau\u2009!\u2009\u00bb<\/p>\n<p>In\u2019li veut rassurer les habitants<\/p>\n<p class=\" wall-content\">\u00ab\u2009Contrairement \u00e0 ce qui a pu \u00eatre compris, l\u2019assembl\u00e9e g\u00e9n\u00e9rale n\u2019a pas vot\u00e9 de travaux de remplacement de fa\u00e7ade. Lors de l\u2019AG 2025, deux sc\u00e9narios ont \u00e9t\u00e9 discut\u00e9s (r\u00e9novation lourde avec remplacement de fa\u00e7ade, ou r\u00e9novation plus l\u00e9g\u00e8re avec conservation de la fa\u00e7ade). L\u2019orientation majoritaire est all\u00e9e<strong> vers la r\u00e9novation lourde<\/strong>, mais seules des \u00e9tudes d\u2019avant-projet sur les deux sc\u00e9narios ont \u00e9t\u00e9 vot\u00e9es. Le remplacement complet de la fa\u00e7ade n\u2019est donc pas act\u00e9 \u00e0 ce stade\u2009\u00bb, pr\u00e9cise de son c\u00f4t\u00e9 In\u2019li qui souhaite rassurer les habitants.<\/p>\n<p>    <img   decoding=\"async\" loading=\"lazy\" src=\"https:\/\/www.europesays.com\/fr\/wp-content\/uploads\/2025\/12\/sauvonsmouchotte1-960x640.jpg\" alt=\"Un bailleur et des propri\u00e9taires souhaitent changer la fa\u00e7ade de l'immeuble.\" width=\"960\" height=\"640\"\/><br \/>\n    Un bailleur et des propri\u00e9taires souhaitent changer la fa\u00e7ade de l\u2019immeuble. (\u00a9Antoine Piechaud \/ document transmis \u00e0 la r\u00e9daction)<\/p>\n<p class=\" wall-content\">Le bailleur rappelle que la fa\u00e7ade pr\u00e9sente de fortes \u00ab\u2009fragilit\u00e9s thermiques\u2009\u00bb. \u00ab\u2009L\u2019enjeu est d\u2019am\u00e9liorer le confort des r\u00e9sidents, de r\u00e9duire les charges et d\u2019anticiper les exigences r\u00e9glementaires li\u00e9es aux passoires \u00e9nerg\u00e9tiques, <strong>tout en respectant l\u2019\u00e9criture architecturale de Jean Dubuisson<\/strong>.\u2009\u00bb<\/p>\n<blockquote class=\"ac-article-quote wall-content\">\n<p>Si des travaux \u00e9taient vot\u00e9s, ils n\u00e9cessiteraient ensuite des autorisations administratives, des consultations d\u2019entreprises et un phasage compatible avec la vie dans l\u2019immeuble. On parle donc, dans tous les cas, d\u2019un projet qui s\u2019\u00e9tendra sur plusieurs ann\u00e9es<\/p>\n<p>    <strong>In&rsquo;li<\/strong>\n            <\/p><\/blockquote>\n<p class=\" wall-content\">\u00ab\u2009La <a href=\"https:\/\/actu.fr\/tag\/patrimoine\" target=\"_blank\" rel=\"noopener\">dimension patrimoniale<\/a> est bien \u00e9videmment <strong>d\u00e9j\u00e0 int\u00e9gr\u00e9e<\/strong> dans la r\u00e9flexion en cours. Par ailleurs, si une protection au titre des monuments historiques \u00e9tait d\u00e9cid\u00e9e, le projet serait naturellement adapt\u00e9 pour respecter strictement le cadre fix\u00e9 par l\u2019\u00c9tat et les services patrimoniaux comp\u00e9tents\u2009\u00bb, indique le bailleur qui pr\u00e9cise que ce \u00ab\u2009projet de travaux de r\u00e9habilitation<strong> fait l\u2019objet de discussions l\u00e9gitimes<\/strong> au sein du conseil syndical. In\u2019li y d\u00e9fend une position constructive visant \u00e0 garantir trois objectifs l\u00e9gitimes\u2009: pr\u00e9server la qualit\u00e9 architecturale de l\u2019ensemble, am\u00e9liorer le confort et le pouvoir d\u2019achat de nos clients et r\u00e9ussir la transition \u00e9nerg\u00e9tique du b\u00e2timent, dans un dialogue permanent entre copropri\u00e9taires.\u2009\u00bb<\/p>\n<p class=\" wall-content\">Contact\u00e9 pour savoir o\u00f9 en \u00e9tait la demande de classement de l\u2019immeuble, le minist\u00e8re de la Culture n\u2019est pas encore revenu vers nous au moment o\u00f9 nous publions cet article.<\/p>\n<p>Une p\u00e9tition a \u00e9t\u00e9 lanc\u00e9e pour <a href=\"https:\/\/www.change.org\/p\/sauvons-mouchotte-paris-14e-un-patrimoine-architectural-du-xxe-si%C3%A8cle-en-danger\" target=\"_blank\" rel=\"noopener\">\u00ab\u00a0sauver Mouchotte\u00a0\u00bb<\/a>. Elle r\u00e9unit, \u00e0 ce jour, presque 12 000 signatures.<\/p>\n<p class=\" wall-content\">Personnalisez votre actualit\u00e9 en ajoutant vos villes et m\u00e9dias en favori avec <a href=\"https:\/\/moncompte.actu.fr\" title=\"D\u00e9couvez Mon Actu\" rel=\"nofollow noopener\" data-trk=\"{&quot;cta&quot;:{&quot;action&quot;:&quot;https:\\\/\\\/moncompte.actu.fr&quot;,&quot;category&quot;:&quot;mon compte&quot;,&quot;from&quot;:&quot;article footer&quot;,&quot;name&quot;:&quot;Mon actu&quot;,&quot;type&quot;:&quot;cta&quot;}}\" target=\"_blank\">Mon Actu<\/a>.<\/p>\n<p>                    <script async src=\"\/\/www.instagram.com\/embed.js\"><\/script><\/p>\n","protected":false},"excerpt":{"rendered":"Par Thomas Rideau Publi\u00e9 le 12 d\u00e9c. 2025 \u00e0 7h30 Elle surplombe le 14\u1d49 arrondissement de Paris. Elle,&hellip;\n","protected":false},"author":2,"featured_media":594449,"comment_status":"","ping_status":"","sticky":false,"template":"","format":"standard","meta":{"footnotes":""},"categories":[1888],"tags":[1111,1928,11,1927,1777,674,1011,27,11674,12,1926,626,1925,2551,25,104],"class_list":{"0":"post-594448","1":"post","2":"type-post","3":"status-publish","4":"format-standard","5":"has-post-thumbnail","7":"category-paris","8":"tag-actu","9":"tag-actu-paris","10":"tag-actualites","11":"tag-actualites-paris","12":"tag-eu","13":"tag-europe","14":"tag-fr","15":"tag-france","16":"tag-montparnasse","17":"tag-news","18":"tag-news-paris","19":"tag-paris","20":"tag-paris-news","21":"tag-patrimoine","22":"tag-republique-francaise","23":"tag-societe"},"share_on_mastodon":{"url":"https:\/\/pubeurope.com\/@fr\/115705374152702496","error":""},"_links":{"self":[{"href":"https:\/\/www.europesays.com\/fr\/wp-json\/wp\/v2\/posts\/594448","targetHints":{"allow":["GET"]}}],"collection":[{"href":"https:\/\/www.europesays.com\/fr\/wp-json\/wp\/v2\/posts"}],"about":[{"href":"https:\/\/www.europesays.com\/fr\/wp-json\/wp\/v2\/types\/post"}],"author":[{"embeddable":true,"href":"https:\/\/www.europesays.com\/fr\/wp-json\/wp\/v2\/users\/2"}],"replies":[{"embeddable":true,"href":"https:\/\/www.europesays.com\/fr\/wp-json\/wp\/v2\/comments?post=594448"}],"version-history":[{"count":0,"href":"https:\/\/www.europesays.com\/fr\/wp-json\/wp\/v2\/posts\/594448\/revisions"}],"wp:featuredmedia":[{"embeddable":true,"href":"https:\/\/www.europesays.com\/fr\/wp-json\/wp\/v2\/media\/594449"}],"wp:attachment":[{"href":"https:\/\/www.europesays.com\/fr\/wp-json\/wp\/v2\/media?parent=594448"}],"wp:term":[{"taxonomy":"category","embeddable":true,"href":"https:\/\/www.europesays.com\/fr\/wp-json\/wp\/v2\/categories?post=594448"},{"taxonomy":"post_tag","embeddable":true,"href":"https:\/\/www.europesays.com\/fr\/wp-json\/wp\/v2\/tags?post=594448"}],"curies":[{"name":"wp","href":"https:\/\/api.w.org\/{rel}","templated":true}]}}