{"id":594452,"date":"2025-12-12T07:18:11","date_gmt":"2025-12-12T07:18:11","guid":{"rendered":"https:\/\/www.europesays.com\/fr\/594452\/"},"modified":"2025-12-12T07:18:11","modified_gmt":"2025-12-12T07:18:11","slug":"et-si-vous-visitiez-les-entreprises-de-la-manche-mobilisees-pour-la-restauration-de-notre-dame-de-paris","status":"publish","type":"post","link":"https:\/\/www.europesays.com\/fr\/594452\/","title":{"rendered":"Et si vous visitiez les entreprises de la Manche mobilis\u00e9es pour la restauration de Notre-Dame de Paris\u00a0?"},"content":{"rendered":"<p>                    Par<br \/>\n        <strong><br \/>\n            <a href=\"https:\/\/actu.fr\/auteur\/ludivine-laniepce\" title=\"Consulter tous les articles de Ludivine Laniepce\" target=\"_blank\" rel=\"noopener\">Ludivine Laniepce<\/a><br \/>\n                    <\/strong><\/p>\n<p>        Publi\u00e9 le<\/p>\n<p>            12 d\u00e9c. 2025 \u00e0 7h36        <\/p>\n<p><b>Un an apr\u00e8s la r\u00e9ouverture<\/b> de <a href=\"https:\/\/actu.fr\/tag\/notre-dame-de-paris\" target=\"_blank\" rel=\"noopener\">Notre-Dame de Paris<\/a>, trois <b>entreprises <\/b>de la <a href=\"https:\/\/actu.fr\/normandie\/manche_50\" target=\"_blank\" rel=\"noopener\">Manche<\/a> sont \u00e0 nouveau <b>mises \u00e0 l\u2019honneur<\/b> par le gouvernement.<\/p>\n<p class=\" wall-content\">En ce d\u00e9but d\u00e9cembre 2025, la Direction g\u00e9n\u00e9rale des entreprises et l\u2019\u00e9tablissement public charg\u00e9 de la conservation et de la restauration de la cath\u00e9drale publient, sur Internet, <a href=\"https:\/\/data.economie.gouv.fr\/pages\/entreprises-restauration-notre-dame\/\" target=\"_blank\" rel=\"noopener\">une cartographie interactive<\/a> qui permet de les localiser, ainsi que l\u2019ensemble des 212 entreprises mobilis\u00e9es sur tout le territoire.<\/p>\n<p class=\" wall-content\">Neuf entreprises normandes ont \u0153uvr\u00e9 pour Notre-Dame\u2009: une en Seine-Maritime, une dans l\u2019Orne, deux dans l\u2019Eure, deux dans le Calvados et \u2013 cocorico\u2009! \u2013 trois dans la Manche.<\/p>\n<p>212<\/p>\n<p>C&rsquo;est le nombre d&rsquo;entreprises\u00a0fran\u00e7aises ont particip\u00e9\u00a0\u00e0 la restauration de Notre-Dame. 57 sont ouvertes au public et 25 sont labellis\u00e9es Entreprises du patrimoine vivant. Entre\u00a02019 et\u00a02024, plus de 3 000 compagnons et artisans ont \u00e9t\u00e9 mobilis\u00e9s.<\/p>\n<p class=\" wall-content\">Il s\u2019agit pour rappel des entreprises suivantes\u2009: la <a href=\"https:\/\/ferronnerie-picard-duboscq-gouville.com\/\" target=\"_blank\" rel=\"noopener\">Ferronnerie Picard Duboscq<\/a> de <a href=\"https:\/\/actu.fr\/normandie\/gouville-sur-mer_50215\" target=\"_blank\" rel=\"noopener\">Gouville-sur-Mer<\/a>, les <a href=\"https:\/\/www.aubert-labansat.com\/\" target=\"_blank\" rel=\"noopener\">Ateliers Aubert Labansat<\/a> de <a href=\"https:\/\/actu.fr\/normandie\/coutances_50147\/\" target=\"_blank\" rel=\"noopener\">Coutances<\/a> et, bien s\u00fbr, la <a href=\"https:\/\/cornille-havard.com\/\" target=\"_blank\" rel=\"noopener\">Fonderie de cloches Cornille Havard<\/a> de <a href=\"https:\/\/actu.fr\/normandie\/villedieu-les-poeles-rouffigny_50639\" target=\"_blank\" rel=\"noopener\">Villedieu-les-Po\u00eales<\/a>.<\/p>\n<p>La Ferronnerie Picard Duboscq de Gouville-sur-Mer<\/p>\n<p class=\" wall-content\">\u00ab\u2009La ferronnerie d\u2019art gouvillaise con\u00e7oit des <b>cr\u00e9ations sur mesure<\/b> ainsi que des restaurations et copies d\u2019ancien selon les r\u00e8gles de l\u2019art, salue le gouvernement. Ses compagnons ferronniers et soudeurs exp\u00e9riment\u00e9s ont acquis des <b>techniques anciennes<\/b>. Ils travaillent sur des <b>ouvrages class\u00e9s monuments historiques<\/b>. La ferronnerie a effectu\u00e9 la restauration et la cr\u00e9ation de grilles de cl\u00f4tures ext\u00e9rieures aux abords nord, ouest et sud.\u2009\u00bb<\/p>\n<p>Vid\u00e9os : en ce moment sur Actu<\/p>\n<p class=\" wall-content\">Comme nous le relations fin 2024, le chantier confi\u00e9 \u00e0 cette entreprise concernait plus de 100\u00a0m\u00e8tres de grilles de 2,20 m\u00e8tres de hauteur et une quinzaine de portails \u00e0 restaurer ou \u00e0 recr\u00e9er \u00e0 l\u2019identique. \u00ab\u2009Un chantier comme celui-l\u00e0, <a href=\"https:\/\/actu.fr\/normandie\/gouville-sur-mer_50215\/cette-entreprise-de-la-manche-refait-les-grilles-de-la-cathedrale-notre-dame-de-paris_61864998.html?utm_source=troove&amp;utm_medium=site\" target=\"_blank\" rel=\"noopener\">nous expliquait alors son patron Thierry Duboscq<\/a>, \u00e7a ne se refuse pas. C\u2019est un plus pour l\u2019image de l\u2019entreprise et de nos salari\u00e9s.\u2009\u00bb<\/p>\n<p>Les Ateliers Aubert Labansat de Coutances<\/p>\n<p class=\" wall-content\">Pour les Ateliers Aubert Labansat de Coutances, le d\u00e9fi \u00e0 relever <a href=\"https:\/\/actu.fr\/normandie\/coutances_50147\/patrimoine-manche-cette-entreprise-participe-a-la-restauration-de-la-cathedrale-de-paris_54712746.html?utm_source=troove&amp;utm_medium=site\" target=\"_blank\" rel=\"noopener\">avait \u00e9t\u00e9 celui de l\u2019escalier de la fl\u00e8che<\/a>, en ch\u00eane massif.<b> Une pi\u00e8ce unique passionnante \u00e0 travaille<\/b>r\u2009: la reproduction \u00e0 l\u2019identique de l\u2019escalier de la fl\u00e8che de Notre-Dame, qui \u00e9tait l\u00e0 depuis toujours jusqu\u2019au <a href=\"https:\/\/actu.fr\/societe\/les-terrifiantes-images-lincendie-dame-paris_22956346.html\" target=\"_blank\" rel=\"noopener\">terrible incendie d\u2019avril\u00a02019<\/a>.<\/p>\n<p>Votre r\u00e9gion, votre actu !<\/p>\n<p>Recevez chaque jour les infos qui comptent pour vous.<\/p>\n<p>\t<a href=\"https:\/\/actu.fr\/newsletter\" class=\"ac-btn ac-btn--corner ac-btn--medium ac-btn--blue800\" target=\"_blank\" rel=\"noopener\">S&rsquo;incrire<\/a><\/p>\n<p class=\" wall-content\">\u00ab\u2009Avec les architectes, expliquait dans nos colonnes Julien Montier, le directeur g\u00e9n\u00e9ral des Ateliers, on a travaill\u00e9 sur la base des relev\u00e9s et des plans des charpentiers et \u00e0 partir d\u2019anciennes photos. L\u2019escalier a \u00e9t\u00e9 assembl\u00e9 et ajust\u00e9 sur place, m\u00eal\u00e9 \u00e0 la charpente.\u2009\u00bb Quatre menuisiers manchois avaient relev\u00e9 ce d\u00e9fi.<\/p>\n<p>La Fonderie de cloches Cornille Havard de Villedieu-les-Po\u00eales<\/p>\n<p class=\" wall-content\">\u00ab\u2009La Fonderie Cornille Havard est l\u2019h\u00e9riti\u00e8re d\u2019une <b>longue tradition <\/b>de fondeurs de cloches install\u00e9s \u00e0 Villedieu-les-Po\u00eales depuis le Moyen \u00c2ge, poursuit le gouvernement. \u00c9galement fonderie d\u2019art, l\u2019entreprise est sp\u00e9cialis\u00e9e dans la r\u00e9alisation de bas-reliefs monumentaux. De plus, Cornille Havard est aussi campaniste\u2009: elle installe et entretient les cloches et leurs \u00e9quipements. L\u2019atelier du XIXe\u00a0si\u00e8cle ouvert au public permet aux visiteurs de d\u00e9couvrir un <b>savoir-faire unique en France.<\/b> Cette fonderie de cloches avait \u00e9t\u00e9 retenue pour effectuer l\u2019analyse et la restauration des cloches et de leurs \u00e9quipements, qu\u2019elle avait r\u00e9alis\u00e9s en 2012 pour les 850\u00a0ans de Notre-Dame.\u2009\u00bb<\/p>\n<p class=\" wall-content\">Les huit cloches de la cath\u00e9drale avaient ainsi repris la route de Villedieu-les-Po\u00eales, o\u00f9 elles avaient vu le jour quelques ann\u00e9es plus t\u00f4t. Pendant de longs mois, elles avaient \u00e9t\u00e9 <a href=\"https:\/\/actu.fr\/societe\/les-cloches-de-notre-dame-de-paris-sont-en-cours-de-renovation-dans-cette-fonderie-de-la-manche_61239142.html?utm_source=troove&amp;utm_medium=site\" target=\"_blank\" rel=\"noopener\">nettoy\u00e9es puis restaur\u00e9es<\/a>. La plus imposante, Gabriel, p\u00e8se plus de 4\u00a0tonnes. La plus petite, Jean-Marie, pr\u00e8s de 800\u00a0kg. L\u2019atelier a \u00e9t\u00e9 construit en 1865.<\/p>\n<blockquote class=\"ac-article-quote wall-content\">\n<p>Reconnues pour leur excellence, ces entreprises ont contribu\u00e9 directement \u00e0 la renaissance de la cath\u00e9drale.<\/p>\n<p>Gouvernement<\/p><\/blockquote>\n<p class=\" wall-content\">Pour le ministre des Petites et moyennes entreprises, du Commerce, de l\u2019Artisanat, du Tourisme et du Pouvoir d\u2019achat\u2009: \u00ab\u2009Chacun est le d\u00e9tenteur d\u2019un savoir-faire que nous devons c\u00e9l\u00e9brer et perp\u00e9tuer, souligne Serge Papin. C\u2019est l\u2019esprit de cette cartographie\u2009: identifier partout en France ceux qui ont particip\u00e9 \u00e0 reb\u00e2tir Notre-Dame, inviter les Fran\u00e7ais \u00e0 aller \u00e0 leur rencontre et permettre aux vocations de se renouveler.\u2009\u00bb<\/p>\n<p class=\" wall-content\">Avis aux amateurs\u2009: la Ferronnerie Picard Duboscq et la Fonderie de cloches Cornille Havard se visitent\u2009! La premi\u00e8re est accessible sur rendez-vous. Attention, la seconde va bient\u00f4t prendre son cong\u00e9 annuel.<\/p>\n<p>Ferronnerie Picard Duboscq\u2009: 02\u200933\u200917\u200902\u200925. Fonderie de cloches Cornille Havard\u2009: 02\u200933\u200961\u200900\u200956.<\/p>\n<p class=\" wall-content\">Personnalisez votre actualit\u00e9 en ajoutant vos villes et m\u00e9dias en favori avec <a href=\"https:\/\/moncompte.actu.fr\" title=\"D\u00e9couvez Mon Actu\" rel=\"nofollow noopener\" data-trk=\"{&quot;cta&quot;:{&quot;action&quot;:&quot;https:\\\/\\\/moncompte.actu.fr&quot;,&quot;category&quot;:&quot;mon compte&quot;,&quot;from&quot;:&quot;article footer&quot;,&quot;name&quot;:&quot;Mon actu&quot;,&quot;type&quot;:&quot;cta&quot;}}\" target=\"_blank\">Mon Actu<\/a>.<\/p>\n","protected":false},"excerpt":{"rendered":"Par Ludivine Laniepce Publi\u00e9 le 12 d\u00e9c. 2025 \u00e0 7h36 Un an apr\u00e8s la r\u00e9ouverture de Notre-Dame de&hellip;\n","protected":false},"author":2,"featured_media":594453,"comment_status":"","ping_status":"","sticky":false,"template":"","format":"standard","meta":{"footnotes":""},"categories":[1888],"tags":[11,1477,3168,1777,674,1011,27,12,3341,626,25,104],"class_list":{"0":"post-594452","1":"post","2":"type-post","3":"status-publish","4":"format-standard","5":"has-post-thumbnail","7":"category-paris","8":"tag-actualites","9":"tag-artisanat","10":"tag-cotentin","11":"tag-eu","12":"tag-europe","13":"tag-fr","14":"tag-france","15":"tag-news","16":"tag-notre-dame-de-paris","17":"tag-paris","18":"tag-republique-francaise","19":"tag-societe"},"share_on_mastodon":{"url":"https:\/\/pubeurope.com\/@fr\/115705381165786959","error":""},"_links":{"self":[{"href":"https:\/\/www.europesays.com\/fr\/wp-json\/wp\/v2\/posts\/594452","targetHints":{"allow":["GET"]}}],"collection":[{"href":"https:\/\/www.europesays.com\/fr\/wp-json\/wp\/v2\/posts"}],"about":[{"href":"https:\/\/www.europesays.com\/fr\/wp-json\/wp\/v2\/types\/post"}],"author":[{"embeddable":true,"href":"https:\/\/www.europesays.com\/fr\/wp-json\/wp\/v2\/users\/2"}],"replies":[{"embeddable":true,"href":"https:\/\/www.europesays.com\/fr\/wp-json\/wp\/v2\/comments?post=594452"}],"version-history":[{"count":0,"href":"https:\/\/www.europesays.com\/fr\/wp-json\/wp\/v2\/posts\/594452\/revisions"}],"wp:featuredmedia":[{"embeddable":true,"href":"https:\/\/www.europesays.com\/fr\/wp-json\/wp\/v2\/media\/594453"}],"wp:attachment":[{"href":"https:\/\/www.europesays.com\/fr\/wp-json\/wp\/v2\/media?parent=594452"}],"wp:term":[{"taxonomy":"category","embeddable":true,"href":"https:\/\/www.europesays.com\/fr\/wp-json\/wp\/v2\/categories?post=594452"},{"taxonomy":"post_tag","embeddable":true,"href":"https:\/\/www.europesays.com\/fr\/wp-json\/wp\/v2\/tags?post=594452"}],"curies":[{"name":"wp","href":"https:\/\/api.w.org\/{rel}","templated":true}]}}