{"id":594467,"date":"2025-12-12T07:27:12","date_gmt":"2025-12-12T07:27:12","guid":{"rendered":"https:\/\/www.europesays.com\/fr\/594467\/"},"modified":"2025-12-12T07:27:12","modified_gmt":"2025-12-12T07:27:12","slug":"dermatose-pac-taxe-accord-ue-mercosur-pourquoi-la-colere-agricole-refait-surface-en-france","status":"publish","type":"post","link":"https:\/\/www.europesays.com\/fr\/594467\/","title":{"rendered":"Dermatose, PAC, taxe, accord UE-Mercosur\u2026 Pourquoi la col\u00e8re agricole refait surface en France"},"content":{"rendered":"<p>Une marche est pr\u00e9vue le 18\u00a0d\u00e9cembre dans la capitale europ\u00e9enne, o\u00f9 les organisateurs esp\u00e8rent jusqu\u2019\u00e0 \u00ab\u00a010\u00a0000 manifestants\u00a0\u00bb, dont une bonne partie venue de l\u2019Hexagone. En France, cette semaine a vu gonfler la mobilisation\u00a0: actions contre des abattages sanitaires du Jura aux Pyr\u00e9n\u00e9es, rassemblements devant les pr\u00e9fectures, \u00ab\u00a0feux de la col\u00e8re\u00a0\u00bb dans la Marne, cercueil devant le minist\u00e8re\u2026<\/p>\n<p>L\u2019exasp\u00e9ration est telle que presque tous les syndicats agricoles ont boycott\u00e9 le discours de la ministre de l\u2019Agriculture Annie Genevard, qui a lanc\u00e9 lundi \u00e0 Rungis des \u00ab\u00a0conf\u00e9rences de la souverainet\u00e9 alimentaire\u00a0\u00bb\u00a0: un \u00ab\u00a0exercice de communication\u00a0\u00bb alors que le \u00ab\u00a0diagnostic\u00a0\u00bb dramatique de la \u00ab\u00a0Ferme France\u00a0\u00bb est connu, selon la FNSEA.<\/p>\n<p>La premi\u00e8re puissance agricole europ\u00e9enne souffre, doit importer toujours plus au point d\u2019entrevoir un d\u00e9ficit commercial en 2025 pour la premi\u00e8re fois depuis 50\u00a0ans. Ses fleurons, du bl\u00e9 aux vignes, traversent une crise in\u00e9dite. Les avanies s\u2019accumulent\u00a0: crises climatiques, sanitaires, tensions g\u00e9opolitiques, co\u00fbts de production en hausse, prix et revenus en berne\u2026 En cette veille d\u2019hiver, s\u2019ajoutent d\u2019autres sources de pr\u00e9occupation.<\/p>\n<p>La dermatose qui f\u00e2che<\/p>\n<p>Des \u00e9leveurs en pleurs, des militants pr\u00eats \u00e0 en d\u00e9coudre\u00a0: l\u2019opposition \u00e0 la politique sanitaire du gouvernement &#8211; qui divise les syndicats &#8211; se durcit ces derniers jours. Apr\u00e8s la fi\u00e8vre catarrhale ovine et alors que s\u00e9vit toujours la grippe aviaire, la dermatose nodulaire contagieuse (DNC) des bovins est apparue en France fin juin. Sa gestion par l\u2019\u00c9tat, avec abattage de tous les foyers affect\u00e9s, passe mal.<\/p>\n<p>Dans le Doubs ou en Ari\u00e8ge, des manifestants, soutenus par la Conf\u00e9d\u00e9ration paysanne et la Coordination rurale, tentent de s\u2019opposer aux euthanasies et plaident pour une vaccination pr\u00e9ventive g\u00e9n\u00e9ralis\u00e9e. La FNSEA en revanche soutient le protocole, redoutant qu\u2019une vaccination large prive la France de son statut de pays \u00ab\u00a0indemne\u00a0\u00bb et donc de sa capacit\u00e9 d\u2019export de bovins vivants pendant de longs mois.<\/p>\n<p>Une PAC incertaine<\/p>\n<p>Pivot de la construction europ\u00e9enne et de l\u2019agriculture du continent, la Politique agricole commune (PAC) constituait jusqu\u2019ici le premier poste de d\u00e9penses de l\u2019UE. <a href=\"https:\/\/www.sudouest.fr\/economie\/agriculture\/future-pac-bruxelles-promet-un-minimum-de-51-milliards-d-euros-pour-l-agriculture-francaise-25972824.php\" target=\"_blank\" rel=\"follow noopener\">Les propositions de la Commission<\/a> attisent la col\u00e8re\u00a0: non seulement le budget de la prochaine PAC (2028-34) pourrait \u00eatre r\u00e9duit de 20\u00a0% mais il pourrait \u00eatre \u00ab\u00a0dilu\u00e9\u00a0\u00bb dans un grand fonds.<\/p>\n<p>La France redoute une coupe particuli\u00e8rement douloureuse pour ses agriculteurs, premiers b\u00e9n\u00e9ficiaires de la PAC avec environ 9\u00a0milliards d\u2019euros d\u2019aides par an, soit les deux tiers de leurs revenus.<\/p>\n<p>Ces subventions sont un amortisseur vital pour de nombreuses exploitations fragilis\u00e9es depuis la guerre en Ukraine. En Gr\u00e8ce des retards de versement de subventions, du fait d\u2019un scandale de fraude nationale, provoquent en ce moment des manifestations monstres.<\/p>\n<p>Vote UE-Mercosur en vue<\/p>\n<p>Le vote des \u00c9tats europ\u00e9ens sur cet accord d\u00e9nonc\u00e9 par tous les syndicats agricoles approche. La Commission europ\u00e9enne vise un feu vert avant le 20\u00a0d\u00e9cembre et une adoption au Parlement d\u00e9but 2026.<\/p>\n<p>Cet accord doit permettre \u00e0 l\u2019UE d\u2019exporter davantage de voitures, machines, vins\u2026 mais facilitera l\u2019entr\u00e9e de b\u0153uf, volaille, sucre, miel\u2026 Les agriculteurs d\u00e9noncent une concurrence d\u00e9loyale du fait de normes moins exigeantes et \u00e0 m\u00eame de d\u00e9stabiliser des fili\u00e8res europ\u00e9ennes d\u00e9j\u00e0 fragiles.<\/p>\n<p>\u00ab\u00a0L\u2019accord avec le Mercosur est inacceptable. Il sera peut-\u00eatre appliqu\u00e9. Car nous sommes 27 dans l&rsquo;Union europ\u00e9enne\u00a0\u00bb, a admis mardi la ministre fran\u00e7aise de l\u2019Agriculture Annie Genevard devant les producteurs de betteraves.<\/p>\n<p>MACF, la taxe de trop<\/p>\n<p>Un m\u00e9canisme d\u2019ajustement carbone aux fronti\u00e8res (MACF) de l\u2019UE doit entrer en vigueur le 1er\u00a0janvier. Les c\u00e9r\u00e9aliers r\u00e9clament que les engrais en soient exclus\u00a0: pour eux, cette taxe carbone s\u2019ajoutera \u00e0 celle impos\u00e9e depuis juillet aux engrais russes et fera exploser le co\u00fbt des fertilisants. La FNSEA estime son impact \u00e0 \u00ab\u00a0500\u00a0millions d\u2019euros pour les grandes cultures\u00a0\u00bb.<\/p>\n","protected":false},"excerpt":{"rendered":"Une marche est pr\u00e9vue le 18\u00a0d\u00e9cembre dans la capitale europ\u00e9enne, o\u00f9 les organisateurs esp\u00e8rent jusqu\u2019\u00e0 \u00ab\u00a010\u00a0000 manifestants\u00a0\u00bb, dont&hellip;\n","protected":false},"author":2,"featured_media":594468,"comment_status":"","ping_status":"","sticky":false,"template":"","format":"standard","meta":{"footnotes":""},"categories":[1586],"tags":[11,1777,674,1779,1011,27,12,25,1778,364],"class_list":{"0":"post-594467","1":"post","2":"type-post","3":"status-publish","4":"format-standard","5":"has-post-thumbnail","7":"category-europe","8":"tag-actualites","9":"tag-eu","10":"tag-europe","11":"tag-european-union","12":"tag-fr","13":"tag-france","14":"tag-news","15":"tag-republique-francaise","16":"tag-ue","17":"tag-union-europeenne"},"share_on_mastodon":{"url":"https:\/\/pubeurope.com\/@fr\/115705416595639250","error":""},"_links":{"self":[{"href":"https:\/\/www.europesays.com\/fr\/wp-json\/wp\/v2\/posts\/594467","targetHints":{"allow":["GET"]}}],"collection":[{"href":"https:\/\/www.europesays.com\/fr\/wp-json\/wp\/v2\/posts"}],"about":[{"href":"https:\/\/www.europesays.com\/fr\/wp-json\/wp\/v2\/types\/post"}],"author":[{"embeddable":true,"href":"https:\/\/www.europesays.com\/fr\/wp-json\/wp\/v2\/users\/2"}],"replies":[{"embeddable":true,"href":"https:\/\/www.europesays.com\/fr\/wp-json\/wp\/v2\/comments?post=594467"}],"version-history":[{"count":0,"href":"https:\/\/www.europesays.com\/fr\/wp-json\/wp\/v2\/posts\/594467\/revisions"}],"wp:featuredmedia":[{"embeddable":true,"href":"https:\/\/www.europesays.com\/fr\/wp-json\/wp\/v2\/media\/594468"}],"wp:attachment":[{"href":"https:\/\/www.europesays.com\/fr\/wp-json\/wp\/v2\/media?parent=594467"}],"wp:term":[{"taxonomy":"category","embeddable":true,"href":"https:\/\/www.europesays.com\/fr\/wp-json\/wp\/v2\/categories?post=594467"},{"taxonomy":"post_tag","embeddable":true,"href":"https:\/\/www.europesays.com\/fr\/wp-json\/wp\/v2\/tags?post=594467"}],"curies":[{"name":"wp","href":"https:\/\/api.w.org\/{rel}","templated":true}]}}