{"id":594469,"date":"2025-12-12T07:28:22","date_gmt":"2025-12-12T07:28:22","guid":{"rendered":"https:\/\/www.europesays.com\/fr\/594469\/"},"modified":"2025-12-12T07:28:22","modified_gmt":"2025-12-12T07:28:22","slug":"dermatose-nodulaire-mur-de-paille-enflamme-barricades-en-pleine-nuit-la-cr-47-a-mene-une-operation-surprise-a-agen","status":"publish","type":"post","link":"https:\/\/www.europesays.com\/fr\/594469\/","title":{"rendered":"Dermatose nodulaire : mur de paille enflamm\u00e9, barricades&#8230; en pleine nuit, la CR 47 a men\u00e9 une op\u00e9ration surprise \u00e0 Agen"},"content":{"rendered":"<p>\n                                                                    l&rsquo;essentiel<br \/>\n                                                                Apr\u00e8s quelques mois sans barricades, les agriculteurs ont manifest\u00e9 de nouveau en Lot-et-Garonne, dans la nuit de jeudi\u00a011 \u00e0 vendredi 12\u00a0d\u00e9cembre. La Coordination Rurale du Lot-et-Garonne (CR 47) soutient les \u00e9leveurs touch\u00e9s par la crise de la dermatose nodulaire contagieuse (DNC) qui s\u2019abat sur les \u00e9levages un peu partout en France et conduit \u00e0 l\u2019abattage syst\u00e9matique des troupeaux. Une nuit dans la fum\u00e9e mouvement\u00e9e autour de barricades surprises.\n                            <\/p>\n<p>C\u2019est un peu avant 0\u00a0h\u00a030 que les premiers tracteurs de la Coordination rurale du Lot-et-Garonne ont, sans crier gare, pris possession de l\u2019avenue du G\u00e9n\u00e9ral-de-Gaulle dans la nuit de jeudi\u00a011 \u00e0 vendredi 12\u00a0d\u00e9cembre. Une op\u00e9ration surprise, car le rassemblement \u00e9tait pr\u00e9vu \u00e0 l\u2019origine vendredi matin. Le dispositif de s\u00e9curit\u00e9 \u00e9tait d\u00e9j\u00e0 en place pour accueillir les agriculteurs et les 150 tracteurs de leur cort\u00e8ge.<\/p>\n<p>Apr\u00e8s avoir d\u00e9pos\u00e9 une quantit\u00e9 impressionnante de d\u00e9chets agricoles et de pneus devant la Mutualit\u00e9 sociale agricole (MSA) et la Direction d\u00e9partementale des territoires (DDT), c\u2019est un mur de paille qui a \u00e9t\u00e9 dress\u00e9 \u00e0 l\u2019angle de la rue Montaigne, \u00e0 deux pas de la Pr\u00e9fecture et du Palais de justice.<\/p>\n<p>        <img decoding=\"async\" class=\"std-img__img responsive-img\" src=\"https:\/\/www.europesays.com\/fr\/wp-content\/uploads\/2025\/12\/1765524499_325_image.jpg\" alt=\"Des ballots de foin devant le palais de justice d\u2019Agen\"\/><\/p>\n<p>                Des ballots de foin devant le palais de justice d\u2019Agen<br \/>\n                                    DDM &#8211; Julien Durou<\/p>\n<p>Un dispositif de maintien de l\u2019ordre, compos\u00e9 de compagnies de CRS et d\u2019un escadron de gendarmes mobiles venu de P\u00e9rigueux (entre 50 et 70 militaires), a s\u00e9curis\u00e9 les lieux et a contenu les 200 agriculteurs aux bonnets jaunes. L\u2019imposant mur de paille a \u00e9t\u00e9 enflamm\u00e9, r\u00e9pandant sur le centre-ville une odeur \u00e2cre de fum\u00e9e. Les pompiers du SDIS 47, pr\u00e9sents sur place, ont ma\u00eetris\u00e9 les flammes.<\/p>\n<p>\u00ab\u00a0Ce n\u2019est pas le d\u00e9but, c\u2019est la fin\u00a0!\u00a0\u00bb<\/p>\n<p>Pr\u00e9sent sur place, Serge Bousquet-Cassagne, l\u2019ancien pr\u00e9sident de la chambre d\u2019agriculture du Lot-et-Garonne, ne d\u00e9col\u00e8re pas. Pour l\u2019ex-num\u00e9ro\u00a01 de la chambre consulaire, cette manifestation n\u2019est pas un d\u00e9but mais une fin\u2026 Celle d\u2019une fili\u00e8re\u00a0: \u00ab\u00a0Ce n\u2019est pas le d\u00e9but, c\u2019est la fin\u00a0! La fin des haricots pour une profession qui se meurt\u00a0! Pour les agriculteurs qui sont en train de crever dans l\u2019indiff\u00e9rence\u00a0! Ce soir, on venge les 208 vaches de l\u2019Ari\u00e8ge\u00a0! On venge les vaches de France mortes pour rien\u00a0!\u00a0\u00bb Serge Bousquet-Cassagne veut faire d\u2019Agen l\u2019\u00e9picentre de la r\u00e9volte des \u00e9leveurs\u00a0: \u00ab\u00a0Chaque fois qu\u2019un \u00e9levage sera touch\u00e9, sera d\u00e9truit en France, c\u2019est Agen qui r\u00e9agira\u00a0!\u00a0\u00bb\n<\/p>\n<p>        <img decoding=\"async\" class=\"std-img__img responsive-img\" src=\"https:\/\/www.europesays.com\/fr\/wp-content\/uploads\/2025\/12\/1765524501_805_image.jpg\" alt=\"Les pompiers sont intervenus pour \u00e9teindre le feu de paille.\"\/><\/p>\n<p>                Les pompiers sont intervenus pour \u00e9teindre le feu de paille.<br \/>\n                                    DDM &#8211; Julien Durou<\/p>\n<p>L\u2019\u00e9levage bovin est touch\u00e9 par une crise de dermatose nodulaire contagieuse (DNC) qui, aujourd\u2019hui, conduit \u00e0 l\u2019abattage syst\u00e9matique de l\u2019int\u00e9gralit\u00e9 des cheptels touch\u00e9s, conform\u00e9ment aux directives du minist\u00e8re de l\u2019Agriculture. Une aberration pour Serge Bousquet-Cassagne\u00a0: \u00ab\u00a0Ils ne veulent pas suivre notre protocole, qui serait d\u2019abattre les vaches malades et d\u2019attendre pour les autres, en quarantaine sous cloche, et de vacciner les animaux\u00a0! Les pays de l\u2019Est ont fait \u00e7a et \u00e7a a fonctionn\u00e9\u00a0! Genevard (ndlr\u00a0: Annie Genevard, ministre de l\u2019Agriculture) prend des d\u00e9cisions intempestives et non pertinentes\u00a0! L\u2019indemnisation est correcte car estim\u00e9e par des experts avant l\u2019abattage, mais avec l\u2019abattage massif, ce sont des ann\u00e9es, des d\u00e9cennies de travail r\u00e9duites \u00e0 n\u00e9ant et la quasi-impossibilit\u00e9 de refaire un cheptel\u00a0! Vous n\u2019imaginez m\u00eame pas, pour les agriculteurs, \u00e0 quel point ces abattages sous leurs yeux, ces \u00e9tables vides, sont un violent traumatisme\u00a0!\u00a0\u00bb conclut-il.<\/p>\n<p>Une op\u00e9ration \u00e9galement au rond-point de Cam\u00e9lat<\/p>\n<p>Vers 3\u00a0h\u00a030, Jos\u00e9 Perez, pr\u00e9sident de la CR47, ainsi que Karine Duc, pr\u00e9sidente de la chambre d\u2019agriculture du Lot-et-Garonne, sont arriv\u00e9s sur place apr\u00e8s une journ\u00e9e mouvement\u00e9e en Ari\u00e8ge. \u00ab\u00a0Bravo les gars\u00a0!\u00a0\u00bb s\u2019exclame Jos\u00e9 Perez, tout sourire, avant de durcir le ton et le discours\u00a0: \u00ab\u00a0On vit dans un pays de fous\u00a0! Pour gazer 200 vaches, on gaze 1\u00a0000 personnes\u00a0! Il va falloir faire quoi\u00a0? On veut nous faire crever\u00a0! On a \u00e9t\u00e9 bombard\u00e9s toute la journ\u00e9e\u00a0! Ils ont r\u00e9ussi\u00a0! Ils vont les abattre\u00a0! Ce soir \u00e0 Agen, on les a pris par surprise\u00a0! Quand on pr\u00e9vient, on ne nous respecte pas\u00a0! Le pr\u00e9fet de l\u2019Ari\u00e8ge ne nous respecte pas\u00a0! Il m\u2019a raccroch\u00e9 au nez et a dit que, peu importent les m\u00e9thodes, il mettrait tout en \u0153uvre contre nous\u00a0! C\u2019est de la folie\u00a0! Ils nous ont gaz\u00e9s, ont utilis\u00e9 des flash-balls et des grenades assourdissantes\u00a0! Ils ont mis du gaz lacrymog\u00e8ne m\u00eame dans les b\u00e2timents o\u00f9 il y avait des vaches\u00a0! Ils se vengent de notre mont\u00e9e \u00e0 Rungis\u00a0! Ils se vengent aujourd\u2019hui, peu importe la justesse de notre combat\u00a0!\u00a0\u00bb La pr\u00e9sidente de la chambre d\u2019agriculture ajoute\u00a0: \u00ab\u00a0On blesse les humains pour tuer des vaches\u00a0!\u00a0\u00bb<\/p>\n<p>        <img decoding=\"async\" class=\"std-img__img responsive-img\" src=\"https:\/\/www.europesays.com\/fr\/wp-content\/uploads\/2025\/12\/1765524502_804_image.jpg\" alt=\"Les pompiers sont intervenus pour \u00e9teindre le feu de paille.\"\/><\/p>\n<p>                Les pompiers sont intervenus pour \u00e9teindre le feu de paille.<br \/>\n                                    DDM &#8211; Julien Durou<\/p>\n<p>Peu avant 4\u00a0heures du matin, de nouveaux feux de barricades et une op\u00e9ration de contr\u00f4le des camions frigorifiques ont \u00e9t\u00e9 mis en place par les agriculteurs au niveau du rond-point de Cam\u00e9lat. La journ\u00e9e de vendredi s\u2019annonce anim\u00e9e. Des actions coups de poing devraient \u00eatre men\u00e9es par les bonnets jaunes dans plusieurs endroits cl\u00e9s de la ville pr\u00e9fecture du Lot-et-Garonne et de son agglom\u00e9ration.<\/p>\n","protected":false},"excerpt":{"rendered":"l&rsquo;essentiel Apr\u00e8s quelques mois sans barricades, les agriculteurs ont manifest\u00e9 de nouveau en Lot-et-Garonne, dans la nuit de&hellip;\n","protected":false},"author":2,"featured_media":594470,"comment_status":"","ping_status":"","sticky":false,"template":"","format":"standard","meta":{"footnotes":""},"categories":[2],"tags":[11,8837,327,33,1011,27,8838,12,25],"class_list":{"0":"post-594469","1":"post","2":"type-post","3":"status-publish","4":"format-standard","5":"has-post-thumbnail","7":"category-actualites","8":"tag-actualites","9":"tag-agen","10":"tag-agriculture","11":"tag-economie","12":"tag-fr","13":"tag-france","14":"tag-lot-et-garonne","15":"tag-news","16":"tag-republique-francaise"},"share_on_mastodon":{"url":"https:\/\/pubeurope.com\/@fr\/115705423583198055","error":""},"_links":{"self":[{"href":"https:\/\/www.europesays.com\/fr\/wp-json\/wp\/v2\/posts\/594469","targetHints":{"allow":["GET"]}}],"collection":[{"href":"https:\/\/www.europesays.com\/fr\/wp-json\/wp\/v2\/posts"}],"about":[{"href":"https:\/\/www.europesays.com\/fr\/wp-json\/wp\/v2\/types\/post"}],"author":[{"embeddable":true,"href":"https:\/\/www.europesays.com\/fr\/wp-json\/wp\/v2\/users\/2"}],"replies":[{"embeddable":true,"href":"https:\/\/www.europesays.com\/fr\/wp-json\/wp\/v2\/comments?post=594469"}],"version-history":[{"count":0,"href":"https:\/\/www.europesays.com\/fr\/wp-json\/wp\/v2\/posts\/594469\/revisions"}],"wp:featuredmedia":[{"embeddable":true,"href":"https:\/\/www.europesays.com\/fr\/wp-json\/wp\/v2\/media\/594470"}],"wp:attachment":[{"href":"https:\/\/www.europesays.com\/fr\/wp-json\/wp\/v2\/media?parent=594469"}],"wp:term":[{"taxonomy":"category","embeddable":true,"href":"https:\/\/www.europesays.com\/fr\/wp-json\/wp\/v2\/categories?post=594469"},{"taxonomy":"post_tag","embeddable":true,"href":"https:\/\/www.europesays.com\/fr\/wp-json\/wp\/v2\/tags?post=594469"}],"curies":[{"name":"wp","href":"https:\/\/api.w.org\/{rel}","templated":true}]}}