{"id":594477,"date":"2025-12-12T07:36:19","date_gmt":"2025-12-12T07:36:19","guid":{"rendered":"https:\/\/www.europesays.com\/fr\/594477\/"},"modified":"2025-12-12T07:36:19","modified_gmt":"2025-12-12T07:36:19","slug":"rugby-pro-d2-des-damiers-irresistibles-face-a-la-bete-blessee-iseroise-le-vrdr-va-t-il-asseoir-sa-suprematie-regionale-contre-le-fcg-le-dauphine-libere","status":"publish","type":"post","link":"https:\/\/www.europesays.com\/fr\/594477\/","title":{"rendered":"Rugby &#8211; Pro D2. Des Damiers irr\u00e9sistibles face \u00e0 la \u00ab b\u00eate bless\u00e9e \u00bb is\u00e9roise : le VRDR va-t-il asseoir sa supr\u00e9matie r\u00e9gionale contre le FCG ? &#8211; Le Dauphin\u00e9 Lib\u00e9r\u00e9"},"content":{"rendered":"<ol>\n<li><a href=\"https:\/\/news.google.com\/rss\/articles\/CBMi8wFBVV95cUxORzlSMlV1U0M2bHJBYmYtRFFrWi1CUjB2cEdEUGxtNHdUNUpXZlJQSGpkUTc4cU1WWGhZWWlDVFBxODlYOUJsc1R4dmp5LWhFV21nSWtYVXlzWUtyMmdXdnhKSFFTLUtMNzhfaUVmUjQyelBtUWpEZlRGeFN1bHRQb0xCUzhSVzFhNUpYVzBOWUdsUnRSalFHdVZtN0ZORFdPUUJGVDFHZUxlRXZaN3A3SXNmd2ktOVdQYmdZcy1yR1Z4bC1wQUlyaXNOd29KTnAwUDNNVUN2SUdIbUp3a1hFSHpRaDhJTjk5YzRpRnp4NE1XOEU?oc=5\" target=\"_blank\" rel=\"noopener\">Rugby &#8211; Pro D2. Des Damiers irr\u00e9sistibles face \u00e0 la \u00ab b\u00eate bless\u00e9e \u00bb is\u00e9roise : le VRDR va-t-il asseoir sa supr\u00e9matie r\u00e9gionale contre le FCG ?<\/a>&nbsp;&nbsp;Le Dauphin\u00e9 Lib\u00e9r\u00e9<\/li>\n<li><a href=\"https:\/\/news.google.com\/rss\/articles\/CBMilgJBVV95cUxPaGUxUmJFZlhkWGJhV1Jodmt6Q2ZyOGRuT1pPRzFtYXBaa3NQeG00SEpsYlotcVVmZEh6T2hfamFfVnFCTF9sOGpCN1g0aEN3bXgyRXNERnNaMlVWaVlfTFpVbWtYcms5NVliVUN5TzFWNG5ZSzd0YmJ2UDJ6MXNncXNTUWlqU19yWkE2TWZkMkpnb0FuUnNsSDdrN2MtM0kwaTNtNFpVQWdTUkxaNHJOSXRYdlBiYVRoOGVyUFQ1bTJEeFY5UEd0WVZ2aTdYdF9OWTVMMXpSNzVad0QxcEJEU2hHbFlJYlJoVHVXMHFkNE9BaUtybE16VmE2VmlUQXdteldydDEyMEV2OEJ2X3dLRUlna2FqUQ?oc=5\" target=\"_blank\" rel=\"noopener\">\u00ab\u00a0Il faudra compter sur eux dans les ann\u00e9es \u00e0 venir\u00a0\u00bb : les raisons de l\u2019ascension express de Valence Romans<\/a>&nbsp;&nbsp;Rugbyrama<\/li>\n<li><a href=\"https:\/\/news.google.com\/rss\/articles\/CBMimAFBVV95cUxQY0FQWFlDN0ZnbXpPSFRYajJ5Y2IyektDbzlHd0tUalY2RHU3RGxzaTVwZ3FidEFsSjVzUFNMZXNGMW14Vjc0bjRTY21veWkzbHkwMmJoQlJxdEZyWHBVWFBGSWZLYnJqbEhUbHFrem1XSmNSNDl4cG1FVGtXZERCWjFYQWVBRWVBOFJIX3d1emFrZTBycWZMaQ?oc=5\" target=\"_blank\" rel=\"noopener\">Valence-Romans &#8211; Grenoble \u00e0 suivre en direct, Aller de Pro D2 2025-2026 (12\/12\/2025)<\/a>&nbsp;&nbsp;L&rsquo;\u00c9quipe<\/li>\n<li><a href=\"https:\/\/news.google.com\/rss\/articles\/CBMiygFBVV95cUxPenl2UGk0T3ZPOUhXVGhUTVV6M09KYUtBX01WczhMUm1wNDdOOW9MTTl5X2RfUUxzM05YX0VkT0EtenFOUzZxcnh6RkdkRTlfRkc4WmY3UFlMX0cyT1NuWlQ0U2dzNS1xcHZwbDI0ZFhZc1hzVFNwSXJWMkQ5UUh1N05EUEJQWlNrU0FaeWVrcHB6bzFKalF5U2tRdUVVeTJkUEtLWmlLdHB2YkpxZW5aMmgxZDlDM1ZsQlV0QzZPeUtQS0hVMVFKQ1pn?oc=5\" target=\"_blank\" rel=\"noopener\">Rugby &#8211; Pro D2. Quatre changements \u00e0 l\u2019avant, un banc en 6-2\u2026 la compo du VRDR pour le derby face au FCG<\/a>&nbsp;&nbsp;Le Dauphin\u00e9 Lib\u00e9r\u00e9<\/li>\n<li><a href=\"https:\/\/news.google.com\/rss\/articles\/CBMikgJBVV95cUxQbjFha0huQW1WTmhsUXZkWmJuLUtLbG8zWnhWaERiLUpxN0k4NG9lcE9TcVJNSnA1UFJyb24zaHJoTWJVMFJDa3FLVVJrNGNESDZ4cGM3OUVyOWtXRk45R2hvMFVuSU92WUFpMG1vVUVkZzEyMWJaYUZDLXg1VkdMSk1uV1dOamcwU29PQjlMN0o4d0toNXBsamdaZG92RHJXSWx4c0NwZkxJQlBwS1VSaEZ4NVBPSXZQb01PQTVjMFNMaWVwLU0tNVlqWmdVcjVaeEUyUVRRY09HTE50MEJyLW9FdjcxRXVfYmJ6ODdpcDZHdDBBaU1hY3F4QXhsQXVJbUtuU2w4ZFdSZWpUOUJBU3l3?oc=5\" target=\"_blank\" rel=\"noopener\">Hugo Pinchenet responsable du 16i\u00e8me Damier, club de supporters du VRDR avant le derby contre Grenoble<\/a>&nbsp;&nbsp;francebleu.fr<\/li>\n<\/ol>\n","protected":false},"excerpt":{"rendered":"Rugby &#8211; Pro D2. Des Damiers irr\u00e9sistibles face \u00e0 la \u00ab b\u00eate bless\u00e9e \u00bb is\u00e9roise : le VRDR&hellip;\n","protected":false},"author":2,"featured_media":594478,"comment_status":"","ping_status":"","sticky":false,"template":"","format":"standard","meta":{"footnotes":""},"categories":[1416],"tags":[2730,112,2735,2727,1701,1011,27,2731,2732,108,2308,1479,2736,479,1468,517,60,2733,2734,2728],"class_list":{"0":"post-594477","1":"post","2":"type-post","3":"status-publish","4":"format-standard","5":"has-post-thumbnail","7":"category-rugby","8":"tag-drome","9":"tag-edition-grenoble-agglomeration","10":"tag-edition-valence-rhone-crussol-vallee-de-la-drome","11":"tag-fcg-fc-grenoble-rugby","12":"tag-fil-info-sport","13":"tag-fr","14":"tag-france","15":"tag-grenoble","16":"tag-grenoble-bassin","17":"tag-isere","18":"tag-pro-d2","19":"tag-romans","20":"tag-romans-sur-isere","21":"tag-rugby","22":"tag-rugby-football","23":"tag-sport","24":"tag-sports","25":"tag-valence","26":"tag-valence-bassin","27":"tag-vrdr-valence-romans-drome-rugby"},"share_on_mastodon":{"url":"https:\/\/pubeurope.com\/@fr\/115705451892168689","error":""},"_links":{"self":[{"href":"https:\/\/www.europesays.com\/fr\/wp-json\/wp\/v2\/posts\/594477","targetHints":{"allow":["GET"]}}],"collection":[{"href":"https:\/\/www.europesays.com\/fr\/wp-json\/wp\/v2\/posts"}],"about":[{"href":"https:\/\/www.europesays.com\/fr\/wp-json\/wp\/v2\/types\/post"}],"author":[{"embeddable":true,"href":"https:\/\/www.europesays.com\/fr\/wp-json\/wp\/v2\/users\/2"}],"replies":[{"embeddable":true,"href":"https:\/\/www.europesays.com\/fr\/wp-json\/wp\/v2\/comments?post=594477"}],"version-history":[{"count":0,"href":"https:\/\/www.europesays.com\/fr\/wp-json\/wp\/v2\/posts\/594477\/revisions"}],"wp:featuredmedia":[{"embeddable":true,"href":"https:\/\/www.europesays.com\/fr\/wp-json\/wp\/v2\/media\/594478"}],"wp:attachment":[{"href":"https:\/\/www.europesays.com\/fr\/wp-json\/wp\/v2\/media?parent=594477"}],"wp:term":[{"taxonomy":"category","embeddable":true,"href":"https:\/\/www.europesays.com\/fr\/wp-json\/wp\/v2\/categories?post=594477"},{"taxonomy":"post_tag","embeddable":true,"href":"https:\/\/www.europesays.com\/fr\/wp-json\/wp\/v2\/tags?post=594477"}],"curies":[{"name":"wp","href":"https:\/\/api.w.org\/{rel}","templated":true}]}}