{"id":594479,"date":"2025-12-12T07:37:13","date_gmt":"2025-12-12T07:37:13","guid":{"rendered":"https:\/\/www.europesays.com\/fr\/594479\/"},"modified":"2025-12-12T07:37:13","modified_gmt":"2025-12-12T07:37:13","slug":"une-premiere-ceremonie-douverture-historique-avec-roger-federer-a-lopen-daustralie","status":"publish","type":"post","link":"https:\/\/www.europesays.com\/fr\/594479\/","title":{"rendered":"une premi\u00e8re c\u00e9r\u00e9monie d\u2019ouverture historique avec Roger Federer \u00e0 l\u2019Open d\u2019Australie"},"content":{"rendered":"<p>\n    L\u2019Open d\u2019Australie d\u00e9butera pour la premi\u00e8re fois avec une c\u00e9r\u00e9monie d\u2019ouverture. Roger Federer y participera avec d\u2019autres l\u00e9gendes du tennis.<\/p>\n<p class=\"fig-paragraph\">\u00c0 l\u2019instar des Jeux olympiques, l&rsquo;Open d&rsquo;Australie de tennis va instaurer une c\u00e9r\u00e9monie d&rsquo;ouverture, \u00e0 laquelle\u00a0<a href=\"http:\/\/www.lefigaro.fr\/sports\/tennis\/tennis-roger-federer-a-l-honneur-20251119\" target=\"_blank\" data-fig-type=\"NewsFlash\" rel=\"noopener\" data-gtm-custom-categorie=\"navigation\" data-gtm-custom-action=\"crossclick\" data-gtm-custom-label=\"Contextuel\" data-gtm-event=\"customEventSPE\" data-fig-domain=\"LEFIGARO\">seront convi\u00e9es des l\u00e9gendes comme Roger Federer<\/a>, qui inaugurera cette nouvelle tradition le 17 janvier, \u00e0 la veille du d\u00e9but du tournoi, ont annonc\u00e9 jeudi les organisateurs.<\/p>\n<p class=\"fig-paragraph\">\u00abLan\u00e7ant le premier Grand Chelem de l&rsquo;ann\u00e9e, cet \u00e9v\u00e9nement sp\u00e9cial sera l&rsquo;occasion de rendre hommage aux grands champions qui ont fa\u00e7onn\u00e9 le tennis, aux fans passionn\u00e9s qu&rsquo;ils ont inspir\u00e9s et \u00e0 l&rsquo;incroyable h\u00e9ritage qu&rsquo;ils continuent de construire\u00bb, explique l&rsquo;organisation de l&rsquo;Open d&rsquo;Australie dans un communiqu\u00e9.<\/p>\n<p>                                            <a class=\"fig-a11y-skip\" href=\"#fig-a11y-skip-main-inarticle\" data-module=\"a11y-skip\" data-context=\"was @visible\"><br \/>\n    Passer la publicit\u00e9<br \/>\n<\/a>            <\/p>\n<p>                                            Plusieurs l\u00e9gendes invit\u00e9es<\/p>\n<p class=\"fig-paragraph\">Roger Federer, six fois couronn\u00e9 \u00e0 Melbourne, sera l&rsquo;invit\u00e9 vedette de la premi\u00e8re \u00e9dition de cette c\u00e9r\u00e9monie d&rsquo;ouverture, avant les matches du tableau principal (18 janvier-1er f\u00e9vrier).<\/p>\n<p class=\"fig-paragraph\">Le Suisse, \u00e2g\u00e9 de 44 ans, sera entour\u00e9 d&rsquo;autres gloires du tennis tels qu&rsquo;Andre Agassi, quadruple vainqueur du tournoi, et des Australiens Pat Rafter et Lleyton Hewitt, pour disputer un match entre anciens num\u00e9ros un mondiaux.<\/p>\n<p class=\"fig-paragraph\">\u00abCela me semble une \u00e9ternit\u00e9 depuis que j&rsquo;ai invent\u00e9 l&rsquo;expression +Happy Slam+ (Grand Chelem du bonheur) pour l&rsquo;Open d&rsquo;Australie, et cela me fait toujours sourire quand je repense \u00e0 tous les moments que j&rsquo;ai v\u00e9cus ici\u00bb, a d\u00e9clar\u00e9 Roger Federer, cit\u00e9 dans le communiqu\u00e9.<\/p>\n<p class=\"fig-paragraph\">\u00abJ&rsquo;ai v\u00e9cu tellement d&rsquo;\u00e9motions \u00e0 la Rod Laver Arena&#8230; la joie de soulever le troph\u00e9e six fois, l&rsquo;honneur de jouer devant Rod Laver lui-m\u00eame, le d\u00e9fi de rivaliser avec mes plus grands adversaires, et toujours l&rsquo;amour et le soutien inconditionnels des fans australiens\u00bb, a encore dit le vainqueur de 20 tournois du Grand Chelem.<\/p>\n","protected":false},"excerpt":{"rendered":"L\u2019Open d\u2019Australie d\u00e9butera pour la premi\u00e8re fois avec une c\u00e9r\u00e9monie d\u2019ouverture. Roger Federer y participera avec d\u2019autres l\u00e9gendes&hellip;\n","protected":false},"author":2,"featured_media":594480,"comment_status":"","ping_status":"","sticky":false,"template":"","format":"standard","meta":{"footnotes":""},"categories":[1415],"tags":[1011,27,4175,21428,60,1467],"class_list":{"0":"post-594479","1":"post","2":"type-post","3":"status-publish","4":"format-standard","5":"has-post-thumbnail","7":"category-tennis","8":"tag-fr","9":"tag-france","10":"tag-open-daustralie","11":"tag-roger-federer","12":"tag-sports","13":"tag-tennis"},"share_on_mastodon":{"url":"https:\/\/pubeurope.com\/@fr\/115705455754246700","error":""},"_links":{"self":[{"href":"https:\/\/www.europesays.com\/fr\/wp-json\/wp\/v2\/posts\/594479","targetHints":{"allow":["GET"]}}],"collection":[{"href":"https:\/\/www.europesays.com\/fr\/wp-json\/wp\/v2\/posts"}],"about":[{"href":"https:\/\/www.europesays.com\/fr\/wp-json\/wp\/v2\/types\/post"}],"author":[{"embeddable":true,"href":"https:\/\/www.europesays.com\/fr\/wp-json\/wp\/v2\/users\/2"}],"replies":[{"embeddable":true,"href":"https:\/\/www.europesays.com\/fr\/wp-json\/wp\/v2\/comments?post=594479"}],"version-history":[{"count":0,"href":"https:\/\/www.europesays.com\/fr\/wp-json\/wp\/v2\/posts\/594479\/revisions"}],"wp:featuredmedia":[{"embeddable":true,"href":"https:\/\/www.europesays.com\/fr\/wp-json\/wp\/v2\/media\/594480"}],"wp:attachment":[{"href":"https:\/\/www.europesays.com\/fr\/wp-json\/wp\/v2\/media?parent=594479"}],"wp:term":[{"taxonomy":"category","embeddable":true,"href":"https:\/\/www.europesays.com\/fr\/wp-json\/wp\/v2\/categories?post=594479"},{"taxonomy":"post_tag","embeddable":true,"href":"https:\/\/www.europesays.com\/fr\/wp-json\/wp\/v2\/tags?post=594479"}],"curies":[{"name":"wp","href":"https:\/\/api.w.org\/{rel}","templated":true}]}}