{"id":594481,"date":"2025-12-12T07:41:17","date_gmt":"2025-12-12T07:41:17","guid":{"rendered":"https:\/\/www.europesays.com\/fr\/594481\/"},"modified":"2025-12-12T07:41:17","modified_gmt":"2025-12-12T07:41:17","slug":"elite-fondations-cycling-team-les-effectifs-2026-actualite","status":"publish","type":"post","link":"https:\/\/www.europesays.com\/fr\/594481\/","title":{"rendered":"Elite Fondations Cycling Team : Les effectifs 2026 &#8211; Actualit\u00e9"},"content":{"rendered":"<p style=\"text-align: justify;\">Elite Fondations Cycling Team va \u00e9crire un nouveau chapitre de son histoire en 2026, en devenant une structure Continentale. Cependant, la formation suisse conserve aussi sa partie club. Ainsi, ils seront dix \u00e0 faire partie de la Conti, et onze \u00e0 faire partie du club. Parmi les recrues, Guillaume Bagou et Victor Jean seront les deux Fran\u00e7ais de l&rsquo;\u00e9quipe. Arnaud Tendon s&rsquo;est lui engag\u00e9 avec Van Rysel-Roubaix.<\/p>\n<p style=\"text-align: justify;\"><strong>L&rsquo;effectif 2026 de la Conti Elite Fondations Cycling Team :<\/strong><br \/>Nils Aebersold, 22 ans (Lidl-Trek Future Racing)<br \/>Guillaume Bagou, 21 ans (Charvieu-Chavagneux IC)<br \/>Elia Blum, 24 ans<br \/>Noah B\u00f6gli, 29 ans<br \/>Valentin Darbellay, 28 ans<br \/>Alfred George, 24 ans (SCO Dijon-Team Mat\u00e9riel-velo.com)<br \/>Victor Jean, 22 ans (CC Etupes)<br \/>Loris Rouiller, 25 ans<br \/>Jan Sommer, 25 ans (MyVelo Pro Cycling)<br \/>Arnaud Tissi\u00e8res, 29 ans (Solution Tech-Vini Fantini)<\/p>\n<p><strong>L&rsquo;effectif 2026 du club Elite Fondations Cycling Team :<\/strong><br \/>Alexandre Binggeli, 20 ans<br \/>Jim Breitler, 19 ans<br \/>Matteo Constant, 22 ans<br \/>Nolan Donz\u00e9, 19 ans<br \/>Arthur Guillet, 20 ans<br \/>Baptiste Maitre, 19 ans<br \/>Matteo Oppizzi, 22 ans<br \/>Justin Salamin, 20 ans<br \/>Lo\u00efc Schertenleib, 18 ans (VC Echallens)<br \/>Melvin Schmid, 22 ans<br \/>Simon Wirz, 20 ans<\/p>\n<p>Les d\u00e9parts : Arnaud Tendon (Van Rysel-Roubaix), Antoine Debons (arr\u00eat), Antoine Aebi, Alexis Cohen, Guillaume Haldimann, Vincent Roth.<\/p>\n","protected":false},"excerpt":{"rendered":"Elite Fondations Cycling Team va \u00e9crire un nouveau chapitre de son histoire en 2026, en devenant une structure&hellip;\n","protected":false},"author":2,"featured_media":594482,"comment_status":"","ping_status":"","sticky":false,"template":"","format":"standard","meta":{"footnotes":""},"categories":[1411],"tags":[834,828,836,829,837,827,83,826,824,823,1154,207,814,817,815,816,822,821,832,211,839,1011,27,820,818,819,835,831,830,833,838,60,212,208,825],"class_list":{"0":"post-594481","1":"post","2":"type-post","3":"status-publish","4":"format-standard","5":"has-post-thumbnail","7":"category-cyclisme","8":"tag-attaque","9":"tag-belgique","10":"tag-braquet","11":"tag-bretagne","12":"tag-chute","13":"tag-competition","14":"tag-coupe-de-france","15":"tag-coureur","16":"tag-course-cyclisme","17":"tag-course-cycliste","18":"tag-cycling","19":"tag-cyclisme","20":"tag-direct","21":"tag-direct-velo","22":"tag-directvelo","23":"tag-directvelo-com","24":"tag-epreuve","25":"tag-epreuve-cycliste","26":"tag-federation-francaise-de-cyclisme","27":"tag-ffc","28":"tag-flandres","29":"tag-fr","30":"tag-france","31":"tag-live","32":"tag-live-course","33":"tag-live-epreuve","34":"tag-peloton","35":"tag-radio-peloton","36":"tag-radio-tour","37":"tag-ravitaillement","38":"tag-relance","39":"tag-sports","40":"tag-uci","41":"tag-velo","42":"tag-velos"},"share_on_mastodon":{"url":"https:\/\/pubeurope.com\/@fr\/115705471677505495","error":""},"_links":{"self":[{"href":"https:\/\/www.europesays.com\/fr\/wp-json\/wp\/v2\/posts\/594481","targetHints":{"allow":["GET"]}}],"collection":[{"href":"https:\/\/www.europesays.com\/fr\/wp-json\/wp\/v2\/posts"}],"about":[{"href":"https:\/\/www.europesays.com\/fr\/wp-json\/wp\/v2\/types\/post"}],"author":[{"embeddable":true,"href":"https:\/\/www.europesays.com\/fr\/wp-json\/wp\/v2\/users\/2"}],"replies":[{"embeddable":true,"href":"https:\/\/www.europesays.com\/fr\/wp-json\/wp\/v2\/comments?post=594481"}],"version-history":[{"count":0,"href":"https:\/\/www.europesays.com\/fr\/wp-json\/wp\/v2\/posts\/594481\/revisions"}],"wp:featuredmedia":[{"embeddable":true,"href":"https:\/\/www.europesays.com\/fr\/wp-json\/wp\/v2\/media\/594482"}],"wp:attachment":[{"href":"https:\/\/www.europesays.com\/fr\/wp-json\/wp\/v2\/media?parent=594481"}],"wp:term":[{"taxonomy":"category","embeddable":true,"href":"https:\/\/www.europesays.com\/fr\/wp-json\/wp\/v2\/categories?post=594481"},{"taxonomy":"post_tag","embeddable":true,"href":"https:\/\/www.europesays.com\/fr\/wp-json\/wp\/v2\/tags?post=594481"}],"curies":[{"name":"wp","href":"https:\/\/api.w.org\/{rel}","templated":true}]}}