{"id":594499,"date":"2025-12-12T07:51:14","date_gmt":"2025-12-12T07:51:14","guid":{"rendered":"https:\/\/www.europesays.com\/fr\/594499\/"},"modified":"2025-12-12T07:51:14","modified_gmt":"2025-12-12T07:51:14","slug":"pourquoi-lio-et-dautres-stars-se-plaignent-elles-de-leur-retraite","status":"publish","type":"post","link":"https:\/\/www.europesays.com\/fr\/594499\/","title":{"rendered":"Pourquoi Lio et d\u2019autres stars se plaignent-elles de leur retraite\u00a0?"},"content":{"rendered":"<p>Consternation pour <a href=\"https:\/\/www.20minutes.fr\/high-tech\/by-the-web\/4149067-20250417-sorciere-reine-luttes-comment-reseaux-sociaux-fait-lio-nouvelle-icone-feministe\" class=\"c-link c-link--is-underlined\" target=\"_blank\" rel=\"noopener\">Lio<\/a>, 63 ans. La chanteuse et actrice embl\u00e9matique des ann\u00e9es\u00a01980 a r\u00e9v\u00e9l\u00e9 qu\u2019apr\u00e8s plus de quarante ans de carri\u00e8re, sa retraite s\u2019\u00e9levait \u00e0 \u00ab\u00a0980 euros\u00a0\u00bb. Un montant qualifi\u00e9 de \u00ab\u00a0dramatique\u00a0\u00bb par l\u2019artiste sur le plateau de <a href=\"https:\/\/www.youtube.com\/watch?v=rx5rwSvLWnw\" target=\"_blank\" class=\"c-link c-link--is-underlined\" rel=\"noopener\">Mesdames<\/a>, esp\u00e9rant qu\u2019il y avait une erreur dans ses relev\u00e9s.<\/p>\n<p>La critique des faibles pensions de retraite est partag\u00e9e par plusieurs c\u00e9l\u00e9brit\u00e9s fran\u00e7aises ces derni\u00e8res ann\u00e9es. Aupr\u00e8s de l\u2019animateur Jordan De Luxe, l\u2019actrice et \u00e9crivaine Anny Duperey d\u00e9plorait, en\u00a02022, les <a href=\"https:\/\/www.facebook.com\/jordan2luxe\/videos\/annie-duperey-et-sa-retraite-de-600-euro-\/723646802547583\/\" target=\"_blank\" class=\"c-link c-link--is-underlined\" rel=\"noopener\">600 euros<\/a> par mois re\u00e7us du r\u00e9gime g\u00e9n\u00e9ral, ajoutant cependant b\u00e9n\u00e9ficier d\u2019une \u00ab\u00a0petite retraite compl\u00e9mentaire\u00a0\u00bb. Le chanteur Fr\u00e9d\u00e9ric Fran\u00e7ois regrettait, en\u00a02023, ses \u00ab\u00a0660 euros\u00a0\u00bb, calcul\u00e9s \u00e0 partir des \u00ab\u00a04.000 euros tous les trois mois\u00a0\u00bb vers\u00e9s par la Sacem, la soci\u00e9t\u00e9 g\u00e9rant les droits d\u2019auteur. Quant \u00e0 l\u2019ex- \u00ab\u00a0Monsieur M\u00e9t\u00e9o\u00a0\u00bb et animateur de t\u00e9l\u00e9vision Laurent Cabrol, il d\u00e9clarait recevoir 1.200 euros mensuels de pension. Des sommes loin du montant moyen de la pension de retraite en France, qui s\u2019\u00e9l\u00e8ve \u00e0 <a href=\"https:\/\/drees.solidarites-sante.gouv.fr\/publications-communique-de-presse-documents-de-reference\/250731_PANORAMAS-retraites\" target=\"_blank\" class=\"c-link c-link--is-underlined\" rel=\"noopener\">1.666 euros bruts par moi en\u00a02023<\/a>, selon l\u2019\u00e9dition 2025 du Panorama annuel \u00ab\u00a0Les retrait\u00e9s et les retraites\u00a0\u00bb publi\u00e9 par la direction de la recherche, des \u00e9tudes, de l\u2019\u00e9valuation et des statistiques (Drees). Sommes aussi loin de la retraite de <a href=\"https:\/\/www.20minutes.fr\/arts-stars\/television\/4111717-20240924-face-hanouna-jean-marie-bigard-regrette-toucher-6-000-euros-mois-retraite\" class=\"c-link c-link--is-underlined\" target=\"_blank\" rel=\"noopener\">\u00ab\u00a06.000 euros\u00a0\u00bb de Jean-Marie Bigard<\/a> qui estimait dans \u00ab\u00a0Face \u00e0 Hanouna\u00a0\u00bb que les imp\u00f4ts l\u2019ont \u00ab\u00a0press\u00e9 comme un citron \u00bb. \u00ab\u00a0Quand tu payes tout comme un honn\u00eate citoyen que je suis, en fait il ne te reste rien.\u00a0\u00bb<\/p>\n<p>Un r\u00e9gime de base et des revenus compl\u00e9mentaires<\/p>\n<p>En France, tous les artistes, m\u00eame les plus c\u00e9l\u00e8bres, sont soumis aux r\u00e9gimes de <a href=\"https:\/\/www.urssaf.fr\/accueil\/artiste-auteur-diffuseur.html\" target=\"_blank\" class=\"c-link c-link--is-underlined\" rel=\"noopener\">retraite de droit commun<\/a>, et le montant de leur pension d\u00e9pend de leurs cotisations, et non de leur notori\u00e9t\u00e9. Et les faibles montants d\u00e9voil\u00e9s par ces artistes de premier plan peuvent s\u2019expliquer par une carri\u00e8re hach\u00e9e, des revenus d\u00e9clar\u00e9s faibles durant leur carri\u00e8re, ou parce qu\u2019ils ont travaill\u00e9 comme ind\u00e9pendants. Jimmy Schuman, repr\u00e9sentant du Syndicat Fran\u00e7ais des Artistes-interpr\u00e8tes, expliquait en\u00a0<a href=\"https:\/\/www.purepeople.com\/article\/anny-duperey-vit-avec-une-retrait-de-600-euros-a-77-ans-mais-elle-habite-dans-deux-superbes-maisons_a524603\/1\" target=\"_blank\" class=\"c-link c-link--is-underlined\" rel=\"noopener\">2024 \u00e0 Purepeople<\/a> qu\u2019un acteur est \u00ab\u00a0souvent pay\u00e9 au cachet \u00e0 la journ\u00e9e\u00a0\u00bb, parfois \u00ab\u00a0plusieurs milliers d\u2019euros\u00a0\u00bb par jour de tournage, mais que \u00ab\u00a0le plafond journalier que va prendre la S\u00e9curit\u00e9 sociale va \u00eatre \u00e0 peine sup\u00e9rieur \u00e0 200 euros. C\u2019est sur ce plafond que va se baser la retraite\u00a0\u00bb, qui, in fine, sera si basse.<\/p>\n<\/p>\n<p>Cependant, les c\u00e9l\u00e9brit\u00e9s mentionn\u00e9es ci-dessus ont omis, pour la plupart, de pr\u00e9ciser qu\u2019elles b\u00e9n\u00e9ficient de retraites compl\u00e9mentaires, et, surtout, de revenus annexes. Ces sources de revenus compl\u00e9mentaires peuvent inclure des <a href=\"https:\/\/www.20minutes.fr\/arts-stars\/culture\/2335371-20180912-droits-auteur-explique-directive-va-forcer-gafam-passer-caisse\" class=\"c-link c-link--is-underlined\" target=\"_blank\" rel=\"noopener\">droits d\u2019auteur<\/a>, des royalties musicales, des rediffusions t\u00e9l\u00e9, des <a href=\"https:\/\/www.20minutes.fr\/economie\/4120633-20241206-comment-organiser-transmission-patrimoine\" class=\"c-link c-link--is-underlined\" target=\"_blank\" rel=\"noopener\">revenus du patrimoine<\/a> ou de l\u2019immobilier, ou encore des activit\u00e9s professionnelles, comme des spectacles, des conf\u00e9rences ou des collaborations. Autant de flux qui assurent une stabilit\u00e9 financi\u00e8re et un train de vie, plus que la retraite elle-m\u00eame.<\/p>\n<p><a href=\"https:\/\/20minutes.fr\/arts-stars\/people\/4190759-20251210-lio-choquee-montant-retraite-alors-commence-travailler-17-ans\" class=\"c-link c-btn c-btn--primary\" target=\"_blank\" rel=\"noopener\">Le dossier Retraites<\/a><\/p>\n<p>En prenant l\u2019exemple d\u2019Anny Duperey, sa retraite g\u00e9n\u00e9rale ne tient pas compte des cachets souvent \u00e9lev\u00e9s per\u00e7us pendant sa carri\u00e8re, comme celui que l\u2019actrice a re\u00e7u pour participer \u00e0 \u00ab\u00a0Mask Singer\u00a0\u00bb en\u00a02023. Une \u00e9mission de TF1 pour laquelle les candidats \u00e9taient pay\u00e9s \u00ab\u00a0<a href=\"https:\/\/www.telestar.fr\/actu-tv\/mask-singer-les-cachets-astronomiques-touches-par-les-participants-devoiles-748480\" target=\"_blank\" class=\"c-link c-link--is-underlined\" rel=\"noopener\">entre 30.000 et 50.000 euros<\/a>\u00a0\u00bb, en\u00a02022, selon Benjamin Castaldi. Mais ce syst\u00e8me hybride reste pr\u00e9caire, car ces professionnels du spectacle doivent continuer \u00e0 travailler au-del\u00e0 de l\u2019\u00e2ge l\u00e9gal. La c\u00e9l\u00e8bre actrice et com\u00e9dienne ne vit cependant pas dans le d\u00e9nuement. Comme l\u2019ont rapport\u00e9 plusieurs m\u00e9dias, dont <a href=\"https:\/\/www.lamontagne.fr\/gueret-23000\/loisirs\/confinee-a-paris-la-comedienne-anny-duperey-reve-de-revenir-dans-sa-maison-en-creuse_13771210\/\" target=\"_blank\" class=\"c-link c-link--is-underlined\" rel=\"noopener\">La Montagne<\/a>, Anny Duperey alterne son quotidien entre une maison avec jardin dans le centre de Paris, et une autre dans la Creuse.<\/p>\n","protected":false},"excerpt":{"rendered":"Consternation pour Lio, 63 ans. La chanteuse et actrice embl\u00e9matique des ann\u00e9es\u00a01980 a r\u00e9v\u00e9l\u00e9 qu\u2019apr\u00e8s plus de quarante&hellip;\n","protected":false},"author":2,"featured_media":594500,"comment_status":"","ping_status":"","sticky":false,"template":"","format":"standard","meta":{"footnotes":""},"categories":[8],"tags":[47,2593,58,33,59,1011,27,5633,137],"class_list":{"0":"post-594499","1":"post","2":"type-post","3":"status-publish","4":"format-standard","5":"has-post-thumbnail","7":"category-divertissement","8":"tag-actualite","9":"tag-artiste","10":"tag-divertissement","11":"tag-economie","12":"tag-entertainment","13":"tag-fr","14":"tag-france","15":"tag-lio","16":"tag-retraite"},"share_on_mastodon":{"url":"https:\/\/pubeurope.com\/@fr\/115705510897775005","error":""},"_links":{"self":[{"href":"https:\/\/www.europesays.com\/fr\/wp-json\/wp\/v2\/posts\/594499","targetHints":{"allow":["GET"]}}],"collection":[{"href":"https:\/\/www.europesays.com\/fr\/wp-json\/wp\/v2\/posts"}],"about":[{"href":"https:\/\/www.europesays.com\/fr\/wp-json\/wp\/v2\/types\/post"}],"author":[{"embeddable":true,"href":"https:\/\/www.europesays.com\/fr\/wp-json\/wp\/v2\/users\/2"}],"replies":[{"embeddable":true,"href":"https:\/\/www.europesays.com\/fr\/wp-json\/wp\/v2\/comments?post=594499"}],"version-history":[{"count":0,"href":"https:\/\/www.europesays.com\/fr\/wp-json\/wp\/v2\/posts\/594499\/revisions"}],"wp:featuredmedia":[{"embeddable":true,"href":"https:\/\/www.europesays.com\/fr\/wp-json\/wp\/v2\/media\/594500"}],"wp:attachment":[{"href":"https:\/\/www.europesays.com\/fr\/wp-json\/wp\/v2\/media?parent=594499"}],"wp:term":[{"taxonomy":"category","embeddable":true,"href":"https:\/\/www.europesays.com\/fr\/wp-json\/wp\/v2\/categories?post=594499"},{"taxonomy":"post_tag","embeddable":true,"href":"https:\/\/www.europesays.com\/fr\/wp-json\/wp\/v2\/tags?post=594499"}],"curies":[{"name":"wp","href":"https:\/\/api.w.org\/{rel}","templated":true}]}}