{"id":594505,"date":"2025-12-12T07:54:22","date_gmt":"2025-12-12T07:54:22","guid":{"rendered":"https:\/\/www.europesays.com\/fr\/594505\/"},"modified":"2025-12-12T07:54:22","modified_gmt":"2025-12-12T07:54:22","slug":"un-seisme-de-magnitude-67-au-nord-du-japon-quelques-jours-apres-un-premier-tremblement-de-terre","status":"publish","type":"post","link":"https:\/\/www.europesays.com\/fr\/594505\/","title":{"rendered":"Un s\u00e9isme de magnitude 6,7 au nord du Japon, quelques jours apr\u00e8s un premier tremblement de terre"},"content":{"rendered":"<p>Un s\u00e9isme de magnitude 6,7 a eu lieu ce vendredi 12 d\u00e9cembre au nord du Japon, quelques jours apr\u00e8s une premi\u00e8re secousse dans la m\u00eame zone qui avait fait au moins 50 bless\u00e9s. Une alerte tsunami a \u00e9t\u00e9 \u00e9mise puis lev\u00e9e.<\/p>\n<p>Un s\u00e9isme de magnitude 6,7 s&rsquo;est produit ce vendredi 12 d\u00e9cembre au large du nord du Japon, a annonc\u00e9 l&rsquo;<a href=\"https:\/\/www.jma.go.jp\/bosai\/map.html#4\/33.909\/141.192\/&amp;elem=warn&amp;contents=tsunami\" target=\"_blank\" class=\"external_link\" rel=\"noopener\">agence m\u00e9t\u00e9orologique nippone (JMA)<\/a>, quelques jours apr\u00e8s une secousse de niveau 7,5 dans la m\u00eame zone, qui avait fait au moins 50 bless\u00e9s. La JMA, qui a r\u00e9vis\u00e9 son estimation initiale de magnitude 6,5, a \u00e9galement \u00e9mis une alerte au tsunami avant de la lever pr\u00e8s de deux heures plus tard.<\/p>\n<p>L&rsquo;agence a indiqu\u00e9 que deux vagues de 20 centim\u00e8tres avaient \u00e9t\u00e9 enregistr\u00e9es jusqu&rsquo;\u00e0 pr\u00e9sent, l&rsquo;une dans la ville d&rsquo;Erimo, sur l&rsquo;\u00eele septentrionale de Hokkaido \u00e0 12h35 heure locale (03h35 GMT), et l&rsquo;autre trois minutes plus tard dans le d\u00e9partement d&rsquo;Aomori.<\/p>\n<p>La <a href=\"https:\/\/x.com\/NHKWORLD_News\/status\/1999324043460378932\" target=\"_blank\" class=\"external_link\">cha\u00eene de t\u00e9l\u00e9vision publique NHK<\/a> a pr\u00e9cis\u00e9 qu&rsquo;aucun changement notable du niveau de l&rsquo;eau n&rsquo;avait \u00e9t\u00e9 observ\u00e9 dans les deux ports.<\/p>\n<p>Un s\u00e9isme de magnitude 7,5 ce lundi<\/p>\n<p>L&rsquo;Institut d&rsquo;\u00e9tudes g\u00e9ologiques am\u00e9ricain USGS a indiqu\u00e9 que la secousse, qu&rsquo;il a \u00e9galement estim\u00e9e \u00e0 une magnitude de 6,7, s&rsquo;est produite \u00e0 130 kilom\u00e8tres au large de Kuji, dans le d\u00e9partement d&rsquo;Iwate, sur l&rsquo;\u00eele principale de Honshu.<\/p>\n<p>La NHK a pr\u00e9cis\u00e9 que l&rsquo;intensit\u00e9 des secousses \u00e9tait inf\u00e9rieure \u00e0 celle du <a href=\"https:\/\/www.bfmtv.com\/international\/asie\/japon\/au-moins-30-blesses-apres-le-fort-seisme-de-magnitude-7-5-qui-a-frappe-le-japon_AD-202512090180.html\" title=\"Au moins 30 bless\u00e9s apr\u00e8s le fort s\u00e9isme de magnitude 7,5 qui a frapp\u00e9 le Japon\" class=\"internal_link\" target=\"_blank\" rel=\"noopener\">tremblement de terre de lundi soir<\/a>, qui avait fait tomber des objets des \u00e9tag\u00e8res, endommag\u00e9 des routes, bris\u00e9 des vitres et d\u00e9clench\u00e9 des vagues de tsunami atteignant 70 centim\u00e8tres.<\/p>\n<p>L&rsquo;Autorit\u00e9 de r\u00e9gulation nucl\u00e9aire a indiqu\u00e9 qu&rsquo;aucune anomalie n&rsquo;avait \u00e9t\u00e9 d\u00e9tect\u00e9e dans les installations nucl\u00e9aires de la r\u00e9gion. Apr\u00e8s la secousse de lundi, la JMA avait adress\u00e9 une rare mise en garde contre un \u00e9ventuel nouveau tremblement de terre pour les sept jours suivants, d&rsquo;une magnitude sup\u00e9rieure ou \u00e9gale.<\/p>\n<p>L&rsquo;alerte concerne la zone de Sanriku &#8211; la pointe nord-est de la grande \u00eele de Honshu &#8211; ainsi que l&rsquo;\u00eele septentrionale de Hokkaido.<\/p>\n<p>Une r\u00e9gion encore traumatis\u00e9e par le s\u00e9isme de 2011<\/p>\n<p>La r\u00e9gion est toujours traumatis\u00e9e par le <a href=\"https:\/\/www.bfmtv.com\/international\/plus-de-300-morts-et-des-centaines-de-disparus-au-japon_AN-201103110017.html\" title=\"Plus de 300 morts et des centaines de disparus au Japon\" class=\"internal_link\" target=\"_blank\" rel=\"noopener\">s\u00e9isme de magnitude 9,0<\/a> de mars 2011, qui avait d\u00e9clench\u00e9 un tsunami, \u00e0 l&rsquo;origine de quelque 18.500 morts ou disparus. En ao\u00fbt 2024, la JMA avait \u00e9mis son tout premier avertissement sp\u00e9cial, cette fois-l\u00e0 pour la partie sud de la c\u00f4te pacifique du Japon, face \u00e0 l&rsquo;\u00e9ventualit\u00e9 d&rsquo;une secousse de forte ampleur le long de la fosse de Nankai, au large du pays.<\/p>\n<p>Cette fosse sous-marine de 800 kilom\u00e8tres est la zone o\u00f9 la plaque oc\u00e9anique de la mer des Philippines \u00ab\u00a0s&rsquo;enfonce\u00a0\u00bb lentement sous la plaque continentale sur laquelle repose le Japon.<\/p>\n<p>Le gouvernement estime qu&rsquo;un puissant s\u00e9isme dans la fosse de Nankai, suivi d&rsquo;un tsunami, pourrait tuer jusqu&rsquo;\u00e0 298.000 personnes et causer jusqu&rsquo;\u00e0 2.000 milliards de dollars de d\u00e9g\u00e2ts.<\/p>\n<p>L&rsquo;avis de l&rsquo;an dernier avait \u00e9t\u00e9 lev\u00e9 une semaine plus tard, mais il avait provoqu\u00e9 des achats massifs de produits de base comme du riz et pouss\u00e9 des vacanciers \u00e0 annuler leurs r\u00e9servations.<\/p>\n<p>Le Japon se trouve \u00e0 la jonction de quatre grandes plaques tectoniques, sur la bordure occidentale de la \u00ab\u00a0ceinture de feu\u00a0\u00bb du Pacifique, et figure parmi les pays les plus actifs sismiquement au monde. L&rsquo;archipel, qui compte environ 125 millions d&rsquo;habitants, subit quelque 1.500 secousses chaque ann\u00e9e. La grande majorit\u00e9 sont l\u00e9g\u00e8res, bien que les d\u00e9g\u00e2ts varient selon leur localisation et leur profondeur sous la surface terrestre.<\/p>\n","protected":false},"excerpt":{"rendered":"Un s\u00e9isme de magnitude 6,7 a eu lieu ce vendredi 12 d\u00e9cembre au nord du Japon, quelques jours&hellip;\n","protected":false},"author":2,"featured_media":594506,"comment_status":"","ping_status":"","sticky":false,"template":"","format":"standard","meta":{"footnotes":""},"categories":[5],"tags":[11,1011,27,14,12,28],"class_list":{"0":"post-594505","1":"post","2":"type-post","3":"status-publish","4":"format-standard","5":"has-post-thumbnail","7":"category-international","8":"tag-actualites","9":"tag-fr","10":"tag-france","11":"tag-international","12":"tag-news","13":"tag-world"},"share_on_mastodon":{"url":"https:\/\/pubeurope.com\/@fr\/115705522800475163","error":""},"_links":{"self":[{"href":"https:\/\/www.europesays.com\/fr\/wp-json\/wp\/v2\/posts\/594505","targetHints":{"allow":["GET"]}}],"collection":[{"href":"https:\/\/www.europesays.com\/fr\/wp-json\/wp\/v2\/posts"}],"about":[{"href":"https:\/\/www.europesays.com\/fr\/wp-json\/wp\/v2\/types\/post"}],"author":[{"embeddable":true,"href":"https:\/\/www.europesays.com\/fr\/wp-json\/wp\/v2\/users\/2"}],"replies":[{"embeddable":true,"href":"https:\/\/www.europesays.com\/fr\/wp-json\/wp\/v2\/comments?post=594505"}],"version-history":[{"count":0,"href":"https:\/\/www.europesays.com\/fr\/wp-json\/wp\/v2\/posts\/594505\/revisions"}],"wp:featuredmedia":[{"embeddable":true,"href":"https:\/\/www.europesays.com\/fr\/wp-json\/wp\/v2\/media\/594506"}],"wp:attachment":[{"href":"https:\/\/www.europesays.com\/fr\/wp-json\/wp\/v2\/media?parent=594505"}],"wp:term":[{"taxonomy":"category","embeddable":true,"href":"https:\/\/www.europesays.com\/fr\/wp-json\/wp\/v2\/categories?post=594505"},{"taxonomy":"post_tag","embeddable":true,"href":"https:\/\/www.europesays.com\/fr\/wp-json\/wp\/v2\/tags?post=594505"}],"curies":[{"name":"wp","href":"https:\/\/api.w.org\/{rel}","templated":true}]}}