{"id":594510,"date":"2025-12-12T07:57:18","date_gmt":"2025-12-12T07:57:18","guid":{"rendered":"https:\/\/www.europesays.com\/fr\/594510\/"},"modified":"2025-12-12T07:57:18","modified_gmt":"2025-12-12T07:57:18","slug":"pres-de-saint-etienne-des-bouteilles-de-gaz-en-feu-200-personnes-evacuees","status":"publish","type":"post","link":"https:\/\/www.europesays.com\/fr\/594510\/","title":{"rendered":"Pr\u00e8s de Saint-\u00c9tienne : des bouteilles de gaz en feu, 200 personnes \u00e9vacu\u00e9es"},"content":{"rendered":"<p>Une trentaine de pompiers sont intervenus, ce jeudi 11 d\u00e9cembre, pour deux bouteilles d&rsquo;ac\u00e9tyl\u00e8ne en feu dans un local technique d&rsquo;une entreprise, \u00e0 Roche-la-Moli\u00e8re.<\/p>\n<p>D&rsquo;importants moyens d\u00e9ploy\u00e9s pr\u00e8s du centre-ville de <b>Roche-la-Moli\u00e8re<\/b>.<\/p>\n<p>Les secours sont intervenus, ce jeudi 11 d\u00e9cembre, pour un incendie dans une entreprise. <b>Deux bouteilles d&rsquo;ac\u00e9tyl\u00e8ne<\/b> ont pris feu, aux alentours de 10h, dans le local technique de la soci\u00e9t\u00e9.<\/p>\n<p>Un p\u00e9rim\u00e8tre de s\u00e9curit\u00e9 mis en place<\/p>\n<p>Au total, <b>200 personnels de l&rsquo;entreprise<\/b> ont \u00e9t\u00e9 \u00e9vacu\u00e9s avant l&rsquo;arriv\u00e9e des secours. Un p\u00e9rim\u00e8tre de s\u00e9curit\u00e9 a \u00e9galement \u00e9t\u00e9 mis en place, impliquant cinq pavillons dans le secteur.\u00a0<\/p>\n<p>Une trentaine de pompiers ont \u00e9t\u00e9 mobilis\u00e9s pour proc\u00e9der au refroidissement des bouteilles concern\u00e9es et \u00e0 la protection du b\u00e2timent de 13.000m\u00b2.<\/p>\n<p><b>Deux salari\u00e9s ont \u00e9t\u00e9 pris en charge<\/b> par les secours, leur \u00e9tat ne n\u00e9cessitant pas de transport \u00e0 l&rsquo;h\u00f4pital.<\/p>\n<p><img loading=\"lazy\" decoding=\"async\" src=\"https:\/\/www.europesays.com\/fr\/wp-content\/uploads\/2025\/12\/1765526238_96_img\" width=\"350\" height=\"200\" border=\"0\" title=\"Jean-Pierre Berger, le nouveau maire de Saint-\u00c3\u0089tienne\"\/><\/p>\n<p>\u25baPolitique<\/p>\n<p style=\"font-size: 22px;\"><b>Succession de Ga\u00ebl Perdriau : on sait qui est le nouveau maire de Saint-\u00c9tienne<\/b><\/p>\n<p>Ce jeudi 11 d\u00e9cembre, le nouveau maire de Saint-\u00c9tienne&#8230;<\/p>\n<p><\/p>\n","protected":false},"excerpt":{"rendered":"Une trentaine de pompiers sont intervenus, ce jeudi 11 d\u00e9cembre, pour deux bouteilles d&rsquo;ac\u00e9tyl\u00e8ne en feu dans un&hellip;\n","protected":false},"author":2,"featured_media":594511,"comment_status":"","ping_status":"","sticky":false,"template":"","format":"standard","meta":{"footnotes":""},"categories":[9653],"tags":[11129,1111,11,2430,1777,674,1011,27,843,1310,12,1311,25,34498,4001],"class_list":{"0":"post-594510","1":"post","2":"type-post","3":"status-publish","4":"format-standard","5":"has-post-thumbnail","7":"category-saint-etienne","8":"tag-vacuation","9":"tag-actu","10":"tag-actualites","11":"tag-auvergne-rhone-alpes","12":"tag-eu","13":"tag-europe","14":"tag-fr","15":"tag-france","16":"tag-gaz","17":"tag-incendie","18":"tag-news","19":"tag-pompiers","20":"tag-republique-francaise","21":"tag-roche-la-molire","22":"tag-saint-etienne"},"share_on_mastodon":{"url":"https:\/\/pubeurope.com\/@fr\/115705535411548529","error":""},"_links":{"self":[{"href":"https:\/\/www.europesays.com\/fr\/wp-json\/wp\/v2\/posts\/594510","targetHints":{"allow":["GET"]}}],"collection":[{"href":"https:\/\/www.europesays.com\/fr\/wp-json\/wp\/v2\/posts"}],"about":[{"href":"https:\/\/www.europesays.com\/fr\/wp-json\/wp\/v2\/types\/post"}],"author":[{"embeddable":true,"href":"https:\/\/www.europesays.com\/fr\/wp-json\/wp\/v2\/users\/2"}],"replies":[{"embeddable":true,"href":"https:\/\/www.europesays.com\/fr\/wp-json\/wp\/v2\/comments?post=594510"}],"version-history":[{"count":0,"href":"https:\/\/www.europesays.com\/fr\/wp-json\/wp\/v2\/posts\/594510\/revisions"}],"wp:featuredmedia":[{"embeddable":true,"href":"https:\/\/www.europesays.com\/fr\/wp-json\/wp\/v2\/media\/594511"}],"wp:attachment":[{"href":"https:\/\/www.europesays.com\/fr\/wp-json\/wp\/v2\/media?parent=594510"}],"wp:term":[{"taxonomy":"category","embeddable":true,"href":"https:\/\/www.europesays.com\/fr\/wp-json\/wp\/v2\/categories?post=594510"},{"taxonomy":"post_tag","embeddable":true,"href":"https:\/\/www.europesays.com\/fr\/wp-json\/wp\/v2\/tags?post=594510"}],"curies":[{"name":"wp","href":"https:\/\/api.w.org\/{rel}","templated":true}]}}