{"id":594522,"date":"2025-12-12T08:06:17","date_gmt":"2025-12-12T08:06:17","guid":{"rendered":"https:\/\/www.europesays.com\/fr\/594522\/"},"modified":"2025-12-12T08:06:17","modified_gmt":"2025-12-12T08:06:17","slug":"elle-reproche-a-son-ex-de-lui-avoir-pris-son-rsa-pour-acheter-un-fourgon-et-y-met-le-feu-cetait-le-seul-moyen-de-lui-monter-que-jetais-en-colere","status":"publish","type":"post","link":"https:\/\/www.europesays.com\/fr\/594522\/","title":{"rendered":"Elle reproche \u00e0 son ex de lui avoir pris son RSA pour acheter un fourgon et y met le feu\u00a0: \u00ab\u00a0C\u2019\u00e9tait le seul moyen de lui monter que j\u2019\u00e9tais en col\u00e8re\u00a0\u00bb"},"content":{"rendered":"<p>\n                                                                En septembre dernier, une femme de 47 ans avait \u00e9t\u00e9 interpell\u00e9e apr\u00e8s l\u2019incendie volontaire d\u2019un Renault Trafic dans une garrigue proche de Montpellier. Alcool, toxicomanie et grande pr\u00e9carit\u00e9 se m\u00ealent dans cette affaire, jug\u00e9e mercredi 10\u00a0d\u00e9cembre au tribunal correctionnel.\n                            <\/p>\n<p>Elle a reconnu avoir mis le feu au Renault Trafic que son ex\u00a0venait d\u2019acheter. Pr\u00e8s d\u2019un squat occup\u00e9 par plusieurs personnes, et en pleine garrigue, avec toutes les cons\u00e9quences dramatiques que cela aurait pu avoir. \u00ab\u00a0C\u2019\u00e9tait le seul moyen pour lui montrer que j\u2019\u00e9tais en col\u00e8re. C\u2019est s\u00fbr que je regrette\u00a0\u00bb, confie\u00a0dans le box du tribunal correctionnel de Montpellier, cette femme de 47 ans, en grande pr\u00e9carit\u00e9 et toxicomane depuis de nombreuses ann\u00e9es.<\/p>\n<p>\u00ab\u00a0Il l\u2019avait achet\u00e9 avec mon argent\u00a0\u00bb<\/p>\n<p>Selon elle, son ancien compagnon avait d\u00e9tourn\u00e9\u00a0son RSA (revenu de solidarit\u00e9 active) pour se payer son v\u00e9hicule. \u00ab\u00a0Il l\u2019avait achet\u00e9 avec l\u2019argent qu\u2019il m\u2019avait pris\u00a0\u00bb, d\u00e9nonce-t-elle \u00e0 nouveau \u00e0 l\u2019audience, ce mercredi 10\u00a0d\u00e9cembre, alors qu\u2019elle est en d\u00e9tention provisoire depuis les faits.<\/p>\n<p>Le 12\u00a0septembre dernier, dans un coin de campagne de Saint-Jean-de-V\u00e9das, les gendarmes la voient passer pr\u00e8s d\u2019eux, alors qu\u2019ils\u00a0contr\u00f4lent\u00a0un v\u00e9hicule. Elle se dirige vers\u00a0un lieu squatt\u00e9, puis revient. Un instant apr\u00e8s, des jeunes signalent qu\u2019un fourgon est en train de br\u00fbler pr\u00e8s de l\u2019habitation de fortune. Ses occupants, interrog\u00e9s par les militaires, donnent le nom de l\u2019auteure pr\u00e9sum\u00e9e de l\u2019auteure pr\u00e9sum\u00e9e des faits, qui selon eux, aurait mis le feu \u00ab\u00a0comme chaque fois qu\u2019elle a un probl\u00e8me \u00e0 r\u00e9gler\u00a0\u00bb.<\/p>\n<p>Un tissu enflamm\u00e9 jet\u00e9 sur le si\u00e8ge<\/p>\n<p>Interpell\u00e9e, la quadrag\u00e9naire\u00a0est en possession d\u2019une boisson alcoolis\u00e9e et positive \u00e0 l\u2019\u00e9thylotest. Lors de son audition par les gendarmes, elle avoue avoir jet\u00e9 un tissu enflamm\u00e9 sur un si\u00e8ge du\u00a0fourgon.\u00a0Elle explique aussi avoir tent\u00e9 de r\u00e9gler le probl\u00e8me avec l\u2019int\u00e9ress\u00e9 mais avoir \u00e9t\u00e9 violent\u00e9e. \u00ab\u00a0Il m\u2019a vol\u00e9 mon portable et m\u2019a frapp\u00e9e\u00a0\u00bb. Il est aussi question de jalousie, depuis que son ex avait une nouvelle compagne.<\/p>\n<p>Drame de la d\u00e9tresse sociale. L\u2019expert psychiatre a diagnostiqu\u00e9 une \u00ab\u00a0toxicomanie s\u00e9v\u00e8re\u00a0\u00bb, un \u00ab\u00a0grave trouble de l\u2019humeur\u00a0\u00bb, une \u00ab\u00a0personnalit\u00e9 explosive\u00a0\u00bb. La pr\u00e9venue, neuf mentions au casier judiciaire pour violences aggrav\u00e9es et vol par effraction, est m\u00e8re de deux enfants de 17 et 14 ans, plac\u00e9s chez leur p\u00e8re.<\/p>\n<p>\u00ab\u00a0Victime\u00a0de chantage sexuel\u00a0\u00bb<\/p>\n<p>Son avocate, Me Laurie Peytavin, voit dans cet incendie \u00ab\u00a0un geste d\u00e9sesp\u00e9r\u00e9\u00a0qu\u2019elle regrette am\u00e8rement\u00a0\u00bb. Elle rappelle que sa cliente a fait l\u2019objet de \u00ab\u00a0chantage aux actes sexuels de la part de son ex.\u00a0La victime de cet incendie avait fait de madame sa propre victime\u00a0\u00bb.<\/p>\n<p>Le tribunal l\u2019a condamn\u00e9e \u00e0 seize mois de prison dont dix avec sursis probatoire, obligation de soins en addictologue et psychiatrie, et obligation de travailler.<\/p>\n","protected":false},"excerpt":{"rendered":"En septembre dernier, une femme de 47 ans avait \u00e9t\u00e9 interpell\u00e9e apr\u00e8s l\u2019incendie volontaire d\u2019un Renault Trafic dans&hellip;\n","protected":false},"author":2,"featured_media":594523,"comment_status":"","ping_status":"","sticky":false,"template":"","format":"standard","meta":{"footnotes":""},"categories":[9599],"tags":[1111,11,1777,674,1011,27,7089,303,2208,12,2680,25],"class_list":{"0":"post-594522","1":"post","2":"type-post","3":"status-publish","4":"format-standard","5":"has-post-thumbnail","7":"category-montpellier","8":"tag-actu","9":"tag-actualites","10":"tag-eu","11":"tag-europe","12":"tag-fr","13":"tag-france","14":"tag-herault","15":"tag-justice","16":"tag-montpellier","17":"tag-news","18":"tag-occitanie","19":"tag-republique-francaise"},"share_on_mastodon":{"url":"https:\/\/pubeurope.com\/@fr\/115705569946286449","error":""},"_links":{"self":[{"href":"https:\/\/www.europesays.com\/fr\/wp-json\/wp\/v2\/posts\/594522","targetHints":{"allow":["GET"]}}],"collection":[{"href":"https:\/\/www.europesays.com\/fr\/wp-json\/wp\/v2\/posts"}],"about":[{"href":"https:\/\/www.europesays.com\/fr\/wp-json\/wp\/v2\/types\/post"}],"author":[{"embeddable":true,"href":"https:\/\/www.europesays.com\/fr\/wp-json\/wp\/v2\/users\/2"}],"replies":[{"embeddable":true,"href":"https:\/\/www.europesays.com\/fr\/wp-json\/wp\/v2\/comments?post=594522"}],"version-history":[{"count":0,"href":"https:\/\/www.europesays.com\/fr\/wp-json\/wp\/v2\/posts\/594522\/revisions"}],"wp:featuredmedia":[{"embeddable":true,"href":"https:\/\/www.europesays.com\/fr\/wp-json\/wp\/v2\/media\/594523"}],"wp:attachment":[{"href":"https:\/\/www.europesays.com\/fr\/wp-json\/wp\/v2\/media?parent=594522"}],"wp:term":[{"taxonomy":"category","embeddable":true,"href":"https:\/\/www.europesays.com\/fr\/wp-json\/wp\/v2\/categories?post=594522"},{"taxonomy":"post_tag","embeddable":true,"href":"https:\/\/www.europesays.com\/fr\/wp-json\/wp\/v2\/tags?post=594522"}],"curies":[{"name":"wp","href":"https:\/\/api.w.org\/{rel}","templated":true}]}}