{"id":594524,"date":"2025-12-12T08:07:13","date_gmt":"2025-12-12T08:07:13","guid":{"rendered":"https:\/\/www.europesays.com\/fr\/594524\/"},"modified":"2025-12-12T08:07:13","modified_gmt":"2025-12-12T08:07:13","slug":"diffusion-psg-montpellier-heure-et-chaine-du-match-des-feminines","status":"publish","type":"post","link":"https:\/\/www.europesays.com\/fr\/594524\/","title":{"rendered":"Diffusion PSG\/Montpellier &#8211; Heure et cha\u00eene du match des F\u00e9minines"},"content":{"rendered":"<p><b>Le Paris Saint-Germain (<strong>2e)<\/strong>\u00a0jouera ce <strong>vendredi <\/strong>\u00e0 <strong>21h face \u00e0 Montpellier (10e)<\/strong>. Ce sera <strong>lors de la 10e journ\u00e9e de Premi\u00e8re Ligue Ark\u00e9ma 2025-2026<\/strong> au Campus PSG. Retrouvez ci-dessous les informations \u00e0 propos de la diffusion de ce PSG\/Montpellier.<\/b><\/p>\n<p>Le PSG vient d\u2019\u00eatre \u00e9limin\u00e9 en phase de ligue de la Ligue des Champions, avant la derni\u00e8re journ\u00e9e, suite au match nul mardi contre l\u2019OH Louvain. Il faut r\u00e9ussir \u00e0 relever la t\u00eate et trouver des ressources afin de continuer un parcours plus r\u00e9jouissant en championnat.<\/p>\n<p>Montpellier ne fait pas le d\u00e9placement pour faire un cadeau, il y a une bataille pour le maintien (il n\u2019y a que 12 \u00e9quipes) \u00e0 mener. Les Parisiennes devront \u00eatre bien concentr\u00e9es afin de ne pas vivre une seconde d\u00e9ception cette saison. On esp\u00e8re que le staff trouvera la bonne formule afin de relancer une bonne dynamique.<\/p>\n<p>Quelle cha\u00eene pour voir PSG\/Montpellier ?<\/p>\n<p><strong>Ce PSG\/Montpellier <\/strong><strong>sera diffus\u00e9\u00a0sur Canal+Foot en int\u00e9gralit\u00e9 ce vendredi 12 d\u00e9cembre \u00e0 21h<\/strong>, heure fran\u00e7aise.<\/p>\n<p>Pour voir le match de fa\u00e7on officielle et l\u00e9gale, il faudra donc \u00eatre abonn\u00e9 au m\u00e9dia, avec bien s\u00fbr d\u2019autres contenus auxquels acc\u00e9der. Il y a plusieurs options possibles. Rechercher \u00ab\u00a0Canal+ abonnement\u00a0\u00bb afin de retrouver les offres.<\/p>\n<p>\t\t\t\t\t\t\t\t\t\t\t\t\t\t\t\t\t\t\t\t\t\t\t<img decoding=\"async\" src=\"https:\/\/www.europesays.com\/fr\/wp-content\/uploads\/2025\/04\/ParisFans_Logo.png\"\/><\/p>\n","protected":false},"excerpt":{"rendered":"Le Paris Saint-Germain (2e)\u00a0jouera ce vendredi \u00e0 21h face \u00e0 Montpellier (10e). Ce sera lors de la 10e&hellip;\n","protected":false},"author":2,"featured_media":594525,"comment_status":"","ping_status":"","sticky":false,"template":"","format":"standard","meta":{"footnotes":""},"categories":[9599],"tags":[1111,11,17011,1777,674,1011,27,2208,12,2680,70730,25,96],"class_list":{"0":"post-594524","1":"post","2":"type-post","3":"status-publish","4":"format-standard","5":"has-post-thumbnail","7":"category-montpellier","8":"tag-actu","9":"tag-actualites","10":"tag-diffusion","11":"tag-eu","12":"tag-europe","13":"tag-fr","14":"tag-france","15":"tag-montpellier","16":"tag-news","17":"tag-occitanie","18":"tag-psg-montpellier","19":"tag-republique-francaise","20":"tag-une"},"share_on_mastodon":{"url":"https:\/\/pubeurope.com\/@fr\/115705574641013111","error":""},"_links":{"self":[{"href":"https:\/\/www.europesays.com\/fr\/wp-json\/wp\/v2\/posts\/594524","targetHints":{"allow":["GET"]}}],"collection":[{"href":"https:\/\/www.europesays.com\/fr\/wp-json\/wp\/v2\/posts"}],"about":[{"href":"https:\/\/www.europesays.com\/fr\/wp-json\/wp\/v2\/types\/post"}],"author":[{"embeddable":true,"href":"https:\/\/www.europesays.com\/fr\/wp-json\/wp\/v2\/users\/2"}],"replies":[{"embeddable":true,"href":"https:\/\/www.europesays.com\/fr\/wp-json\/wp\/v2\/comments?post=594524"}],"version-history":[{"count":0,"href":"https:\/\/www.europesays.com\/fr\/wp-json\/wp\/v2\/posts\/594524\/revisions"}],"wp:featuredmedia":[{"embeddable":true,"href":"https:\/\/www.europesays.com\/fr\/wp-json\/wp\/v2\/media\/594525"}],"wp:attachment":[{"href":"https:\/\/www.europesays.com\/fr\/wp-json\/wp\/v2\/media?parent=594524"}],"wp:term":[{"taxonomy":"category","embeddable":true,"href":"https:\/\/www.europesays.com\/fr\/wp-json\/wp\/v2\/categories?post=594524"},{"taxonomy":"post_tag","embeddable":true,"href":"https:\/\/www.europesays.com\/fr\/wp-json\/wp\/v2\/tags?post=594524"}],"curies":[{"name":"wp","href":"https:\/\/api.w.org\/{rel}","templated":true}]}}