{"id":594528,"date":"2025-12-12T08:09:16","date_gmt":"2025-12-12T08:09:16","guid":{"rendered":"https:\/\/www.europesays.com\/fr\/594528\/"},"modified":"2025-12-12T08:09:16","modified_gmt":"2025-12-12T08:09:16","slug":"vintage-bijoux-artisanat-pour-les-fetes-a-rouen-huit-creatrices-ouvrent-une-boutique-ephemere","status":"publish","type":"post","link":"https:\/\/www.europesays.com\/fr\/594528\/","title":{"rendered":"Vintage, bijoux, artisanat&#8230; Pour les f\u00eates \u00e0 Rouen, huit cr\u00e9atrices ouvrent une boutique \u00e9ph\u00e9m\u00e8re"},"content":{"rendered":"<p>                    Par<br \/>\n        <strong><br \/>\n            <a href=\"https:\/\/actu.fr\/auteur\/yann-rivallan\" title=\"Consulter tous les articles de Yann Rivallan\" target=\"_blank\" rel=\"noopener\">Yann Rivallan<\/a><br \/>\n                    <\/strong><\/p>\n<p>        Publi\u00e9 le<\/p>\n<p>            12 d\u00e9c. 2025 \u00e0 8h18        <\/p>\n<p>Elles sont <strong>huit cr\u00e9atrices et entrepreneuses<\/strong> \u00e0 y exposer leurs cr\u00e9ations et trouvailles. Le 5\u00a0d\u00e9cembre 2025, une boutique \u00e9ph\u00e9m\u00e8re baptis\u00e9e \u00ab\u2009Maison Huit\u2009\u00bb a ouvert ses portes dans la rue Malpalu \u00e0 <a href=\"https:\/\/actu.fr\/normandie\/rouen_76540\" target=\"_blank\" rel=\"noopener\">Rouen<\/a>. V\u00eatements et accessoires vintages, upcycling, artisanat ou encore bijoux\u2026 L\u2019\u00e9choppe propose une belle vari\u00e9t\u00e9 de produits. Un lieu id\u00e9al pour <strong>des id\u00e9es cadeaux<\/strong> \u00e0 l\u2019approche des f\u00eates de fin d\u2019ann\u00e9e.<\/p>\n<p>Huit marques locales \u00e0 d\u00e9couvrir<\/p>\n<p class=\" wall-content\">Comme son nom l\u2019indique, ce sont <strong>huit marques<\/strong> que l\u2019on retrouve dans la boutique. Toutes fond\u00e9es par des cr\u00e9atrices et entrepreneuses locales, pour la plupart rouennaises.<\/p>\n<p><a class=\"jo-module-caroussel__img-container\" href=\"https:\/\/static.actu.fr\/uploads\/2025\/12\/maison-huit-boutique-ephemere-interieur.jpg\" title=\"Agrandir la photo V\u00eatements et accessoires vintages, artisanat, upcycling, bijoux ou objets de d\u00e9coration. Maison Huit propose de nombreux produits. (\u00a9 YR\/76actu)\" data-idx=\"1\" target=\"_blank\" rel=\"noopener\"><br \/>\n    <img decoding=\"async\" class=\"jo-module-caroussel__img\" loading=\"lazy\" src=\"https:\/\/www.europesays.com\/fr\/wp-content\/uploads\/2025\/12\/maison-huit-boutique-ephemere-interieur-640x427.jpg\" alt=\"V\u00eatements et accessoires vintages, artisanat, upcycling, bijoux ou objets de d\u00e9coration. Maison Huit propose de nombreux produits. (\u00a9 YR\/76actu)\" width=\"640\" height=\"427\"\/><\/a><a class=\"jo-module-caroussel__img-container\" href=\"https:\/\/static.actu.fr\/uploads\/2025\/12\/maison-huit-boutique-ephemere-rouen-devanture.jpg\" title=\"Agrandir la photo Ancienne tapisserie, cette boutique de la rue Malpalu restera ouverte au moins jusqu\u2019\u00e0 la fin du mois de f\u00e9vrier. (\u00a9 YR\/76actu)\" data-idx=\"2\" target=\"_blank\" rel=\"noopener\"><br \/>\n    <img decoding=\"async\" class=\"jo-module-caroussel__img\" loading=\"lazy\" src=\"https:\/\/www.europesays.com\/fr\/wp-content\/uploads\/2025\/12\/maison-huit-boutique-ephemere-rouen-devanture-640x427.jpg\" alt=\"Ancienne tapisserie, cette boutique de la rue Malpalu restera ouverte au moins jusqu\u2019\u00e0 la fin du mois de f\u00e9vrier. (\u00a9 YR\/76actu)\" width=\"640\" height=\"427\"\/><\/a><\/p>\n<p class=\" wall-content\">L\u2019occasion pour elles de <strong>mettre en avant leur travail<\/strong> dans une boutique physique. Pour de jeunes cr\u00e9atrices comme Ma\u00eblle et Suzon, qui se sont lanc\u00e9es dans l\u2019aventure de l\u2019entrepreneuriat il y a tr\u00e8s peu de temps, \u00ab\u2009c\u2019est une belle opportunit\u00e9\u2009\u00bb, indiquent-elles.<\/p>\n<p class=\" wall-content\"><strong>La liste des cr\u00e9atrices de Maison Huit\u2009:<\/strong><\/p>\n<ul class=\" wall-content\">\n<li><strong>Mon bijou vintage\u2009:<\/strong> des bijoux anciens et des pi\u00e8ces uniques en argent, et or du 9 aux 14 carats\u2009;<\/li>\n<li><strong>Orlando\u2009:<\/strong> v\u00eatements de seconde main haut de gamme avec des pi\u00e8ces uniques s\u00e9lectionn\u00e9es \u00e0 la main\u2009;<\/li>\n<li><strong>Maison Monroe\u2009:<\/strong> v\u00eatements et accessoires r\u00e9tros\u2009;<\/li>\n<li><strong>Duchesse\u2009:<\/strong> par la g\u00e9rante de Maison Monroe, Duchesse propose des bijoux anciens et accessoires de modes upcycl\u00e9s\u2009;<\/li>\n<li><strong>Polish\u2009:<\/strong> v\u00eatements mixtes avec des pi\u00e8ces uniques transform\u00e9es ou des cr\u00e9ations\u2009;<\/li>\n<li><strong>Milivanh Jantzen\u2009:<\/strong> objets de d\u00e9coration et arts de la table en c\u00e9ramique\u2009;<\/li>\n<li><strong>Louilouie\u2009:<\/strong> maroquinerie haut de gamme avec des cuirs upcycl\u00e9s\u2009;<\/li>\n<li><strong>Beijoia\u2009:<\/strong> bijoux faits main plaqu\u00e9s or et sertis de pierres naturelles\u2009;<\/li>\n<li><strong>Bombyx Latina\u2009:<\/strong> foulards en soie peints \u00e0 la main.<\/li>\n<\/ul>\n<p>Vid\u00e9os : en ce moment sur Actu<\/p>\n<p class=\" wall-content\">\u00c0 noter que la boutique va rester ouverte au-del\u00e0 du mois de d\u00e9cembre. Pour le moment, elle sera accessible jusqu\u2019\u00e0 la <strong>fin du mois de f\u00e9vrier\u00a02026<\/strong>.<\/p>\n<p><strong>Infos pratiques<\/strong><br \/>\nMaison Huit, 106 rue Malpalu \u00e0 Rouen. Ouverture du mardi au samedi de 11h \u00e0 13h et de 14h \u00e0 19h. Durant le mois de d\u00e9cembre, la boutique est ouverte tous les jours de la semaine, y compris le lundi et le dimanche. Instagram\u2009: <a href=\"https:\/\/www.instagram.com\/maisonhuit_rouen\/\" target=\"_blank\" rel=\"noopener\">maisonhuit_rouen<\/a>.<\/p>\n<p class=\" wall-content\">Personnalisez votre actualit\u00e9 en ajoutant vos villes et m\u00e9dias en favori avec <a href=\"https:\/\/moncompte.actu.fr\" title=\"D\u00e9couvez Mon Actu\" rel=\"nofollow noopener\" data-trk=\"{&quot;cta&quot;:{&quot;action&quot;:&quot;https:\\\/\\\/moncompte.actu.fr&quot;,&quot;category&quot;:&quot;mon compte&quot;,&quot;from&quot;:&quot;article footer&quot;,&quot;name&quot;:&quot;Mon actu&quot;,&quot;type&quot;:&quot;cta&quot;}}\" target=\"_blank\">Mon Actu<\/a>.<\/p>\n<p>                    <script async src=\"\/\/www.instagram.com\/embed.js\"><\/script><\/p>\n","protected":false},"excerpt":{"rendered":"Par Yann Rivallan Publi\u00e9 le 12 d\u00e9c. 2025 \u00e0 8h18 Elles sont huit cr\u00e9atrices et entrepreneuses \u00e0 y&hellip;\n","protected":false},"author":2,"featured_media":594529,"comment_status":"","ping_status":"","sticky":false,"template":"","format":"standard","meta":{"footnotes":""},"categories":[9587],"tags":[1111,11,1477,215,1777,674,1011,27,1652,12,5161,25,9590,2422],"class_list":{"0":"post-594528","1":"post","2":"type-post","3":"status-publish","4":"format-standard","5":"has-post-thumbnail","7":"category-rouen","8":"tag-actu","9":"tag-actualites","10":"tag-artisanat","11":"tag-commerce","12":"tag-eu","13":"tag-europe","14":"tag-fr","15":"tag-france","16":"tag-loisirs-culture","17":"tag-news","18":"tag-normandie","19":"tag-republique-francaise","20":"tag-rouen","21":"tag-textile"},"share_on_mastodon":{"url":"https:\/\/pubeurope.com\/@fr\/115705581801406119","error":""},"_links":{"self":[{"href":"https:\/\/www.europesays.com\/fr\/wp-json\/wp\/v2\/posts\/594528","targetHints":{"allow":["GET"]}}],"collection":[{"href":"https:\/\/www.europesays.com\/fr\/wp-json\/wp\/v2\/posts"}],"about":[{"href":"https:\/\/www.europesays.com\/fr\/wp-json\/wp\/v2\/types\/post"}],"author":[{"embeddable":true,"href":"https:\/\/www.europesays.com\/fr\/wp-json\/wp\/v2\/users\/2"}],"replies":[{"embeddable":true,"href":"https:\/\/www.europesays.com\/fr\/wp-json\/wp\/v2\/comments?post=594528"}],"version-history":[{"count":0,"href":"https:\/\/www.europesays.com\/fr\/wp-json\/wp\/v2\/posts\/594528\/revisions"}],"wp:featuredmedia":[{"embeddable":true,"href":"https:\/\/www.europesays.com\/fr\/wp-json\/wp\/v2\/media\/594529"}],"wp:attachment":[{"href":"https:\/\/www.europesays.com\/fr\/wp-json\/wp\/v2\/media?parent=594528"}],"wp:term":[{"taxonomy":"category","embeddable":true,"href":"https:\/\/www.europesays.com\/fr\/wp-json\/wp\/v2\/categories?post=594528"},{"taxonomy":"post_tag","embeddable":true,"href":"https:\/\/www.europesays.com\/fr\/wp-json\/wp\/v2\/tags?post=594528"}],"curies":[{"name":"wp","href":"https:\/\/api.w.org\/{rel}","templated":true}]}}