{"id":594536,"date":"2025-12-12T08:13:14","date_gmt":"2025-12-12T08:13:14","guid":{"rendered":"https:\/\/www.europesays.com\/fr\/594536\/"},"modified":"2025-12-12T08:13:14","modified_gmt":"2025-12-12T08:13:14","slug":"comment-va-se-regler-le-divorce-a-rennes-entre-le-lycee-agricole-saint-exupery-et-the-land","status":"publish","type":"post","link":"https:\/\/www.europesays.com\/fr\/594536\/","title":{"rendered":"Comment va se r\u00e9gler le divorce, \u00e0 Rennes, entre le lyc\u00e9e agricole Saint-Exup\u00e9ry et The Land\u00a0?"},"content":{"rendered":"<tr wp_automatic_readability=\"7.8562874251497\">\n<td valign=\"middle\" align=\"center\" class=\"col-logo\" wp_automatic_readability=\"5\">\n    <img decoding=\"async\" src=\"https:\/\/maville.com\/design\/images\/logo-of-monetise.svg?version=20130627\" alt=\"logo Ouest-France\" height=\"66\"\/><\/p>\n<p>Contenu r\u00e9serv\u00e9 aux abonn\u00e9s<\/p>\n<\/td>\n<td class=\"col-titre\">\n\t\t\tVendredi 12 d\u00e9cembre 2025 07:52<br \/>\n\t\t\t<a class=\"icon-bulle sizeL count\" href=\"#ancreAvis\"><br \/>\n\t&#8230;<br \/>\n<\/a><\/td>\n<\/tr>\n<p>\t\t<a class=\"mavillebox2 elmt-photo\" href=\"https:\/\/maville.com\/photosmvi\/2025\/12\/12\/P35635282D7106049G.jpg\" title=\" La scission entre le lyc\u00e9e agricole Saint-Exup\u00e9ry et les formations sup\u00e9rieures de The Land a \u00e9t\u00e9 prononc\u00e9e. Le lyc\u00e9e agricole compte bien reprendre de la vigueur.  \u00a9  Saint-Exup\u00e9ry  \" rel=\"galerie_actu noopener\" target=\"_blank\"><br \/>\n\t<img decoding=\"async\" src=\"https:\/\/www.europesays.com\/fr\/wp-content\/uploads\/2025\/12\/P35635282D7106049G_crop_640-330_.jpg\" alt=\"photo  la scission entre le lyc\u00e9e agricole saint-exup\u00e9ry et les formations sup\u00e9rieures de the land a \u00e9t\u00e9 prononc\u00e9e. le lyc\u00e9e agricole compte bien reprendre de la vigueur.  \u00a9  saint-exup\u00e9ry \"\/><br \/>\n\t3<br \/>\n<\/a><\/p>\n<p class=\"elmt-legende\"> La scission entre le lyc\u00e9e agricole Saint-Exup\u00e9ry et les formations sup\u00e9rieures de The Land a \u00e9t\u00e9 prononc\u00e9e. Le lyc\u00e9e agricole compte bien reprendre de la vigueur.  \u00a9  Saint-Exup\u00e9ry  <\/p>\n<p><a class=\"mavillebox2\" href=\"https:\/\/maville.com\/photosmvi\/2025\/12\/12\/P35635283D7106049G.jpg\" title=\"Dominique Crinquette, chef d\u2019\u00e9tablissement en retraite, a pour mission de remettre le lyc\u00e9e agricole en ordre de marche. \u00a9  Saint-Exup\u00e9ry \" rel=\"galerie_actu noopener\" target=\"_blank\"><a class=\"mavillebox2\" href=\"https:\/\/maville.com\/photosmvi\/2025\/12\/12\/P35635284D7106049G.jpg\" title=\"Jean-Marc Esnault, directeur de The Land school of management. \u00a9  Archives Ouest-France \" rel=\"galerie_actu noopener\" target=\"_blank\"><\/p>\n<p>\t\tLa scission du lyc\u00e9e agricole Saint-Exup\u00e9ry, \u00e0 Rennes, avec les formations d\u2019enseignement sup\u00e9rieur lucratif\u00a0de The Land a \u00e9t\u00e9 d\u00e9cid\u00e9e il y a un mois\u00a0sur fond de d\u00e9ficit et de malaise social. Le lyc\u00e9e agricole se remet en ordre de marche, dirig\u00e9 par un nouveau pilote, mais toujours en pr\u00e9sence du directeur d\u00e9cri\u00e9.<\/p>\n<p><b>Cet article est r\u00e9serv\u00e9 aux abonn\u00e9s<\/b><\/p>\n<p>Pour un acc\u00e8s imm\u00e9diat, abonnez-vous<\/p>\n<p><b>1\u00e8re semaine offerte<\/b><\/p>\n<p>\t\t Fabienne RICHARD. \u00a0\u00a0<br \/>\n\t\tOuest-France<\/p>\n<p>Retrouvez d&rsquo;autres actus sur les communes de :<\/p>\n<p>\t\t&#13;<\/p>\n","protected":false},"excerpt":{"rendered":"Contenu r\u00e9serv\u00e9 aux abonn\u00e9s Vendredi 12 d\u00e9cembre 2025 07:52 &#8230; 3 La scission entre le lyc\u00e9e agricole Saint-Exup\u00e9ry&hellip;\n","protected":false},"author":2,"featured_media":594537,"comment_status":"","ping_status":"","sticky":false,"template":"","format":"standard","meta":{"footnotes":""},"categories":[2821],"tags":[1111,11,15092,829,7681,1777,674,1011,27,19540,2633,12,3086,38762,584,25,7056,3989],"class_list":{"0":"post-594536","1":"post","2":"type-post","3":"status-publish","4":"format-standard","5":"has-post-thumbnail","7":"category-rennes","8":"tag-actu","9":"tag-actualites","10":"tag-agricole","11":"tag-bretagne","12":"tag-divorce","13":"tag-eu","14":"tag-europe","15":"tag-fr","16":"tag-france","17":"tag-land","18":"tag-lycee","19":"tag-news","20":"tag-redon","21":"tag-regler","22":"tag-rennes","23":"tag-republique-francaise","24":"tag-saint-exupery","25":"tag-the"},"share_on_mastodon":{"url":"https:\/\/pubeurope.com\/@fr\/115705598598437324","error":""},"_links":{"self":[{"href":"https:\/\/www.europesays.com\/fr\/wp-json\/wp\/v2\/posts\/594536","targetHints":{"allow":["GET"]}}],"collection":[{"href":"https:\/\/www.europesays.com\/fr\/wp-json\/wp\/v2\/posts"}],"about":[{"href":"https:\/\/www.europesays.com\/fr\/wp-json\/wp\/v2\/types\/post"}],"author":[{"embeddable":true,"href":"https:\/\/www.europesays.com\/fr\/wp-json\/wp\/v2\/users\/2"}],"replies":[{"embeddable":true,"href":"https:\/\/www.europesays.com\/fr\/wp-json\/wp\/v2\/comments?post=594536"}],"version-history":[{"count":0,"href":"https:\/\/www.europesays.com\/fr\/wp-json\/wp\/v2\/posts\/594536\/revisions"}],"wp:featuredmedia":[{"embeddable":true,"href":"https:\/\/www.europesays.com\/fr\/wp-json\/wp\/v2\/media\/594537"}],"wp:attachment":[{"href":"https:\/\/www.europesays.com\/fr\/wp-json\/wp\/v2\/media?parent=594536"}],"wp:term":[{"taxonomy":"category","embeddable":true,"href":"https:\/\/www.europesays.com\/fr\/wp-json\/wp\/v2\/categories?post=594536"},{"taxonomy":"post_tag","embeddable":true,"href":"https:\/\/www.europesays.com\/fr\/wp-json\/wp\/v2\/tags?post=594536"}],"curies":[{"name":"wp","href":"https:\/\/api.w.org\/{rel}","templated":true}]}}