{"id":594538,"date":"2025-12-12T08:14:13","date_gmt":"2025-12-12T08:14:13","guid":{"rendered":"https:\/\/www.europesays.com\/fr\/594538\/"},"modified":"2025-12-12T08:14:13","modified_gmt":"2025-12-12T08:14:13","slug":"bischheim-le-festival-des-lumieres-mise-sur-la-culture-pour-promouvoir-la-paix","status":"publish","type":"post","link":"https:\/\/www.europesays.com\/fr\/594538\/","title":{"rendered":"Bischheim. Le Festival des lumi\u00e8res mise sur la culture pour promouvoir la paix"},"content":{"rendered":"<p>La Ville de Bischheim et l\u2019association PasSages se sont engag\u00e9es depuis 2016 \u00e0 promouvoir la paix. Cette ann\u00e9e, le Festival des lumi\u00e8res s\u2019ancre davantage dans les rendez-vous en ayant lieu le jour du march\u00e9 de No\u00ebl.<\/p>\n<p>L\u2019\u00e9dition 2025 a une r\u00e9sonance particuli\u00e8re\u00a0: trois jours plac\u00e9s sous le signe de la paix, du respect et du vivre-ensemble. \u00ab\u00a0Cette \u00e9dition du Festival des lumi\u00e8res marque une nouvelle \u00e9tape\u00a0: faire de la culture, de l\u2019art et de la rencontre un espace o\u00f9 la paix se vit, se cr\u00e9e et se c\u00e9l\u00e8bre. Un festival qui \u00e9claire\u00a0\u00bb, pr\u00e9cisent les organisateurs. Du vendredi\u00a012 au dimanche 14\u00a0d\u00e9cembre, la ville brillera au rythme d\u2019une programmation artistique et citoyenne imagin\u00e9e pour rappeler que \u00ab\u00a0la lumi\u00e8re n\u2019est pas qu\u2019un d\u00e9cor\u00a0: c\u2019est un symbole, un message, un engagement\u00a0\u00bb.<\/p>\n<p>  Au programme<\/p>\n<p><strong>Vendredi 12<\/strong> \u00a0 <strong>d\u00e9cembre \u00e0 18<\/strong> \u00a0 <strong>h<\/strong> \u00a0: Veill\u00e9e de contes avec Tina Asseng au CSF L\u00e9o Lagrange, 4 rue Victor-Hugo \u00e0 Schiltigheim.<\/p>\n<p><strong>Samedi 13<\/strong> \u00a0 <strong>d\u00e9cembre<\/strong> \u00a0: Sapin de No\u00ebl des enfants \u00e0 10\u00a0h au Sapin vert. <a href=\"https:\/\/www.dna.fr\/culture-loisirs\/2025\/12\/09\/le-marche-de-noel-tiendra-sa-seconde-edition-ce-samedi\" target=\"_blank\" rel=\"noopener\">March\u00e9 des Vitrines de Bischheim<\/a> avec les trompettes de l\u2019\u00e9cole municipale de musique et de danse (EMMD) de Bischheim, \u00e0 11\u00a0h sur le parvis de l\u2019h\u00f4tel de ville. \u201cParlons-en\u00a0!\u201d sur le th\u00e8me de la paix, avec la pr\u00e9sence de <a href=\"https:\/\/www.lalsace.fr\/actualite\/2015\/09\/21\/lilia-bensedrine-mediatrice-en-fraternite\" target=\"_blank\" rel=\"noopener\">Lilia Bensedrine-Thabet<\/a> \u00e0 14\u00a0h au Sapin vert, 4 avenue de P\u00e9rigueux. Concert \u201cDes histoires nordiques\u201d de l\u2019ensemble des cordes juniors de l\u2019EMMD \u00e0 17\u00a0h \u00e0 la Cour des Waldteufel, 6 rue Nationale.<\/p>\n<p>\u00c0 noter, le concert Ishtar Connection avec Fawzy Al-Aiedy \u00e0 20\u00a0h \u00e0 la salle du Cercle, se jouera sur r\u00e9servation (*). Le chanteur et oudiste Fawzy Al-Aiedy rend hommage \u00e0 la chanson arabe du Moyen-Orient et du Maghreb, en m\u00ealant rythmes traditionnels, sons acoustiques et pulsations \u00e9lectroniques.<\/p>\n<p><strong>Dimanche 14<\/strong> \u00a0 <strong>d\u00e9cembre<\/strong><strong>\u00e0 15<\/strong> \u00a0 <strong>h<\/strong> \u00a0: Concert de la paix avec le ch\u0153ur de la M\u00e9diterran\u00e9e, dirig\u00e9 par Kinan Alzouhir et la chorale du coll\u00e8ge Lamartine, sous la direction de Ga\u00ebllia Gandon. Il aura lieu \u00e0 la salle du Cercle, 28b rue de l\u2019\u00c9glise.<\/p>\n<p class=\"note\">* R\u00e9servation\u00a0: passages.bischheim@gmail.com<\/p>\n","protected":false},"excerpt":{"rendered":"La Ville de Bischheim et l\u2019association PasSages se sont engag\u00e9es depuis 2016 \u00e0 promouvoir la paix. Cette ann\u00e9e,&hellip;\n","protected":false},"author":2,"featured_media":594539,"comment_status":"","ping_status":"","sticky":false,"template":"","format":"standard","meta":{"footnotes":""},"categories":[2820],"tags":[1111,11,13205,1687,2880,1777,674,107,1011,27,775,873,12,25,3140,640,3265],"class_list":{"0":"post-594538","1":"post","2":"type-post","3":"status-publish","4":"format-standard","5":"has-post-thumbnail","7":"category-strasbourg","8":"tag-actu","9":"tag-actualites","10":"tag-bischheim","11":"tag-culture-loisirs","12":"tag-edition-strasbourg","13":"tag-eu","14":"tag-europe","15":"tag-fil-info","16":"tag-fr","17":"tag-france","18":"tag-grand-est","19":"tag-musique","20":"tag-news","21":"tag-republique-francaise","22":"tag-spectacle","23":"tag-strasbourg","24":"tag-strasbourg-nord"},"share_on_mastodon":{"url":"https:\/\/pubeurope.com\/@fr\/115705602367919432","error":""},"_links":{"self":[{"href":"https:\/\/www.europesays.com\/fr\/wp-json\/wp\/v2\/posts\/594538","targetHints":{"allow":["GET"]}}],"collection":[{"href":"https:\/\/www.europesays.com\/fr\/wp-json\/wp\/v2\/posts"}],"about":[{"href":"https:\/\/www.europesays.com\/fr\/wp-json\/wp\/v2\/types\/post"}],"author":[{"embeddable":true,"href":"https:\/\/www.europesays.com\/fr\/wp-json\/wp\/v2\/users\/2"}],"replies":[{"embeddable":true,"href":"https:\/\/www.europesays.com\/fr\/wp-json\/wp\/v2\/comments?post=594538"}],"version-history":[{"count":0,"href":"https:\/\/www.europesays.com\/fr\/wp-json\/wp\/v2\/posts\/594538\/revisions"}],"wp:featuredmedia":[{"embeddable":true,"href":"https:\/\/www.europesays.com\/fr\/wp-json\/wp\/v2\/media\/594539"}],"wp:attachment":[{"href":"https:\/\/www.europesays.com\/fr\/wp-json\/wp\/v2\/media?parent=594538"}],"wp:term":[{"taxonomy":"category","embeddable":true,"href":"https:\/\/www.europesays.com\/fr\/wp-json\/wp\/v2\/categories?post=594538"},{"taxonomy":"post_tag","embeddable":true,"href":"https:\/\/www.europesays.com\/fr\/wp-json\/wp\/v2\/tags?post=594538"}],"curies":[{"name":"wp","href":"https:\/\/api.w.org\/{rel}","templated":true}]}}