{"id":594540,"date":"2025-12-12T08:15:24","date_gmt":"2025-12-12T08:15:24","guid":{"rendered":"https:\/\/www.europesays.com\/fr\/594540\/"},"modified":"2025-12-12T08:15:24","modified_gmt":"2025-12-12T08:15:24","slug":"une-place-gagnee-lol-et-strasbourg-regalent-la-france","status":"publish","type":"post","link":"https:\/\/www.europesays.com\/fr\/594540\/","title":{"rendered":"une place gagn\u00e9e, l&rsquo;OL et Strasbourg r\u00e9galent la France"},"content":{"rendered":"<p>Les victoires de l&rsquo;<a href=\"https:\/\/www.onzemondial.com\/france\/om.html\" target=\"_blank\" rel=\"noopener\">OM<\/a> et de Monaco en Ligue des champions, ainsi que le nul du <a href=\"https:\/\/www.onzemondial.com\/france\/psg.html\" target=\"_blank\" rel=\"noopener\">PSG<\/a> \u00e0 Bilbao avaient commenc\u00e9 \u00e0 dessiner une nouvelle satisfaction dans la course \u00e0 l\u2019indice UEFA. Cela s&rsquo;est confirm\u00e9 hier soir gr\u00e2ce aux performances pr\u00e9cieuses de l\u2019<a href=\"https:\/\/www.onzemondial.com\/france\/ol.html\" target=\"_blank\" rel=\"noopener\">OL<\/a> et de Strasbourg\u00a0: la France a gagn\u00e9 une place au classement, d\u00e9passant Chypre pour s\u2019installer \u00e0 la 7\u1d49 position.<\/p>\n<p>Lors de cette semaine, sur sept rencontres de Coupe d\u2019Europe, les clubs fran\u00e7ais ont enregistr\u00e9 quatre victoires, un nul et deux d\u00e9faites. Si Lille a perdu en Suisse et que Nice a encore chut\u00e9 face \u00e0 Braga, l\u2019OL et Strasbourg ont brill\u00e9. Lyon a parfaitement assur\u00e9 face aux Go Ahead Eagles (2-1), tandis que Strasbourg a su r\u00e9sister \u00e0 Aberdeen (1-0), prenant ainsi la t\u00eate de la Ligue Europa et de la Conf\u00e9rence Ligue. Des succ\u00e8s cruciaux non seulement pour le coefficient UEFA, qui d\u00e9termine le nombre de places fran\u00e7aises dans les comp\u00e9titions europ\u00e9ennes.<\/p>\n<p>A lire aussi :L&rsquo;Allemagne est encore loin pour la Ligue 1<\/p>\n<p>Cette progression est d\u2019autant plus importante que la France se rapproche d\u00e9sormais de la Pologne, avec seulement 0,2 point d\u2019\u00e9cart, et peut r\u00eaver de rattraper d&rsquo;autres nations encore plus cot\u00e9es, le Portugal et l\u2019Espagne. Les prochaines semaines europ\u00e9ennes s&rsquo;annoncent donc d\u00e9terminantes pour les clubs de Ligue 1.<\/p>\n<p>En revanche, la route reste sem\u00e9e d\u2019emb\u00fbches pour une v\u00e9ritable perc\u00e9e dans le classement g\u00e9n\u00e9ral sur cinq saisons. L\u2019Allemagne, avec des formations comme le Bayern Munich, Dortmund, Fribourg ou Stuttgart, continue de dominer, rendant la t\u00e2che complexe pour nos clubs. Il faudra sans aucun doute r\u00e9p\u00e9ter des semaines comme celle-ci pour esp\u00e9rer r\u00e9duire le foss\u00e9 qui s\u00e9pare la France des tr\u00e8s grosses nations europ\u00e9ennes.<\/p>\n<p>   Partagez cette info avec vos amis et vos proches en cliquant ici<br \/> Pour r\u00e9sumer<\/p>\n<p>L\u2019OL et Strasbourg ont brill\u00e9 en Europe, permettant \u00e0 la France de gagner une place \u00e0 l\u2019indice UEFA, d\u00e9sormais 7\u1d49. Sur sept matchs, quatre victoires, un nul et deux d\u00e9faites soulignent la mont\u00e9e en puissance des clubs fran\u00e7ais, qui se rapprochent de la Pologne et r\u00eavent de rattraper Portugal et Espagne.<\/p>\n<p>R\u00e9dacteur<\/p>\n<p><img decoding=\"async\" width=\"76\" height=\"76\" loading=\"lazy\" src=\"https:\/\/www.europesays.com\/fr\/wp-content\/uploads\/2025\/04\/logo-julien-pedebos.jpg\" alt=\"Julien P\u00e9debos\"\/><\/p>\n","protected":false},"excerpt":{"rendered":"Les victoires de l&rsquo;OM et de Monaco en Ligue des champions, ainsi que le nul du PSG \u00e0&hellip;\n","protected":false},"author":2,"featured_media":594541,"comment_status":"","ping_status":"","sticky":false,"template":"","format":"standard","meta":{"footnotes":""},"categories":[2820],"tags":[1111,11,1777,674,1011,27,775,66,447,5843,12,241,149,93,25,640],"class_list":{"0":"post-594540","1":"post","2":"type-post","3":"status-publish","4":"format-standard","5":"has-post-thumbnail","7":"category-strasbourg","8":"tag-actu","9":"tag-actualites","10":"tag-eu","11":"tag-europe","12":"tag-fr","13":"tag-france","14":"tag-grand-est","15":"tag-ligue-1","16":"tag-ligue-des-champions","17":"tag-ligue-europa","18":"tag-news","19":"tag-ol","20":"tag-om","21":"tag-psg","22":"tag-republique-francaise","23":"tag-strasbourg"},"share_on_mastodon":{"url":"https:\/\/pubeurope.com\/@fr\/115705606260784509","error":""},"_links":{"self":[{"href":"https:\/\/www.europesays.com\/fr\/wp-json\/wp\/v2\/posts\/594540","targetHints":{"allow":["GET"]}}],"collection":[{"href":"https:\/\/www.europesays.com\/fr\/wp-json\/wp\/v2\/posts"}],"about":[{"href":"https:\/\/www.europesays.com\/fr\/wp-json\/wp\/v2\/types\/post"}],"author":[{"embeddable":true,"href":"https:\/\/www.europesays.com\/fr\/wp-json\/wp\/v2\/users\/2"}],"replies":[{"embeddable":true,"href":"https:\/\/www.europesays.com\/fr\/wp-json\/wp\/v2\/comments?post=594540"}],"version-history":[{"count":0,"href":"https:\/\/www.europesays.com\/fr\/wp-json\/wp\/v2\/posts\/594540\/revisions"}],"wp:featuredmedia":[{"embeddable":true,"href":"https:\/\/www.europesays.com\/fr\/wp-json\/wp\/v2\/media\/594541"}],"wp:attachment":[{"href":"https:\/\/www.europesays.com\/fr\/wp-json\/wp\/v2\/media?parent=594540"}],"wp:term":[{"taxonomy":"category","embeddable":true,"href":"https:\/\/www.europesays.com\/fr\/wp-json\/wp\/v2\/categories?post=594540"},{"taxonomy":"post_tag","embeddable":true,"href":"https:\/\/www.europesays.com\/fr\/wp-json\/wp\/v2\/tags?post=594540"}],"curies":[{"name":"wp","href":"https:\/\/api.w.org\/{rel}","templated":true}]}}