{"id":594542,"date":"2025-12-12T08:16:30","date_gmt":"2025-12-12T08:16:30","guid":{"rendered":"https:\/\/www.europesays.com\/fr\/594542\/"},"modified":"2025-12-12T08:16:30","modified_gmt":"2025-12-12T08:16:30","slug":"deux-hommes-condamnes-a-de-multiples-reprises-repartent-en-prison-apres-un-cambriolage-a-nice","status":"publish","type":"post","link":"https:\/\/www.europesays.com\/fr\/594542\/","title":{"rendered":"Deux hommes condamn\u00e9s \u00e0 de multiples reprises repartent en prison apr\u00e8s un cambriolage \u00e0 Nice"},"content":{"rendered":"<p class=\"fs-5 \">\u00ab Pardonnez-moi, Mme la pr\u00e9sidente, mais si je vais commettre un cambriolage, je n\u2019y vais pas avec mon t\u00e9l\u00e9phone et ma voiture ! Je sais comment \u00e7a se passe&#8230; \u00bb<\/p>\n<p class=\"fs-5 \">De fait, Sofiane Bel conna\u00eet la musique judiciaire.<\/p>\n<p class=\"fs-5 \">Avant cette audience, il compte d\u00e9j\u00e0 treize condamnations, dont <a href=\"https:\/\/www.nicematin.com\/societe\/justice\/assises-voleurs-violents-chez-des-retraites-a-nice-387830\" target=\"_blank\" rel=\"noopener\">une peine de 10 ans de r\u00e9clusion aux assises pour un home-jacking<\/a> commis en 2015, \u00e0 Nice, chez un couple de retrait\u00e9s sur la promenade des Anglais.<\/p>\n<p class=\"fs-5 \">Sofiane Bel, 46 ans, <a href=\"https:\/\/www.nicematin.com\/societe\/justice\/condamne-pour-un-vol-a-main-armee-il-rechute-trois-ans-apres-sa-sortie-de-prison-894459\" target=\"_blank\" rel=\"noopener\">avait \u00e9t\u00e9 rattrap\u00e9 d\u00e8s sa sortie de prison pour un vol de colis \u00e0 Beausoleil<\/a>.<\/p>\n<p>        <img src=\"https:\/\/www.europesays.com\/fr\/wp-content\/uploads\/2025\/12\/07587e0_upload-1-jue8nsrgfave-vignette-gym-tonic.jpg\"   loading=\"lazy\" decoding=\"async\" alt=\"Les dealers ne manquent pas d\u2019id\u00e9es pour \u00e9couler leur marchandise.  \" class=\"img-fluid position-absolute w-100 object-fit-cover rounded-2\" width=\"600\" height=\"400\"\/><\/p>\n<p class=\"fs-5 \">Cette fois-ci, il r\u00e9pond d\u2019un cambriolage commis le 18 ao\u00fbt dans un immeuble HLM du quartier Saint-Roch.<\/p>\n<p class=\"fs-5 \">Pr\u00e9sent \u00e0 ses c\u00f4t\u00e9s dans le box, ce mercredi apr\u00e8s-midi \u00e0 Nice, Mohamed Djebari est bien connu de la justice aussi.<\/p>\n<p class=\"fs-5 \">Contrairement \u00e0 Sofiane Bel, il ne s\u2019est pas content\u00e9 de rester en bas de l\u2019immeuble. Il est rentr\u00e9 dans l\u2019appartement cambriol\u00e9.<\/p>\n<p class=\"fs-5 \">\u00ab Je pensais que c\u2019\u00e9tait un squat, plaide-t-il. Je n\u2019aurais pas d\u00fb rentrer. Ma curiosit\u00e9 m\u2019a fait rentrer. \u00bb<\/p>\n<p>                                                                                Un casier judiciaire lourd \u00e0 porter<\/p>\n<p class=\"fs-5 \">Pour autant, l\u2019un et l\u2019autre contestent avoir emport\u00e9 quoi que ce soit.<\/p>\n<p class=\"fs-5 \">Sacs de luxe, lunettes de marque&#8230; La propri\u00e9taire de l\u2019appartement cambriol\u00e9 estime son pr\u00e9judice \u00e0 5.000 euros.<\/p>\n<p class=\"fs-5 \">\u00ab Avec ce cambriolage, ce n\u2019est pas seulement une porte qui a \u00e9t\u00e9 fractur\u00e9e, mais le sentiment de s\u00e9curit\u00e9 que l\u2019on a chez soi \u00bb, souligne Me Dalida Chabri pour la partie civile.<\/p>\n<p class=\"fs-5 \">La police a interpell\u00e9 les deux suspects \u00e0 leur domicile, fin septembre.<\/p>\n<p class=\"fs-5 \">Mais leurs avocates respectives tentent de semer le doute sur leur culpabilit\u00e9.<\/p>\n<p class=\"fs-5 \">Me Julie Boano fustige \u00ab une enqu\u00eate men\u00e9e de mani\u00e8re extr\u00eamement sommaire \u00bb. <\/p>\n<p class=\"fs-5 \">Me Audrey Vazzana plaide \u00e9galement la relaxe pour Sofiane Bel, quoi que dise son casier judiciaire.<\/p>\n<p class=\"fs-5 \">Ce pass\u00e9 p\u00e8se n\u00e9anmoins lourd. Le tribunal, pr\u00e9sid\u00e9 par Agn\u00e8s Vadrot, suit les r\u00e9quisitions du procureur Ludovic Manteufel ; il condamne les deux pr\u00e9venus \u00e0 deux ans de prison ferme, avec mandat de d\u00e9p\u00f4t.<\/p>\n","protected":false},"excerpt":{"rendered":"\u00ab Pardonnez-moi, Mme la pr\u00e9sidente, mais si je vais commettre un cambriolage, je n\u2019y vais pas avec mon&hellip;\n","protected":false},"author":2,"featured_media":594543,"comment_status":"","ping_status":"","sticky":false,"template":"","format":"standard","meta":{"footnotes":""},"categories":[2819],"tags":[1111,11,1777,674,1011,27,12,2401,882,25],"class_list":{"0":"post-594542","1":"post","2":"type-post","3":"status-publish","4":"format-standard","5":"has-post-thumbnail","7":"category-nice","8":"tag-actu","9":"tag-actualites","10":"tag-eu","11":"tag-europe","12":"tag-fr","13":"tag-france","14":"tag-news","15":"tag-nice","16":"tag-provence-alpes-cote-dazur","17":"tag-republique-francaise"},"share_on_mastodon":{"url":"https:\/\/pubeurope.com\/@fr\/115705609749511808","error":""},"_links":{"self":[{"href":"https:\/\/www.europesays.com\/fr\/wp-json\/wp\/v2\/posts\/594542","targetHints":{"allow":["GET"]}}],"collection":[{"href":"https:\/\/www.europesays.com\/fr\/wp-json\/wp\/v2\/posts"}],"about":[{"href":"https:\/\/www.europesays.com\/fr\/wp-json\/wp\/v2\/types\/post"}],"author":[{"embeddable":true,"href":"https:\/\/www.europesays.com\/fr\/wp-json\/wp\/v2\/users\/2"}],"replies":[{"embeddable":true,"href":"https:\/\/www.europesays.com\/fr\/wp-json\/wp\/v2\/comments?post=594542"}],"version-history":[{"count":0,"href":"https:\/\/www.europesays.com\/fr\/wp-json\/wp\/v2\/posts\/594542\/revisions"}],"wp:featuredmedia":[{"embeddable":true,"href":"https:\/\/www.europesays.com\/fr\/wp-json\/wp\/v2\/media\/594543"}],"wp:attachment":[{"href":"https:\/\/www.europesays.com\/fr\/wp-json\/wp\/v2\/media?parent=594542"}],"wp:term":[{"taxonomy":"category","embeddable":true,"href":"https:\/\/www.europesays.com\/fr\/wp-json\/wp\/v2\/categories?post=594542"},{"taxonomy":"post_tag","embeddable":true,"href":"https:\/\/www.europesays.com\/fr\/wp-json\/wp\/v2\/tags?post=594542"}],"curies":[{"name":"wp","href":"https:\/\/api.w.org\/{rel}","templated":true}]}}