{"id":594545,"date":"2025-12-12T08:18:19","date_gmt":"2025-12-12T08:18:19","guid":{"rendered":"https:\/\/www.europesays.com\/fr\/594545\/"},"modified":"2025-12-12T08:18:19","modified_gmt":"2025-12-12T08:18:19","slug":"a-nantes-l214-prepare-une-action-devant-un-magasin-carrefour","status":"publish","type":"post","link":"https:\/\/www.europesays.com\/fr\/594545\/","title":{"rendered":"\u00e0 Nantes, L214 pr\u00e9pare une action devant un magasin Carrefour"},"content":{"rendered":"<p>                    Par<br \/>\n        <strong><br \/>\n            <a href=\"https:\/\/actu.fr\/auteur\/laure-gentil\" title=\"Consulter tous les articles de Laure Gentil\" target=\"_blank\" rel=\"noopener\">Laure Gentil<\/a><br \/>\n                    <\/strong><\/p>\n<p>        Publi\u00e9 le<\/p>\n<p>            12 d\u00e9c. 2025 \u00e0 7h06        <\/p>\n<p>L\u2019association de d\u00e9fense animale, <b>L214<\/b>, va \u00e0 nouveau organiser une manifestation \u00e0 <b>Nantes<\/b>, ce samedi 13\u00a0d\u00e9cembre. \u00ab\u2009\u00c0 l\u2019occasion des f\u00eates, L214 demande un cadeau \u00e0 <b>Carrefour\u2009<\/b>: r\u00e9duire de moiti\u00e9 le nombre d\u2019animaux tu\u00e9s pour fournir l\u2019enseigne\u2009\u00bb, est-il indiqu\u00e9 dans leur communiqu\u00e9. L\u2019op\u00e9ration doit aussi se d\u00e9rouler dans<b> 36 autres villes.<\/b><\/p>\n<p>10\u00a0millions de confettis<\/p>\n<p class=\" wall-content\">L214 manifestera devant le\u00a0Carrefour Market \u00e0 Feydeau de 15 h \u00e0 16 h 30. Les b\u00e9n\u00e9voles porteront des bonnets de No\u00ebl et d\u00e9ploieront une banderole portant leur message pour les f\u00eates :\u2009\u00ab Le seul cadeau qu\u2019on veut\u2009: -50\u2009% d\u2019animaux tu\u00e9s\u00bb.<\/p>\n<p class=\" wall-content\">L\u2019asso souhaite \u00ab\u2009informer la client\u00e8le de Carrefour que <b>plus de 10\u00a0millions d\u2019animaux sont tu\u00e9s chaque mois pour l\u2019enseigne<\/b>\u2009: un nombre effarant, qu\u2019il n\u2019est possible d\u2019atteindre qu\u2019avec un recours massif \u00e0 l\u2019\u00e9levage intensif \u00bb.<\/p>\n<p class=\" wall-content\">Pour repr\u00e9senter ce chiffre, L214 va mettre \u00e0 disposition du public \u00ab<b>\u2009plus de 10\u00a0millions de confettis<\/b>, destin\u00e9s \u00e0 \u00eatre saupoudr\u00e9s dans les rayons des magasins Carrefour \u00bb. Les b\u00e9n\u00e9voles distribueront des enveloppes dans lesquelles les confettis auront \u00e9t\u00e9 mis.<\/p>\n<blockquote class=\"ac-article-quote wall-content\">\n<p>Illustr\u00e9es de flocons, de cadeaux, mais aussi de cochons ou d\u2019oies, ces d\u00e9corations de No\u00ebl militantes appellent Carrefour \u00e0 r\u00e9duire le nombre d\u2019animaux abattus pour ses rayons.<\/p>\n<p>L214<\/p><\/blockquote>\n<p class=\" wall-content\"><a href=\"https:\/\/url.de.m.mimecastprotect.com\/s\/ITBwCpZNLDsG2Xv6FDhnFGmYfI?domain=u11714644.ct.sendgrid.net\" target=\"_blank\" rel=\"noopener\">Une p\u00e9tition a, de plus, \u00e9t\u00e9 lanc\u00e9e.<\/a><\/p>\n<p class=\" wall-content\">Personnalisez votre actualit\u00e9 en ajoutant vos villes et m\u00e9dias en favori avec <a href=\"https:\/\/moncompte.actu.fr\" title=\"D\u00e9couvez Mon Actu\" rel=\"nofollow noopener\" data-trk=\"{&quot;cta&quot;:{&quot;action&quot;:&quot;https:\\\/\\\/moncompte.actu.fr&quot;,&quot;category&quot;:&quot;mon compte&quot;,&quot;from&quot;:&quot;article footer&quot;,&quot;name&quot;:&quot;Mon actu&quot;,&quot;type&quot;:&quot;cta&quot;}}\" target=\"_blank\">Mon Actu<\/a>.<\/p>\n","protected":false},"excerpt":{"rendered":"Par Laure Gentil Publi\u00e9 le 12 d\u00e9c. 2025 \u00e0 7h06 L\u2019association de d\u00e9fense animale, L214, va \u00e0 nouveau&hellip;\n","protected":false},"author":2,"featured_media":594546,"comment_status":"","ping_status":"","sticky":false,"template":"","format":"standard","meta":{"footnotes":""},"categories":[2818],"tags":[1111,11,1867,4304,1777,674,1011,27,766,12,2636,25,104],"class_list":{"0":"post-594545","1":"post","2":"type-post","3":"status-publish","4":"format-standard","5":"has-post-thumbnail","7":"category-nantes","8":"tag-actu","9":"tag-actualites","10":"tag-animaux","11":"tag-carrefour","12":"tag-eu","13":"tag-europe","14":"tag-fr","15":"tag-france","16":"tag-nantes","17":"tag-news","18":"tag-pays-de-la-loire","19":"tag-republique-francaise","20":"tag-societe"},"share_on_mastodon":{"url":"https:\/\/pubeurope.com\/@fr\/115705617804019921","error":""},"_links":{"self":[{"href":"https:\/\/www.europesays.com\/fr\/wp-json\/wp\/v2\/posts\/594545","targetHints":{"allow":["GET"]}}],"collection":[{"href":"https:\/\/www.europesays.com\/fr\/wp-json\/wp\/v2\/posts"}],"about":[{"href":"https:\/\/www.europesays.com\/fr\/wp-json\/wp\/v2\/types\/post"}],"author":[{"embeddable":true,"href":"https:\/\/www.europesays.com\/fr\/wp-json\/wp\/v2\/users\/2"}],"replies":[{"embeddable":true,"href":"https:\/\/www.europesays.com\/fr\/wp-json\/wp\/v2\/comments?post=594545"}],"version-history":[{"count":0,"href":"https:\/\/www.europesays.com\/fr\/wp-json\/wp\/v2\/posts\/594545\/revisions"}],"wp:featuredmedia":[{"embeddable":true,"href":"https:\/\/www.europesays.com\/fr\/wp-json\/wp\/v2\/media\/594546"}],"wp:attachment":[{"href":"https:\/\/www.europesays.com\/fr\/wp-json\/wp\/v2\/media?parent=594545"}],"wp:term":[{"taxonomy":"category","embeddable":true,"href":"https:\/\/www.europesays.com\/fr\/wp-json\/wp\/v2\/categories?post=594545"},{"taxonomy":"post_tag","embeddable":true,"href":"https:\/\/www.europesays.com\/fr\/wp-json\/wp\/v2\/tags?post=594545"}],"curies":[{"name":"wp","href":"https:\/\/api.w.org\/{rel}","templated":true}]}}