{"id":594551,"date":"2025-12-12T08:22:13","date_gmt":"2025-12-12T08:22:13","guid":{"rendered":"https:\/\/www.europesays.com\/fr\/594551\/"},"modified":"2025-12-12T08:22:13","modified_gmt":"2025-12-12T08:22:13","slug":"girondins-lattaquant-pierre-bertrand-arne-va-signer-a-bordeaux-au-mercato","status":"publish","type":"post","link":"https:\/\/www.europesays.com\/fr\/594551\/","title":{"rendered":"Girondins : l&rsquo;attaquant Pierre-Bertrand Arn\u00e9 va signer \u00e0 Bordeaux au mercato"},"content":{"rendered":"<p><img decoding=\"async\" src=\"https:\/\/www.europesays.com\/fr\/wp-content\/uploads\/2025\/08\/671_54ca3d4c11a4386b3668f615df06b2f5.jpg\" alt=\"Girondins : l'attaquant Pierre-Bertrand Arn\u00e9 va signer \u00e0 Bordeaux au mercato\" class=\"img-responsive mt-3\"\/><\/p>\n<p class=\"text-center mb-3\" style=\"font-size: 14px\">\u00a9 Iconsport<\/p>\n<p>      <strong>Mercato des Girondins : Pierre Bertrand Arn\u00e9 attendu au Haillan<\/strong><\/p>\n<p style=\"text-align: justify;\">Le natif de Saint-Martin (25 ans, 1,89m) est attendu \u00e0 Bordeaux ce lundi pour s&rsquo;engager avec les Girondins de Bordeaux selon WebGirondins. C&rsquo;est un joueur de c\u00f4t\u00e9 capable de jouer aussi attaquant central, c&rsquo;est un droitier. Il a beaucoup jou\u00e9 \u00e0 gauche.<\/p>\n<p style=\"text-align: justify;\">Cette saison avec le FC Chauray en National 2, il a marqu\u00e9 deux buts et d\u00e9livr\u00e9 deux passes d\u00e9cisives. Il a jou\u00e9 les 12 rencontres de la saison, c&rsquo;est un titulaire.<\/p>\n<p style=\"text-align: justify;\">Il vient renforcer l&rsquo;attaque des Girondins pour aider Bordeaux et apporter une solution au poste d&rsquo;attaquant central ou d&rsquo;ailier. C&rsquo;est le jou\u00e9 qui a \u00e9volu\u00e9 sur le c\u00f4t\u00e9 gauche avec Chauray. Il aime la profondeur.<\/p>\n<p style=\"text-align: justify;\">Auparavant, il a jou\u00e9 en National 3 \u00e0 Blagnac, Castanet et Ch\u00e2tellerault (102 matchs).<\/p>\n<p style=\"text-align: justify;\">Il est dans le groupe ce soir en championnat, le FC Chauray affronte Angoul\u00eame \u00e0 19h30 pour la 13e journ\u00e9e de National 2.<\/p>\n<p style=\"text-align: justify;\">\u00c0 d\u00e9couvrir : <strong><a href=\"https:\/\/www.webgirondins.com\/actualite-girondins-girondins-royce-openda-on-ne-le-craint-pas-assure-zakaria-tahri-131461\" target=\"_blank\" rel=\"noopener\">Girondins : \u00ab\u00a0Royce Openda ? On ne le craint pas\u00a0\u00bb, assure Zakaria Tahri<\/a><br \/><\/strong><\/p>\n<p style=\"text-align: justify;\">\u00c9coutez dans le podcast court ci-dessous les trois tops de Bordeaux-Dinan en championnat (moins de deux minutes) :<\/p>\n<p>\u00a0<\/p>\n","protected":false},"excerpt":{"rendered":"\u00a9 Iconsport Mercato des Girondins : Pierre Bertrand Arn\u00e9 attendu au Haillan Le natif de Saint-Martin (25 ans,&hellip;\n","protected":false},"author":2,"featured_media":289590,"comment_status":"","ping_status":"","sticky":false,"template":"","format":"standard","meta":{"footnotes":""},"categories":[2817],"tags":[1111,11,70732,9237,13771,3396,22108,1997,22484,1777,674,1011,27,1987,16801,1110,3289,1434,3238,12,2219,22627,11850,17872,25,12779,15298,3975,3974],"class_list":{"0":"post-594551","1":"post","2":"type-post","3":"status-publish","4":"format-standard","5":"has-post-thumbnail","7":"category-bordeaux","8":"tag-actu","9":"tag-actualites","10":"tag-arne","11":"tag-arrivee","12":"tag-attaquant","13":"tag-avec","14":"tag-bertrand","15":"tag-bordeaux","16":"tag-chauray","17":"tag-eu","18":"tag-europe","19":"tag-fr","20":"tag-france","21":"tag-girondins","22":"tag-imminente","23":"tag-informations","24":"tag-leur","25":"tag-mercato","26":"tag-national","27":"tag-news","28":"tag-nouvelle-aquitaine","29":"tag-offensif","30":"tag-pierre","31":"tag-renforcer","32":"tag-republique-francaise","33":"tag-secteur","34":"tag-selon","35":"tag-signer","36":"tag-vont"},"share_on_mastodon":{"url":"https:\/\/pubeurope.com\/@fr\/115705633302994215","error":""},"_links":{"self":[{"href":"https:\/\/www.europesays.com\/fr\/wp-json\/wp\/v2\/posts\/594551","targetHints":{"allow":["GET"]}}],"collection":[{"href":"https:\/\/www.europesays.com\/fr\/wp-json\/wp\/v2\/posts"}],"about":[{"href":"https:\/\/www.europesays.com\/fr\/wp-json\/wp\/v2\/types\/post"}],"author":[{"embeddable":true,"href":"https:\/\/www.europesays.com\/fr\/wp-json\/wp\/v2\/users\/2"}],"replies":[{"embeddable":true,"href":"https:\/\/www.europesays.com\/fr\/wp-json\/wp\/v2\/comments?post=594551"}],"version-history":[{"count":0,"href":"https:\/\/www.europesays.com\/fr\/wp-json\/wp\/v2\/posts\/594551\/revisions"}],"wp:featuredmedia":[{"embeddable":true,"href":"https:\/\/www.europesays.com\/fr\/wp-json\/wp\/v2\/media\/289590"}],"wp:attachment":[{"href":"https:\/\/www.europesays.com\/fr\/wp-json\/wp\/v2\/media?parent=594551"}],"wp:term":[{"taxonomy":"category","embeddable":true,"href":"https:\/\/www.europesays.com\/fr\/wp-json\/wp\/v2\/categories?post=594551"},{"taxonomy":"post_tag","embeddable":true,"href":"https:\/\/www.europesays.com\/fr\/wp-json\/wp\/v2\/tags?post=594551"}],"curies":[{"name":"wp","href":"https:\/\/api.w.org\/{rel}","templated":true}]}}