{"id":594552,"date":"2025-12-12T08:23:16","date_gmt":"2025-12-12T08:23:16","guid":{"rendered":"https:\/\/www.europesays.com\/fr\/594552\/"},"modified":"2025-12-12T08:23:16","modified_gmt":"2025-12-12T08:23:16","slug":"le-feu-est-parti-dune-batterie-de-velo-electrique","status":"publish","type":"post","link":"https:\/\/www.europesays.com\/fr\/594552\/","title":{"rendered":"le feu est parti d&rsquo;une batterie de v\u00e9lo \u00e9lectrique"},"content":{"rendered":"<p>                    Par<br \/>\n        <strong><br \/>\n            <a href=\"https:\/\/actu.fr\/auteur\/mareva-laville-actu-fr\" title=\"Consulter tous les articles de Mar\u00e9va Laville\" target=\"_blank\" rel=\"noopener\">Mar\u00e9va Laville<\/a><br \/>\n                    <\/strong><\/p>\n<p>        Publi\u00e9 le<\/p>\n<p>            12 d\u00e9c. 2025 \u00e0 7h49        <\/p>\n<p><strong>Les sapeurs-pompiers de Haute-Garonne<\/strong> sont \u00e0 nouveau intervenus, cette nuit du vendredi 12\u00a0d\u00e9cembre 2025. Vers 1h du matin, les soldats du feu ont \u00e9t\u00e9 appel\u00e9s pour un incendie survenu dans un appartement situ\u00e9 au rez-de-chauss\u00e9e d\u2019un<strong> immeuble de quatre \u00e9tages,<\/strong> dans le quartier Bellefontaine \u00e0 <a href=\"http:\/\/www.actu.fr\/toulouse\" target=\"_blank\" rel=\"noopener\"><strong>Toulouse<\/strong><\/a>.<\/p>\n<p>    <a href=\"https:\/\/www.google.com\/maps\/embed?pb=!1m18!1m12!1m3!1d2891.087329323712!2d1.3926302766839567!3d43.56306337110659!2m3!1f0!2f0!3f0!3m2!1i1024!2i768!4f13.1!3m3!1m2!1s0x12aeba2f8e3f4d49%3A0x8c8cf243543d007b!2sChem.%20de%20Lestang%2C%2031100%20Toulouse!5e0!3m2!1sfr!2sfr!4v1765520983734!5m2!1sfr!2sfr\" title=\"Ouvrie le lien\" target=\"_blank\" rel=\"noopener\">Cliquez ici pour visualiser le contenu<\/a><\/p>\n<p>La batterie de v\u00e9lo \u00e0 l\u2019origine de l\u2019incendie<\/p>\n<p class=\" wall-content\">\u00ab\u2009A leur arriv\u00e9e, les pompiers ont constat\u00e9 qu\u2019<strong>un feu avait pris sur une batterie de v\u00e9lo<\/strong> <strong>\u00e9lectrique<\/strong>\u2009\u00bb, indique le Sdis 31.<\/p>\n<p class=\" wall-content\">De la batterie de v\u00e9lo, le feu avait commenc\u00e9 \u00e0 se propager dans le logement du chemin de Lestang. Mais il a vite \u00e9t\u00e9 <strong>ma\u00eetris\u00e9 par les habitants<\/strong> de l\u2019appartement avant que les secours arrivent.<\/p>\n<p>Aucune victime \u00e0 d\u00e9plorer<\/p>\n<p class=\" wall-content\"><strong>Le sinistre n\u2019a donc fait aucune victime.<\/strong> Des op\u00e9rations de <strong>d\u00e9senfumage<\/strong> ont d\u00fb \u00eatre men\u00e9es dans l\u2019ensemble des locaux.<\/p>\n<p>Vid\u00e9os : en ce moment sur Actu<\/p>\n<p class=\" wall-content\">\u00ab\u2009Tous les r\u00e9sidents ont pu regagner leurs appartements en toute s\u00e9curit\u00e9\u2009\u00bb, d\u00e9clarent les pompiers, intervenus au nombre de 22 avec six v\u00e9hicules.<\/p>\n<p class=\" wall-content\">Personnalisez votre actualit\u00e9 en ajoutant vos villes et m\u00e9dias en favori avec <a href=\"https:\/\/moncompte.actu.fr\" title=\"D\u00e9couvez Mon Actu\" rel=\"nofollow noopener\" data-trk=\"{&quot;cta&quot;:{&quot;action&quot;:&quot;https:\\\/\\\/moncompte.actu.fr&quot;,&quot;category&quot;:&quot;mon compte&quot;,&quot;from&quot;:&quot;article footer&quot;,&quot;name&quot;:&quot;Mon actu&quot;,&quot;type&quot;:&quot;cta&quot;}}\" target=\"_blank\">Mon Actu<\/a>.<\/p>\n","protected":false},"excerpt":{"rendered":"Par Mar\u00e9va Laville Publi\u00e9 le 12 d\u00e9c. 2025 \u00e0 7h49 Les sapeurs-pompiers de Haute-Garonne sont \u00e0 nouveau intervenus,&hellip;\n","protected":false},"author":2,"featured_media":594553,"comment_status":"","ping_status":"","sticky":false,"template":"","format":"standard","meta":{"footnotes":""},"categories":[2816],"tags":[1111,11,1777,674,118,1011,27,1310,12,2680,1311,25,2312],"class_list":{"0":"post-594552","1":"post","2":"type-post","3":"status-publish","4":"format-standard","5":"has-post-thumbnail","7":"category-toulouse","8":"tag-actu","9":"tag-actualites","10":"tag-eu","11":"tag-europe","12":"tag-faits-divers","13":"tag-fr","14":"tag-france","15":"tag-incendie","16":"tag-news","17":"tag-occitanie","18":"tag-pompiers","19":"tag-republique-francaise","20":"tag-toulouse"},"share_on_mastodon":{"url":"https:\/\/pubeurope.com\/@fr\/115705636866899065","error":""},"_links":{"self":[{"href":"https:\/\/www.europesays.com\/fr\/wp-json\/wp\/v2\/posts\/594552","targetHints":{"allow":["GET"]}}],"collection":[{"href":"https:\/\/www.europesays.com\/fr\/wp-json\/wp\/v2\/posts"}],"about":[{"href":"https:\/\/www.europesays.com\/fr\/wp-json\/wp\/v2\/types\/post"}],"author":[{"embeddable":true,"href":"https:\/\/www.europesays.com\/fr\/wp-json\/wp\/v2\/users\/2"}],"replies":[{"embeddable":true,"href":"https:\/\/www.europesays.com\/fr\/wp-json\/wp\/v2\/comments?post=594552"}],"version-history":[{"count":0,"href":"https:\/\/www.europesays.com\/fr\/wp-json\/wp\/v2\/posts\/594552\/revisions"}],"wp:featuredmedia":[{"embeddable":true,"href":"https:\/\/www.europesays.com\/fr\/wp-json\/wp\/v2\/media\/594553"}],"wp:attachment":[{"href":"https:\/\/www.europesays.com\/fr\/wp-json\/wp\/v2\/media?parent=594552"}],"wp:term":[{"taxonomy":"category","embeddable":true,"href":"https:\/\/www.europesays.com\/fr\/wp-json\/wp\/v2\/categories?post=594552"},{"taxonomy":"post_tag","embeddable":true,"href":"https:\/\/www.europesays.com\/fr\/wp-json\/wp\/v2\/tags?post=594552"}],"curies":[{"name":"wp","href":"https:\/\/api.w.org\/{rel}","templated":true}]}}