{"id":594566,"date":"2025-12-12T08:36:17","date_gmt":"2025-12-12T08:36:17","guid":{"rendered":"https:\/\/www.europesays.com\/fr\/594566\/"},"modified":"2025-12-12T08:36:17","modified_gmt":"2025-12-12T08:36:17","slug":"lutte-contre-le-changement-climatique-lile-de-france-rejoint-le-reseau-international-regions4","status":"publish","type":"post","link":"https:\/\/www.europesays.com\/fr\/594566\/","title":{"rendered":"Lutte contre le changement climatique : L\u2019Ile-de-France rejoint le r\u00e9seau international Regions4"},"content":{"rendered":"<p>            <a href=\"https:\/\/www.europesays.com\/fr\/wp-content\/uploads\/2025\/12\/-dr.jpeg\" data-caption=\"Val\u00e9rie P\u00e9cresse et Natalia Uribe, la secr\u00e9taire g\u00e9n\u00e9rale de Regions4 Sustainable Development, ont sign\u00e9 une d\u00e9claration commune, le 4 d\u00e9cembre \u00e0 Saint-Ouen. \u00a9 DR\"><img loading=\"lazy\" decoding=\"async\" width=\"1100\" height=\"733\" class=\"entry-thumb td-modal-image ewww_webp_lazy_load\" src=\"data:image\/svg+xml,%3Csvg%20xmlns=\" http:=\"\" alt=\"\" title=\"\" data-lazy-src=\"https:\/\/www.europesays.com\/fr\/wp-content\/uploads\/2025\/12\/-dr.jpeg\" data-lazy-src-webp=\"https:\/\/www.europesays.com\/fr\/wp-content\/uploads\/2025\/12\/-dr.jpeg.webp\"\/><\/a>Val\u00e9rie P\u00e9cresse et Natalia Uribe, la secr\u00e9taire g\u00e9n\u00e9rale de Regions4 Sustainable Development, ont sign\u00e9 une d\u00e9claration commune, le 4 d\u00e9cembre \u00e0 Saint-Ouen. \u00a9 DR<\/p>\n<p>Dix ans apr\u00e8s l\u2019Accord de Paris sur le climat, la R\u00e9gion Ile-de-France a officiellement rejoint le r\u00e9seau international <a href=\"https:\/\/regions4.org\/\" target=\"_blank\" rel=\"noopener\">Regions4 Sustainable Development<\/a>. R\u00e9seau qui rassemble plus d\u2019une cinquantaine de gouvernements infra-nationaux, issus de plus de 20 pays sur les cinq continents, pour acc\u00e9l\u00e9rer la lutte contre le changement climatique et pour la protection de la biodiversit\u00e9.<\/p>\n<p>\u00ab Les R\u00e9gions, les gouvernements infra-nationaux et les grandes aires m\u00e9tropolitaines jouent un r\u00f4le d\u00e9terminant dans la r\u00e9ponse aux d\u00e9fis climatiques. Leur action de proximit\u00e9, au plus pr\u00e8s des besoins des populations et des r\u00e9alit\u00e9s territoriales, leur permet d\u2019identifier plus efficacement les leviers d\u2019att\u00e9nuation, d\u2019adaptation et de pr\u00e9servation de la nature \u00bb, estime le Conseil r\u00e9gional d\u2019Ile-de-France qui \u00ab plaide pour que le r\u00f4le des r\u00e9gions soit pleinement reconnu, et que leurs actions soient soutenues et renforc\u00e9es au niveau europ\u00e9en et international \u00bb.<\/p>\n<p><strong>Une station terrestre internationale\u00a0<\/strong><\/p>\n<p>En adh\u00e9rant \u00e0 Regions4, la R\u00e9gion Ile-de-France s\u2019est engag\u00e9e \u00e0 encourager l\u2019ensemble de ses partenaires de coop\u00e9ration internationale \u00e0 rejoindre ce r\u00e9seau, \u00e0 y partager son expertise en mati\u00e8re de politiques publiques climatiques et de pr\u00e9servation de la biodiversit\u00e9 et enfin \u00e0 agir, au sein de Regions4, pour am\u00e9liorer l\u2019acc\u00e8s des r\u00e9gions aux financements priv\u00e9s et publics n\u00e9cessaires \u00e0 l\u2019adaptation au changement climatique.<\/p>\n<p>De son c\u00f4t\u00e9, le r\u00e9seau Regions4 s\u2019est engag\u00e9 \u00e0 int\u00e9grer la R\u00e9gion Ile-de-France dans ses instances de gouvernance et dans ses plateformes d\u2019\u00e9changes, \u00e0 valoriser son expertise et son \u201cleadership\u201d dans les processus internationaux, et \u00e0 faciliter son acc\u00e8s aux initiatives collectives du r\u00e9seau en mati\u00e8re de coop\u00e9ration technique, de d\u00e9veloppement de capacit\u00e9s ou encore de visibilit\u00e9 internationale au service du d\u00e9veloppement durable.<\/p>\n<p>Val\u00e9rie P\u00e9cresse, la pr\u00e9sidente (LR) de l\u2019Ile-de-France, d\u00e9fend, en outre, l\u2019entr\u00e9e dans \u00ab une \u00e8re de la coop\u00e9ration climatique permanente \u00bb, appelant pour ce faire \u00e0 la cr\u00e9ation d\u2019une Station Terrestre Internationale d\u00e9di\u00e9e. Un lieu o\u00f9 une d\u00e9l\u00e9gation de scientifiques, de diplomates et d\u2019\u00e9conomistes coop\u00e9reraient \u00ab afin de surmonter les divisions en cr\u00e9ant les conditions d\u2019acceptabilit\u00e9 pour tous \u00bb. \u00ab Nous avons construit une station dans le vide sid\u00e9ral. Il est peut-\u00eatre temps d\u2019en construire une sur Terre. Car, aujourd\u2019hui, il n\u2019y a pas que l\u2019espace et son habitabilit\u00e9 que nous devons explorer. Mais aussi l\u2019habitabilit\u00e9 de la Terre que nous devons reconqu\u00e9rir \u00bb, d\u00e9clare l\u2019\u00e9lue convaincue que \u00ab l\u2019humanit\u00e9 ne n\u00e9gocie bien que lorsqu\u2019elle se met \u00e0 l\u2019abri du monde \u00bb.<\/p>\n<p>\n            [auto_promo_mpl_cutom url=\u00a0\u00bbhttps:\/\/mapresselocale.fr\/titres\/l-echo-d-ile-de-france\u00a0\u00bb]        <\/p>\n","protected":false},"excerpt":{"rendered":"Val\u00e9rie P\u00e9cresse et Natalia Uribe, la secr\u00e9taire g\u00e9n\u00e9rale de Regions4 Sustainable Development, ont sign\u00e9 une d\u00e9claration commune, le&hellip;\n","protected":false},"author":2,"featured_media":594567,"comment_status":"","ping_status":"","sticky":false,"template":"","format":"standard","meta":{"footnotes":""},"categories":[1592],"tags":[70734,1111,11,20741,436,1777,674,1011,27,662,42756,12,626,70735,70736,70737,25,70738,70739],"class_list":{"0":"post-594566","1":"post","2":"type-post","3":"status-publish","4":"format-standard","5":"has-post-thumbnail","7":"category-ile-de-france","8":"tag-accord-de-paris-sur-le-climat","9":"tag-actu","10":"tag-actualites","11":"tag-conseil-ru00e9gional","12":"tag-environnement","13":"tag-eu","14":"tag-europe","15":"tag-fr","16":"tag-france","17":"tag-ile-de-france","18":"tag-lutte-contre-le-changement-climatique","19":"tag-news","20":"tag-paris","21":"tag-protection-de-la-biodiversitu00e9","22":"tag-regions4","23":"tag-regions4-sustainable-development","24":"tag-republique-francaise","25":"tag-ru00e9seau-international","26":"tag-station-terrestre-internationale"},"share_on_mastodon":{"url":"https:\/\/pubeurope.com\/@fr\/115705687824555883","error":""},"_links":{"self":[{"href":"https:\/\/www.europesays.com\/fr\/wp-json\/wp\/v2\/posts\/594566","targetHints":{"allow":["GET"]}}],"collection":[{"href":"https:\/\/www.europesays.com\/fr\/wp-json\/wp\/v2\/posts"}],"about":[{"href":"https:\/\/www.europesays.com\/fr\/wp-json\/wp\/v2\/types\/post"}],"author":[{"embeddable":true,"href":"https:\/\/www.europesays.com\/fr\/wp-json\/wp\/v2\/users\/2"}],"replies":[{"embeddable":true,"href":"https:\/\/www.europesays.com\/fr\/wp-json\/wp\/v2\/comments?post=594566"}],"version-history":[{"count":0,"href":"https:\/\/www.europesays.com\/fr\/wp-json\/wp\/v2\/posts\/594566\/revisions"}],"wp:featuredmedia":[{"embeddable":true,"href":"https:\/\/www.europesays.com\/fr\/wp-json\/wp\/v2\/media\/594567"}],"wp:attachment":[{"href":"https:\/\/www.europesays.com\/fr\/wp-json\/wp\/v2\/media?parent=594566"}],"wp:term":[{"taxonomy":"category","embeddable":true,"href":"https:\/\/www.europesays.com\/fr\/wp-json\/wp\/v2\/categories?post=594566"},{"taxonomy":"post_tag","embeddable":true,"href":"https:\/\/www.europesays.com\/fr\/wp-json\/wp\/v2\/tags?post=594566"}],"curies":[{"name":"wp","href":"https:\/\/api.w.org\/{rel}","templated":true}]}}